{"id":398830,"date":"2025-09-18T01:48:12","date_gmt":"2025-09-18T01:48:12","guid":{"rendered":"https:\/\/www.europesays.com\/fr\/398830\/"},"modified":"2025-09-18T01:48:12","modified_gmt":"2025-09-18T01:48:12","slug":"trois-policiers-tues-deux-grievement-blesses-par-un-tireur","status":"publish","type":"post","link":"https:\/\/www.europesays.com\/fr\/398830\/","title":{"rendered":"trois policiers tu\u00e9s, deux gri\u00e8vement bless\u00e9s par un tireur"},"content":{"rendered":"<p>Trois agents des forces de l\u2019ordre ont perdu la vie et deux autres ont \u00e9t\u00e9 gri\u00e8vement bless\u00e9s mercredi \u00e0 Codorus, en Pennsylvanie.<\/p>\n<p class=\"fig-paragraph\">Nouvelle\u00a0<a href=\"https:\/\/www.lefigaro.fr\/tag\/fusillade\" target=\"_blank\" rel=\"sponsored noopener\" data-gtm-custom-categorie=\"navigation\" data-gtm-custom-action=\"crossclick\" data-gtm-custom-label=\"Contextuel\" data-gtm-event=\"customEventSPE\">fusillade<\/a>\u00a0meurtri\u00e8re aux \u00c9tats-Unis. Un tireur a ouvert le feu mercredi en Pennsylvanie sur cinq policiers, en tuant trois et en blessant deux gri\u00e8vement, a annonc\u00e9 le chef de la police de cet \u00c9tat de l\u2019est des \u00c9tats-Unis.<\/p>\n<p class=\"fig-paragraph\">\u00abCinq agents des forces de l\u2019ordre ont \u00e9t\u00e9 touch\u00e9s par des tirs aujourd\u2019hui, dont trois mortellement\u00bb, a d\u00e9clar\u00e9 le commissaire Christopher Paris lors d\u2019une conf\u00e9rence de presse retransmise \u00e0 la t\u00e9l\u00e9vision. Il a pr\u00e9cis\u00e9 que les deux autres policiers avaient \u00e9t\u00e9 bless\u00e9s et transport\u00e9s \u00e0 l\u2019h\u00f4pital dans un \u00ab\u00e9tat critique mais stable\u00bb.<\/p>\n<p>                                    <a class=\"fig-a11y-skip a11y-hidden\" href=\"#fig-a11y-skip-main-inarticle\"><br \/>\n        Passer la publicit\u00e9<br \/>\n    <\/a><\/p>\n<p class=\"fig-paragraph\">Le tireur a \u00e9t\u00e9 atteint par des tirs de policiers et est \u00e9galement d\u00e9c\u00e9d\u00e9, a-t-il ajout\u00e9.<\/p>\n<p>\u00abJourn\u00e9e tragique et bouleversante\u00bb<\/p>\n<p class=\"fig-paragraph\">Les faits se sont d\u00e9roul\u00e9s mercredi apr\u00e8s-midi dans la commune de Codorus, dans le comt\u00e9 de York, \u00e0 environ 185 km \u00e0 l\u2019ouest de Philadelphie. Les policiers intervenaient dans le cadre d\u2019une enqu\u00eate pour des violences domestiques lorsqu\u2019ils ont \u00e9t\u00e9 pris pour cible par des tirs.<\/p>\n<p class=\"fig-paragraph\">\u00c9galement pr\u00e9sent lors de la conf\u00e9rence de presse, le gouverneur de Pennsylvanie Josh Shapiro a d\u00e9plor\u00e9 \u00abune journ\u00e9e absolument tragique et bouleversante pour le comt\u00e9 de York et pour l\u2019ensemble de la Pennsylvanie\u00bb.<\/p>\n","protected":false},"excerpt":{"rendered":"Trois agents des forces de l\u2019ordre ont perdu la vie et deux autres ont \u00e9t\u00e9 gri\u00e8vement bless\u00e9s mercredi&hellip;\n","protected":false},"author":2,"featured_media":398831,"comment_status":"","ping_status":"","sticky":false,"template":"","format":"standard","meta":{"footnotes":""},"categories":[5],"tags":[11,73,1011,27,3832,14,12,28],"class_list":{"0":"post-398830","1":"post","2":"type-post","3":"status-publish","4":"format-standard","5":"has-post-thumbnail","7":"category-international","8":"tag-actualites","9":"tag-etats-unis","10":"tag-fr","11":"tag-france","12":"tag-fusillade","13":"tag-international","14":"tag-news","15":"tag-world"},"share_on_mastodon":{"url":"https:\/\/pubeurope.com\/@fr\/115222787123958237","error":""},"_links":{"self":[{"href":"https:\/\/www.europesays.com\/fr\/wp-json\/wp\/v2\/posts\/398830","targetHints":{"allow":["GET"]}}],"collection":[{"href":"https:\/\/www.europesays.com\/fr\/wp-json\/wp\/v2\/posts"}],"about":[{"href":"https:\/\/www.europesays.com\/fr\/wp-json\/wp\/v2\/types\/post"}],"author":[{"embeddable":true,"href":"https:\/\/www.europesays.com\/fr\/wp-json\/wp\/v2\/users\/2"}],"replies":[{"embeddable":true,"href":"https:\/\/www.europesays.com\/fr\/wp-json\/wp\/v2\/comments?post=398830"}],"version-history":[{"count":0,"href":"https:\/\/www.europesays.com\/fr\/wp-json\/wp\/v2\/posts\/398830\/revisions"}],"wp:featuredmedia":[{"embeddable":true,"href":"https:\/\/www.europesays.com\/fr\/wp-json\/wp\/v2\/media\/398831"}],"wp:attachment":[{"href":"https:\/\/www.europesays.com\/fr\/wp-json\/wp\/v2\/media?parent=398830"}],"wp:term":[{"taxonomy":"category","embeddable":true,"href":"https:\/\/www.europesays.com\/fr\/wp-json\/wp\/v2\/categories?post=398830"},{"taxonomy":"post_tag","embeddable":true,"href":"https:\/\/www.europesays.com\/fr\/wp-json\/wp\/v2\/tags?post=398830"}],"curies":[{"name":"wp","href":"https:\/\/api.w.org\/{rel}","templated":true}]}}