{"id":398911,"date":"2025-09-18T02:38:16","date_gmt":"2025-09-18T02:38:16","guid":{"rendered":"https:\/\/www.europesays.com\/fr\/398911\/"},"modified":"2025-09-18T02:38:16","modified_gmt":"2025-09-18T02:38:16","slug":"sanctions-contre-israel-le-voeu-pieux-de-lue-liberation","status":"publish","type":"post","link":"https:\/\/www.europesays.com\/fr\/398911\/","title":{"rendered":"Sanctions contre Isra\u00ebl : le v\u0153u pieux de l\u2019UE &#8211; Lib\u00e9ration"},"content":{"rendered":"<ol>\n<li><a href=\"https:\/\/news.google.com\/rss\/articles\/CBMixwFBVV95cUxPTGhaVXI5LVY0UnE3a1hQLUtvd0pmbFh1TXJGdG52b29VT3U3bm1LZ0pGV2REMXdBSjdRUGZUVUpuS1dhTXZlTVltejRabGRfV25tRzlrZlBLd2tXRm43b3d2VWpucjdCMTlSVFhqOHJtZ0s3ZXBCbS14UllXQVRvSjZnRUtWNmxFaEZNNDRIZHNYcWtwcXNBM09oVjg5bHdQNTNNRjlmLUR0M2g1d3cySmlNM2hhMTlMaDFVbDRWTGczNFozVU5Z?oc=5\" target=\"_blank\" rel=\"noopener\">Sanctions contre Isra\u00ebl : le v\u0153u pieux de l\u2019UE<\/a>&nbsp;&nbsp;Lib\u00e9ration<\/li>\n<li><a href=\"https:\/\/news.google.com\/rss\/articles\/CBMiigJBVV95cUxQZVhnQlNkbEJRbU51ZlpMOTUtTE5tU19TZENFTGZsMkpMd251dmNCT1FUTUp5X3VFOVZTRzg3T252YWctUWtac2Y3ejVOZEJSZUc3VGdvTnR3Qy1yN0p2dFpvZ0xCQVotZklTYU4yeXh1ZnJ5NmdCUWpEOXJTNkVDUUt4SmF2X2RTTExTX2s0RERCOVQ0YUI1Xzh6Y1B6S1IxRmd3UHA0R1Q5WmtDVzNRc2tIcmRjOVFXRVVCNmt6WlAxcU9mYUFlcVVKU0FoS0s3dFhISURnVkhFejZNbG9FWk5mM1IyMkJZTFFaM2V3V0E2TUZ3QVhNck5heGhMWmRnY0FkbDNQOVVNUQ?oc=5\" target=\"_blank\" rel=\"noopener\">Une premi\u00e8re dans l&rsquo;histoire de l&rsquo;UE: Bruxelles amorce un virage majeur vis-\u00e0-vis d&rsquo;Isra\u00ebl et ouvre la voie \u00e0 des sanctions \u00e9conomiques contre le pays<\/a>&nbsp;&nbsp;BFMTV<\/li>\n<li><a href=\"https:\/\/news.google.com\/rss\/articles\/CBMi5AFBVV95cUxPcnphUmZnaTYzNWJUbnpCSkcwd1pXeXhMOGYxZkxqQmFCRERCQ3JLaWE3ZG9nTGNQNHhZVHJldk8wVjRYZjM5VUZjZHczZlNpYzczQzUwTlBMejRsNlh6TFI0bXlCcVF5SHlleEItNkpYWk5GXzNtZF83MjVqVUFMTUs4ZmhacWRJWFc3RXJBMGhXLVpGNHFtaXRQcl94WkxDQV9uNnlrOHcwTUNVYXhqVlFKdldJZ0owdEQ3VEJwdmdYQWp4UjJ3MGc1RXdTU2wyZHJ1cnB5UTctWVg1dWJwWE91emQ?oc=5\" target=\"_blank\" rel=\"noopener\">Info \u00e9co &#8211; Offensive sur Gaza-ville : l&rsquo;UE envisage des sanctions commerciales contre Isra\u00ebl<\/a>&nbsp;&nbsp;France 24<\/li>\n<\/ol>\n","protected":false},"excerpt":{"rendered":"Sanctions contre Isra\u00ebl : le v\u0153u pieux de l\u2019UE&nbsp;&nbsp;Lib\u00e9ration Une premi\u00e8re dans l&rsquo;histoire de l&rsquo;UE: Bruxelles amorce un&hellip;\n","protected":false},"author":2,"featured_media":398912,"comment_status":"","ping_status":"","sticky":false,"template":"","format":"standard","meta":{"footnotes":""},"categories":[1586],"tags":[11,1777,674,1779,1011,27,664,12,25,1778,364,2544],"class_list":{"0":"post-398911","1":"post","2":"type-post","3":"status-publish","4":"format-standard","5":"has-post-thumbnail","7":"category-europe","8":"tag-actualites","9":"tag-eu","10":"tag-europe","11":"tag-european-union","12":"tag-fr","13":"tag-france","14":"tag-israel","15":"tag-news","16":"tag-republique-francaise","17":"tag-ue","18":"tag-union-europeenne","19":"tag-ursula-von-der-leyen"},"share_on_mastodon":{"url":"https:\/\/pubeurope.com\/@fr\/115222983783363913","error":""},"_links":{"self":[{"href":"https:\/\/www.europesays.com\/fr\/wp-json\/wp\/v2\/posts\/398911","targetHints":{"allow":["GET"]}}],"collection":[{"href":"https:\/\/www.europesays.com\/fr\/wp-json\/wp\/v2\/posts"}],"about":[{"href":"https:\/\/www.europesays.com\/fr\/wp-json\/wp\/v2\/types\/post"}],"author":[{"embeddable":true,"href":"https:\/\/www.europesays.com\/fr\/wp-json\/wp\/v2\/users\/2"}],"replies":[{"embeddable":true,"href":"https:\/\/www.europesays.com\/fr\/wp-json\/wp\/v2\/comments?post=398911"}],"version-history":[{"count":0,"href":"https:\/\/www.europesays.com\/fr\/wp-json\/wp\/v2\/posts\/398911\/revisions"}],"wp:featuredmedia":[{"embeddable":true,"href":"https:\/\/www.europesays.com\/fr\/wp-json\/wp\/v2\/media\/398912"}],"wp:attachment":[{"href":"https:\/\/www.europesays.com\/fr\/wp-json\/wp\/v2\/media?parent=398911"}],"wp:term":[{"taxonomy":"category","embeddable":true,"href":"https:\/\/www.europesays.com\/fr\/wp-json\/wp\/v2\/categories?post=398911"},{"taxonomy":"post_tag","embeddable":true,"href":"https:\/\/www.europesays.com\/fr\/wp-json\/wp\/v2\/tags?post=398911"}],"curies":[{"name":"wp","href":"https:\/\/api.w.org\/{rel}","templated":true}]}}