{"id":398925,"date":"2025-09-18T02:49:14","date_gmt":"2025-09-18T02:49:14","guid":{"rendered":"https:\/\/www.europesays.com\/fr\/398925\/"},"modified":"2025-09-18T02:49:14","modified_gmt":"2025-09-18T02:49:14","slug":"barcelone-refusera-daccueillir-lequipe-israel-premier-tech-liberation","status":"publish","type":"post","link":"https:\/\/www.europesays.com\/fr\/398925\/","title":{"rendered":"Barcelone refusera d\u2019accueillir l\u2019\u00e9quipe Israel-Premier Tech \u2013 Lib\u00e9ration"},"content":{"rendered":"<p class=\"sc-cPiKLX AiZTS text-element\">Des chutes, <a href=\"https:\/\/www.liberation.fr\/sports\/cyclisme\/tour-despagne-pedro-sanchez-dit-son-admiration-des-manifestations-propalestiniennes-20250914_GDOFSGVQMFHGJG4NLVX6TFMC6U\/\" target=\"_blank\" rel=\"noreferrer nofollow noopener\" title=\"https:\/\/www.liberation.fr\/sports\/cyclisme\/tour-despagne-pedro-sanchez-dit-son-admiration-des-manifestations-propalestiniennes-20250914_GDOFSGVQMFHGJG4NLVX6TFMC6U\/\">des \u00e9tapes amput\u00e9es<\/a>, des podiums esquiv\u00e9s, <a href=\"https:\/\/www.liberation.fr\/international\/europe\/en-espagne-la-mobilisation-pro-palestinenne-sur-la-route-de-la-vuelta-provoque-une-crise-politique-et-diplomatique-20250915_KSPD2IJMWZEPJK6IJ6Y7QWB4OI\/\" target=\"_blank\" rel=\"noreferrer nofollow noopener\" title=\"https:\/\/www.liberation.fr\/international\/europe\/en-espagne-la-mobilisation-pro-palestinenne-sur-la-route-de-la-vuelta-provoque-une-crise-politique-et-diplomatique-20250915_KSPD2IJMWZEPJK6IJ6Y7QWB4OI\/\">une crise diplomatique<\/a>\u2026 et un rendez-vous pris pour 2026. <a href=\"\" target=\"_blank\" rel=\"noreferrer\" title=\"\">La Vuelta s\u2019ach\u00e8ve \u00e0 peine,<\/a> particuli\u00e8rement remu\u00e9e par l\u2019accumulation de manifestations propalestiniennes, qu\u2019une nouvelle course, et pas des moindres, se voit notifier d\u2019un avertissement sans frais : la ville de Barcelone, qui accueillera le grand d\u00e9part du Tour de France 2026, a demand\u00e9 l\u2019exclusion de l\u2019\u00e9quipe Israel-Premier Tech, <a href=\"https:\/\/www.liberation.fr\/sports\/cyclisme\/sur-le-tour-despagne-la-onzieme-etape-neutralisee-apres-une-nouvelle-manifestation-pro-palestinienne-20250903_FOV52ALP5FGDXHNGWISXDRVCIE\/\" target=\"_blank\" rel=\"noreferrer nofollow noopener\" title=\"https:\/\/www.liberation.fr\/sports\/cyclisme\/sur-le-tour-despagne-la-onzieme-etape-neutralisee-apres-une-nouvelle-manifestation-pro-palestinienne-20250903_FOV52ALP5FGDXHNGWISXDRVCIE\/\">vis\u00e9e \u00e0 de nombreuses reprises pendant le Tour d\u2019Espagne.<\/a> <\/p>\n<p class=\"sc-cPiKLX AiZTS text-element\">\u00abNous voulons que les \u00e9quipes qui concourent sous le drapeau isra\u00e9lien, de la m\u00eame mani\u00e8re que cela s\u2019est produit avec la Russie, cessent de concourir sous ce drapeau\u00bb, a ainsi affirm\u00e9 David Escud\u00e9, conseiller au sport de la capitale de la Catalogne, lors de l\u2019\u00e9mission Bon dia, Barcelona, mardi 16 septembre. \u00abIl est inadmissible que, pour des \u00e9v\u00e9nements similaires, les athl\u00e8tes russes soient suspendus de leur participation sous leur drapeau et que, face aux atrocit\u00e9s et aux horreurs commises \u00e0 Gaza, le d\u00e9cideur, le CIO, ferme les yeux\u00bb, a poursuivi le responsable. Sans la citer, c\u2019est bien <a href=\"https:\/\/www.liberation.fr\/sports\/2020\/03\/05\/cyclisme-israel-start-up-nation-la-famille-d-adams_1780734\/\" target=\"_blank\" rel=\"noreferrer nofollow noopener\" title=\"https:\/\/www.liberation.fr\/sports\/2020\/03\/05\/cyclisme-israel-start-up-nation-la-famille-d-adams_1780734\/\">l\u2019\u00e9quipe du magnat isra\u00e9lo-canadien Sylvan Adams<\/a>, ambassadeur autoproclam\u00e9 de l\u2019Etat isra\u00e9lien, qui est vis\u00e9e. <\/p>\n<p class=\"sc-cPiKLX AiZTS text-element\">Et, par ricochet, l\u2019Union cycliste internationale, d\u00e9nonciatrice des manifestations comme du soutien que leur ont apport\u00e9 les autorit\u00e9s espagnoles. Au lendemain de l\u2019arriv\u00e9e de la Vuelta, le gouvernement espagnol a r\u00e9pliqu\u00e9 aux reproches formul\u00e9s par l\u2019instance mondiale du cyclisme professionnel \u00e0 son endroit, lui reprochant d\u2019\u00abutiliser le sport pour blanchir <a href=\"https:\/\/www.liberation.fr\/international\/europe\/on-veut-eviter-de-normaliser-la-presence-disrael-des-manifestants-propalestiniens-perturbent-le-tour-despagne-20250912_XIPEEQ7EQJDX5MYSEZOQRDPZOI\/\" target=\"_blank\" rel=\"noreferrer nofollow noopener\" title=\"https:\/\/www.liberation.fr\/international\/europe\/on-veut-eviter-de-normaliser-la-presence-disrael-des-manifestants-propalestiniens-perturbent-le-tour-despagne-20250912_XIPEEQ7EQJDX5MYSEZOQRDPZOI\/\">un g\u00e9nocide comme celui qui est commis \u00e0 Gaza\u00bb.<\/a> <\/p>\n<p class=\"sc-cPiKLX AiZTS text-element\">De quoi nourrir des inqui\u00e9tudes du c\u00f4t\u00e9 d\u2019ASO, l\u2019organisateur du Tour de France, pour qui le d\u00e9part \u00e0 Barcelone pourrait ressembler \u00e0 l\u2019exact inverse de <a href=\"https:\/\/www.liberation.fr\/sports\/cyclisme\/tour-de-france-2025-audiences-canon-pour-la-derniere-etape-sur-les-pentes-de-montmartre-20250728_L2DRQECMX5A4JPG65FI4JJWGK4\/\" target=\"_blank\" rel=\"noreferrer nofollow noopener\" title=\"https:\/\/www.liberation.fr\/sports\/cyclisme\/tour-de-france-2025-audiences-canon-pour-la-derniere-etape-sur-les-pentes-de-montmartre-20250728_L2DRQECMX5A4JPG65FI4JJWGK4\/\">la parade populaire de l\u2019\u00e9tape finale sur la Butte Montmartre,<\/a> en conclusion du Tour 2025. Le directeur de la Grande Boucle Christian Prudhomme, pr\u00e9sent \u00e0 une table ronde \u00e0 Berlin ce mardi, ne s\u2019y est pas tromp\u00e9, lui qui n\u2019est de toute fa\u00e7on pas d\u00e9cisionnaire pour exclure ou non des \u00e9quipes World Tour, automatiquement invit\u00e9es, comme c\u2019est le cas d\u2019Israel-Premier Tech. Commentant les troubles qui ont ponctu\u00e9 la Vuelta, l\u2019ancien journaliste de France T\u00e9l\u00e9visions a fait le constat d\u2019\u00abun ph\u00e9nom\u00e8ne compl\u00e8tement nouveau\u00bb. <\/p>\n<p class=\"sc-cPiKLX AiZTS text-element\">\u00abLes courses cyclistes sur route, elles sont soumises aux soubresauts de la vie, d\u2019une mani\u00e8re g\u00e9n\u00e9rale, depuis toujours\u00bb, a estim\u00e9 Christian Prudhomme. \u00abLe cyclisme sur route est dans la vie, il ressent plus qu\u2019ailleurs dans un stade ferm\u00e9 ce qui se passe au quotidien.\u00bb <\/p>\n<p class=\"sc-cPiKLX AiZTS text-element\">\u00abDes brigands attaquaient les coureurs du Tour dans les ann\u00e9es 1920, ose encore l\u2019organisateur. Il y a toujours eu \u00e7a. Quand nous allons quelque part, il y a toujours des usines qui ferment, et il y a des n\u00e9gociations qui sont forc\u00e9ment n\u00e9cessaires. On connait cette fragilit\u00e9 l\u00e0, c\u2019est une \u00e9vidence\u00bb, a-t-il expliqu\u00e9, alors que les routes du Tour ont pu \u00eatre, ces derni\u00e8res ann\u00e9es, envahies notamment par <a href=\"https:\/\/www.liberation.fr\/sports\/cyclisme\/le-tour-de-france-arrete-par-les-ecolos-de-derniere-renovation-on-avait-cible-lendroit-parce-quil-etait-moins-dangereux-pour-les-coureurs-20220712_RQ2VC5I2E5FLXLQD5CB4BNDB4M\/\" target=\"_blank\" rel=\"noreferrer nofollow noopener\" title=\"https:\/\/www.liberation.fr\/sports\/cyclisme\/le-tour-de-france-arrete-par-les-ecolos-de-derniere-renovation-on-avait-cible-lendroit-parce-quil-etait-moins-dangereux-pour-les-coureurs-20220712_RQ2VC5I2E5FLXLQD5CB4BNDB4M\/\">des militants \u00e9cologistes.<\/a> Des actions que France T\u00e9l\u00e9visions <a href=\"https:\/\/www.liberation.fr\/sports\/cyclisme\/manif-ecologiste-sur-le-tour-de-france-rendez-les-images-france-televisions-20220713_C5S44TX5OVBCZKWH7Y6EQYGBVI\/\" target=\"_blank\" rel=\"noreferrer nofollow noopener\" title=\"https:\/\/www.liberation.fr\/sports\/cyclisme\/manif-ecologiste-sur-le-tour-de-france-rendez-les-images-france-televisions-20220713_C5S44TX5OVBCZKWH7Y6EQYGBVI\/\">avait pris grand soin de ne pas filmer.<\/a> Les 28 000 membres des forces de l\u2019ordre mobilis\u00e9s pour l\u2019\u00e9v\u00e9nement tous les ans devront-elles faire preuve de z\u00e8le pour emp\u00eacher l\u2019irruption de \u00abcette fragilit\u00e9\u00bb sur les prochaines routes du Tour ? <\/p>\n","protected":false},"excerpt":{"rendered":"Des chutes, des \u00e9tapes amput\u00e9es, des podiums esquiv\u00e9s, une crise diplomatique\u2026 et un rendez-vous pris pour 2026. La&hellip;\n","protected":false},"author":2,"featured_media":398926,"comment_status":"","ping_status":"","sticky":false,"template":"","format":"standard","meta":{"footnotes":""},"categories":[1411],"tags":[1154,207,123,1011,27,3522,60,210],"class_list":{"0":"post-398925","1":"post","2":"type-post","3":"status-publish","4":"format-standard","5":"has-post-thumbnail","7":"category-cyclisme","8":"tag-cycling","9":"tag-cyclisme","10":"tag-espagne","11":"tag-fr","12":"tag-france","13":"tag-guerre-hamas-israel","14":"tag-sports","15":"tag-tour-de-france"},"share_on_mastodon":{"url":"https:\/\/pubeurope.com\/@fr\/115223026984384582","error":""},"_links":{"self":[{"href":"https:\/\/www.europesays.com\/fr\/wp-json\/wp\/v2\/posts\/398925","targetHints":{"allow":["GET"]}}],"collection":[{"href":"https:\/\/www.europesays.com\/fr\/wp-json\/wp\/v2\/posts"}],"about":[{"href":"https:\/\/www.europesays.com\/fr\/wp-json\/wp\/v2\/types\/post"}],"author":[{"embeddable":true,"href":"https:\/\/www.europesays.com\/fr\/wp-json\/wp\/v2\/users\/2"}],"replies":[{"embeddable":true,"href":"https:\/\/www.europesays.com\/fr\/wp-json\/wp\/v2\/comments?post=398925"}],"version-history":[{"count":0,"href":"https:\/\/www.europesays.com\/fr\/wp-json\/wp\/v2\/posts\/398925\/revisions"}],"wp:featuredmedia":[{"embeddable":true,"href":"https:\/\/www.europesays.com\/fr\/wp-json\/wp\/v2\/media\/398926"}],"wp:attachment":[{"href":"https:\/\/www.europesays.com\/fr\/wp-json\/wp\/v2\/media?parent=398925"}],"wp:term":[{"taxonomy":"category","embeddable":true,"href":"https:\/\/www.europesays.com\/fr\/wp-json\/wp\/v2\/categories?post=398925"},{"taxonomy":"post_tag","embeddable":true,"href":"https:\/\/www.europesays.com\/fr\/wp-json\/wp\/v2\/tags?post=398925"}],"curies":[{"name":"wp","href":"https:\/\/api.w.org\/{rel}","templated":true}]}}