{"id":398942,"date":"2025-09-18T02:59:14","date_gmt":"2025-09-18T02:59:14","guid":{"rendered":"https:\/\/www.europesays.com\/fr\/398942\/"},"modified":"2025-09-18T02:59:14","modified_gmt":"2025-09-18T02:59:14","slug":"adel-des-2be3-sort-du-silence-et-evoque-le-temoignage-mensonger-du-compagnon-suppose","status":"publish","type":"post","link":"https:\/\/www.europesays.com\/fr\/398942\/","title":{"rendered":"Adel des 2Be3 sort du silence et \u00e9voque le \u00ab\u00a0t\u00e9moignage mensonger\u00a0\u00bb du compagnon suppos\u00e9"},"content":{"rendered":"<p class=\"article-p mdl\">Adel a pris la plume sur les r\u00e9seaux sociaux face \u00e0 la vague m\u00e9diatique qui, selon lui, \u00ab\u00a0manque de respect\u00a0\u00bb \u00e0 la m\u00e9moire de son ancienne co-star des 2be3, Filip Nikolic. Le 16 septembre 2025, anniversaire de la mort du chanteur et leader du boys band, Adel a partag\u00e9 un texte sur une story Instagram. Texte rendu public par la fille de Filip, Sasha Nikolic, toujours sur le m\u00eame r\u00e9seau.<\/p>\n<p class=\"article-p mdl\">\u00ab\u00a0Aujourd&rsquo;hui, jour de l&rsquo;anniversaire de la disparition de Filip,\u00a0<a class=\"link\" href=\"https:\/\/www.parismatch.com\/People\/jetais-le-seul-dans-sa-vie-arnaud-le-compagnon-de-filip-nikolic-se-confie-257069\" target=\"_blank\" rel=\"nofollow noopener\">Paris Match<\/a>\u00a0choisit, pour faire du buzz, de publier <strong>un t\u00e9moignage mensonger, ind\u00e9cent et sensationnaliste<\/strong>\u00ab\u00a0, \u00e9crit l&rsquo;ancien membre du groupe. \u00ab\u00a0Je d\u00e9nonce avec force ce manque de respect envers sa m\u00e9moire, sa famille et sa veuve Val\u00e9rie.\u00a0\u00bb<\/p>\n<p class=\"article-p mdl\">\u00ab\u00a0Filip n&rsquo;a pas besoin de faux r\u00e9cits pour exister dans nos c\u0153urs. <strong>Ceux qui t\u00e9moignent ainsi cherchent par opportunisme qu&rsquo;\u00e0 nourrir leur ego.<\/strong> Je d\u00e9sire me souvenir de lui tel qu&rsquo;il a \u00e9t\u00e9 : un artiste g\u00e9n\u00e9reux, un fr\u00e8re de sc\u00e8ne, un p\u00e8re g\u00e9nial, et un ami fid\u00e8le\u00a0\u00bb, poursuit-il avant de signer : \u00ab\u00a0Adel Kachermi, ancien membre du groupe 2Be3 et ami d&rsquo;enfance de Filip\u00a0\u00bb.\u00a0<\/p>\n<p>                <img decoding=\"async\" alt=\"\" class=\"media-item lazy\" src=\"https:\/\/www.europesays.com\/fr\/wp-content\/uploads\/2025\/09\/1782067-le-message-d-adel-republie-par-la-fille-de-filip-nikolic.jpg\"\/><\/p>\n<p class=\"article-media-figcaption-title\">\n            Le message d&rsquo;Adel republi\u00e9 par la fille de Filip Nikolic<\/p>\n<p class=\"article-media-figcaption-credits\">\n            Cr\u00e9dit : Instagram<\/p>\n<p>Un compagnon suppos\u00e9 dit avoir eu \u00ab\u00a0une histoire de 8 ans\u00a0\u00bb avec Filip Nikolic<\/p>\n<p class=\"article-p mdl\">Dans les colonnes de Paris Match, un homme,\u00a0Arnaud,\u00a0assure avoir eu une relation avec Filip Nikolic pendant plusieurs ann\u00e9es. Aujourd&rsquo;hui \u00e2g\u00e9 de 52 ans, il raconte avoir v\u00e9cu une \u00ab\u00a0histoire d&rsquo;une dur\u00e9e de 8 ans\u00a0\u00bb avec l&rsquo;artiste et avoir v\u00e9cu avec lui\u00a0dans un appartement de la rue du \u00ab\u00a0Faubourg Saint-Honor\u00e9\u00a0\u00bb, \u00e0 Paris.<\/p>\n<p class=\"article-p mdl\">Ma\u00eetre Marc-Olivier Deblanc, l&rsquo;avocat de la famille de Filip Nikolic\u00a0<a class=\"link\" href=\"https:\/\/www.rtl.fr\/culture\/medias-people\/un-cynisme-effarant-la-famille-de-filip-nikolic-annonce-sur-rtl-une-plainte-apres-une-interview-de-son-compagnon-suppose-7900542121\" target=\"_blank\" rel=\"nofollow noopener\">a annonc\u00e9 au micro de RTL avoir d\u00e9pos\u00e9 une plainte<\/a>\u00a0pour \u00ab\u00a0violation de la vie priv\u00e9e, atteinte \u00e0 la vie priv\u00e9e et all\u00e9gation mensong\u00e8re\u00a0\u00bb apr\u00e8s la publication de cette interview dans le magazine. \u00ab\u00a0Il (Arnaud) pr\u00e9tend avoir v\u00e9cu 8 ans en colocation. Ce n&rsquo;est pas vrai, \u00e7a a dur\u00e9 quelques mois, pr\u00e9cise l&rsquo;avocat. La bisexualit\u00e9, ce n&rsquo;est pas un d\u00e9lit. Le vrai sujet que l&rsquo;on a, c&rsquo;est la vie priv\u00e9e dans l&rsquo;absolu. Si lui ne l&rsquo;a pas d\u00e9voil\u00e9e de son vivant, c&rsquo;est qu&rsquo;il n&rsquo;a pas eu la volont\u00e9 de le faire.\u00a0\u00bb<\/p>\n<p class=\"article-p mdl\">Au micro de RTL, ma\u00eetre Marc-Olivier Deblanc a critiqu\u00e9 le timing de la publication de l&rsquo;interview d&rsquo;Arnaud,\u00a0une forme de \u00ab\u00a0cynisme et d&rsquo;opportunisme effarants\u00a0\u00bb\u00a0:\u00a0\u00ab\u00a0Le secret est tellement lourd \u00e0 porter, qu&rsquo;il (le compagnon suppos\u00e9) d\u00e9cide opportun\u00e9ment de le faire au moment de la diffusion de ce t\u00e9l\u00e9film,\u00a0la veille de l&rsquo;anniversaire de la mort\u00a0\u00bb.<\/p>\n<p>    La r\u00e9daction vous recommande<\/p>\n<p class=\"s-newsletter__title\">\n                L\u2019actualit\u00e9 par la r\u00e9daction de RTL dans votre bo\u00eete mail.\n            <\/p>\n<p class=\"s-newsletter__subtitle\">\n                Gr\u00e2ce \u00e0 votre compte RTL abonnez-vous \u00e0 la newsletter RTL info pour suivre toute l&rsquo;actualit\u00e9 au quotidien\n            <\/p>\n<p>\n                                    Lire la suite\n                                <\/p>\n","protected":false},"excerpt":{"rendered":"Adel a pris la plume sur les r\u00e9seaux sociaux face \u00e0 la vague m\u00e9diatique qui, selon lui, \u00ab\u00a0manque&hellip;\n","protected":false},"author":2,"featured_media":398943,"comment_status":"","ping_status":"","sticky":false,"template":"","format":"standard","meta":{"footnotes":""},"categories":[8],"tags":[58,59,2414,107,1011,27,303,873,973],"class_list":{"0":"post-398942","1":"post","2":"type-post","3":"status-publish","4":"format-standard","5":"has-post-thumbnail","7":"category-divertissement","8":"tag-divertissement","9":"tag-entertainment","10":"tag-fil-culture","11":"tag-fil-info","12":"tag-fr","13":"tag-france","14":"tag-justice","15":"tag-musique","16":"tag-people"},"share_on_mastodon":{"url":"https:\/\/pubeurope.com\/@fr\/115223066437771380","error":""},"_links":{"self":[{"href":"https:\/\/www.europesays.com\/fr\/wp-json\/wp\/v2\/posts\/398942","targetHints":{"allow":["GET"]}}],"collection":[{"href":"https:\/\/www.europesays.com\/fr\/wp-json\/wp\/v2\/posts"}],"about":[{"href":"https:\/\/www.europesays.com\/fr\/wp-json\/wp\/v2\/types\/post"}],"author":[{"embeddable":true,"href":"https:\/\/www.europesays.com\/fr\/wp-json\/wp\/v2\/users\/2"}],"replies":[{"embeddable":true,"href":"https:\/\/www.europesays.com\/fr\/wp-json\/wp\/v2\/comments?post=398942"}],"version-history":[{"count":0,"href":"https:\/\/www.europesays.com\/fr\/wp-json\/wp\/v2\/posts\/398942\/revisions"}],"wp:featuredmedia":[{"embeddable":true,"href":"https:\/\/www.europesays.com\/fr\/wp-json\/wp\/v2\/media\/398943"}],"wp:attachment":[{"href":"https:\/\/www.europesays.com\/fr\/wp-json\/wp\/v2\/media?parent=398942"}],"wp:term":[{"taxonomy":"category","embeddable":true,"href":"https:\/\/www.europesays.com\/fr\/wp-json\/wp\/v2\/categories?post=398942"},{"taxonomy":"post_tag","embeddable":true,"href":"https:\/\/www.europesays.com\/fr\/wp-json\/wp\/v2\/tags?post=398942"}],"curies":[{"name":"wp","href":"https:\/\/api.w.org\/{rel}","templated":true}]}}