{"id":398952,"date":"2025-09-18T03:04:13","date_gmt":"2025-09-18T03:04:13","guid":{"rendered":"https:\/\/www.europesays.com\/fr\/398952\/"},"modified":"2025-09-18T03:04:13","modified_gmt":"2025-09-18T03:04:13","slug":"le-menu-servi-a-donald-trump-au-chateau-de-windsor-avait-des-saveurs-tres-francaises","status":"publish","type":"post","link":"https:\/\/www.europesays.com\/fr\/398952\/","title":{"rendered":"Le menu servi \u00e0 Donald Trump au ch\u00e2teau de Windsor avait des saveurs tr\u00e8s fran\u00e7aises"},"content":{"rendered":"<p>        <img decoding=\"async\" loading=\"lazy\" src=\"https:\/\/www.europesays.com\/fr\/wp-content\/uploads\/2025\/09\/031f1a9_upload-1-wy047o7iflhe-afp-20250917-74vy9kq-v1-midres-britainusroyalsdiplomacy.jpg\"  width=\"728\" height=\"410\" alt=\"Le pr\u00e9sident am\u00e9ricain Donald Trump prononce un discours sous le regard du roi Charles III lors d\u2019un banquet officiel au ch\u00e2teau de Windsor,  le 17\u00a0septembre 2025..\"\/>  <\/p>\n<p>YUI MOK \/ AFP<\/p>\n<p>Le pr\u00e9sident am\u00e9ricain Donald Trump prononce un discours sous le regard du roi Charles III lors d\u2019un banquet officiel au ch\u00e2teau de Windsor,  le 17\u00a0septembre 2025..<\/p>\n<p class=\"asset asset-text\">ANGLETERRE &#8211; Un peu de France au menu.<a href=\"https:\/\/www.huffingtonpost.fr\/international\/video\/les-detracteurs-de-donald-trump-ont-vu-grand-pour-sa-venue-a-windsor-avec-cette-banderole-geante_254908.html\" rel=\"nofollow noopener\" target=\"_blank\"> Donald Trump<\/a> a \u00e9t\u00e9 re\u00e7u ce mercredi 17\u00a0septembre avec une pompe royale spectaculaire pour la premi\u00e8re journ\u00e9e de sa <a href=\"https:\/\/www.huffingtonpost.fr\/international\/video\/donald-trump-au-royaume-uni-pourquoi-le-pays-lui-accord-un-privilege-jamais-offert-a-un-autre_254901.html\" rel=\"nofollow noopener\" target=\"_blank\">visite d\u2019\u00c9tat au Royaume-Uni.<\/a> Un banquet au ch\u00e2teau de Windsor avec la famille royale et quelque 160 invit\u00e9s a termin\u00e9 cette journ\u00e9e historique, avec des saveurs tr\u00e8s fran\u00e7aises \u00e0 la carte.<\/p>\n<p class=\"asset asset-text\">Le menu, r\u00e9dig\u00e9 en fran\u00e7ais, \u00e9tait compos\u00e9 d\u2019une \u00ab\u00a0panna cotta de cresson et \u0153ufs de caille, ballottine de poulet fermier et d\u2019une bombe glac\u00e9e cardinal\u00a0\u00bb.<\/p>\n<p class=\"asset asset-text\">D\u2019autres surprises culinaires \u00e9taient pr\u00e9vues. Parmi elles, un cognac \u00e9tait de 1912, ann\u00e9e de naissance de la m\u00e8re \u00e9cossaise de Donald Trump, et un cocktail \u00ab\u00a0Transatlantic Whisky Sour\u00a0\u00bb a \u00e9t\u00e9 cr\u00e9\u00e9 pour l\u2019occasion.<\/p>\n<p>    \u00ab\u00a0L\u2019un des plus grands honneurs\u00a0\u00bb de la vie de Trump    <\/p>\n<p class=\"asset asset-text\">Outre les mets savoureux dispos\u00e9s sur une table XXL, Donald Trump a tenu un discours devant le roi Charles III et les autres invit\u00e9s, estimant que sa visite Royaume-Uni \u00e9tait \u00ab\u00a0l\u2019un des plus grands honneurs\u00a0\u00bb de sa vie. Donald Trump s\u2019est aussi vant\u00e9 d\u2019\u00eatre le seul pr\u00e9sident am\u00e9ricain \u00e0 effectuer deux visites d\u2019\u00c9tat dans ce pays &#8211; sa pr\u00e9c\u00e9dente date de 2019.<\/p>\n<p> La lecture de ce contenu est susceptible d\u2019entra\u00eener un d\u00e9p\u00f4t de cookies de la part de l\u2019op\u00e9rateur tiers qui l\u2019h\u00e9berge. Compte-tenu des choix que vous avez exprim\u00e9s en mati\u00e8re de d\u00e9p\u00f4t de cookies, nous avons bloqu\u00e9 l\u2019affichage de ce contenu. Si vous souhaitez y acc\u00e9der, vous devez accepter la cat\u00e9gorie de cookies \u201cContenus tiers\u201d en cliquant sur le bouton ci-dessous. <\/p>\n<p> Lire la Vid\u00e9o            <\/p>\n<p class=\"asset asset-text\">De son c\u00f4t\u00e9, le roi Charles III a salu\u00e9 l\u2019\u00ab\u00a0engagement personnel\u00a0\u00bb de Donald Trump pour tenter de mettre fin aux conflits dans le monde. \u00ab\u00a0Nos pays travaillent ensemble pour soutenir les efforts diplomatiques cruciaux, notamment, monsieur le pr\u00e9sident, votre engagement personnel \u00e0 trouver des solutions \u00e0 certains des conflits les plus insolubles au monde, afin de garantir la paix\u00a0\u00bb, a d\u00e9clar\u00e9 le monarque lors du d\u00eener.<\/p>\n<p class=\"asset asset-text\">L\u2019ambiance \u00e9tait moins chaleureuse \u00e0 l\u2019ext\u00e9rieur. \u00c0 quelque 40\u00a0km du ch\u00e2teau, au p\u00e9rim\u00e8tre ultra-s\u00e9curis\u00e9 pour l\u2019occasion, <a href=\"https:\/\/www.huffingtonpost.fr\/international\/video\/ballons-jd-vance-sosies-les-manifestants-anti-trump-a-londres-n-ont-pas-manque-de-creativite_254956.html\" rel=\"nofollow noopener\" target=\"_blank\">quelque 5\u00a0000 personnes ont manifest\u00e9 \u00e0 Londres<\/a>, d\u00e9non\u00e7ant le \u00ab\u00a0tapis rouge\u00a0\u00bb d\u00e9roul\u00e9 pour le pr\u00e9sident am\u00e9ricain.<\/p>\n","protected":false},"excerpt":{"rendered":"YUI MOK \/ AFP Le pr\u00e9sident am\u00e9ricain Donald Trump prononce un discours sous le regard du roi Charles&hellip;\n","protected":false},"author":2,"featured_media":398953,"comment_status":"","ping_status":"","sticky":false,"template":"","format":"standard","meta":{"footnotes":""},"categories":[2],"tags":[11,4708,75,1011,27,14,4534,12,12315],"class_list":{"0":"post-398952","1":"post","2":"type-post","3":"status-publish","4":"format-standard","5":"has-post-thumbnail","7":"category-actualites","8":"tag-actualites","9":"tag-angleterre","10":"tag-donald-trump","11":"tag-fr","12":"tag-france","13":"tag-international","14":"tag-londres","15":"tag-news","16":"tag-prince-charles"},"share_on_mastodon":{"url":"https:\/\/pubeurope.com\/@fr\/115223086443021347","error":""},"_links":{"self":[{"href":"https:\/\/www.europesays.com\/fr\/wp-json\/wp\/v2\/posts\/398952","targetHints":{"allow":["GET"]}}],"collection":[{"href":"https:\/\/www.europesays.com\/fr\/wp-json\/wp\/v2\/posts"}],"about":[{"href":"https:\/\/www.europesays.com\/fr\/wp-json\/wp\/v2\/types\/post"}],"author":[{"embeddable":true,"href":"https:\/\/www.europesays.com\/fr\/wp-json\/wp\/v2\/users\/2"}],"replies":[{"embeddable":true,"href":"https:\/\/www.europesays.com\/fr\/wp-json\/wp\/v2\/comments?post=398952"}],"version-history":[{"count":0,"href":"https:\/\/www.europesays.com\/fr\/wp-json\/wp\/v2\/posts\/398952\/revisions"}],"wp:featuredmedia":[{"embeddable":true,"href":"https:\/\/www.europesays.com\/fr\/wp-json\/wp\/v2\/media\/398953"}],"wp:attachment":[{"href":"https:\/\/www.europesays.com\/fr\/wp-json\/wp\/v2\/media?parent=398952"}],"wp:term":[{"taxonomy":"category","embeddable":true,"href":"https:\/\/www.europesays.com\/fr\/wp-json\/wp\/v2\/categories?post=398952"},{"taxonomy":"post_tag","embeddable":true,"href":"https:\/\/www.europesays.com\/fr\/wp-json\/wp\/v2\/tags?post=398952"}],"curies":[{"name":"wp","href":"https:\/\/api.w.org\/{rel}","templated":true}]}}