{"id":398954,"date":"2025-09-18T03:05:17","date_gmt":"2025-09-18T03:05:17","guid":{"rendered":"https:\/\/www.europesays.com\/fr\/398954\/"},"modified":"2025-09-18T03:05:17","modified_gmt":"2025-09-18T03:05:17","slug":"greve-du-18-septembre-a-saint-etienne-quelles-perturbations-a-la-stas","status":"publish","type":"post","link":"https:\/\/www.europesays.com\/fr\/398954\/","title":{"rendered":"Gr\u00e8ve du 18 septembre \u00e0 Saint-\u00c9tienne : quelles perturbations \u00e0 la STAS ?"},"content":{"rendered":"<p>Les transports de la STAS seront perturb\u00e9s, ce jeudi 18 septembre, \u00e0 Saint-\u00c9tienne, en raison du nouveau mouvement de gr\u00e8ve nationale.<\/p>\n<p>Des trams et des bus \u00e0 l&rsquo;arr\u00eat.<\/p>\n<p>Jeudi 18 septembre, une nouvelle gr\u00e8ve nationale est au programme partout en France, avec des rassemblements pour protester contre les mesures budg\u00e9taires annonc\u00e9es par le gouvernement, dans la foul\u00e9e de <a class=\"url\" href=\"https:\/\/www.radioscoop.com\/infos\/six-interpellations-un-policier-blesse-revivez-bloquons-tout-dans-la-loire-et-en-haute-loire_337166\" target=\"_blank\" rel=\"noopener\">la mobilisation du 10 septembre<\/a>.\u00a0<\/p>\n<p>\u00c0 <b>Saint-\u00c9tienne<\/b>, ce mouvement va engendrer de grosses perturbations sur les transports en commun de la <a class=\"url\" href=\"https:\/\/www.reseau-stas.fr\/\" target=\"_blank\" rel=\"noopener\">STAS<\/a>.<\/p>\n<p>Tramway<\/p>\n<p>&#8211; Les lignes de tramway <b>T1<\/b> et <b>T3<\/b> circuleront avec des horaires de passage adapt\u00e9s et finiront<\/p>\n<p>plus t\u00f4t.<\/p>\n<p>&#8211; La ligne de tramway <b>T2<\/b> ne circulera pas.<\/p>\n<p>Lignes M\u00e9tropoles<\/p>\n<p>&#8211; Les lignes M\u00e9tropoles <b>M1<\/b>, <b>M3<\/b>, <b>M4<\/b>, <b>M6<\/b>, <b>M7 <\/b>et<b> M9<\/b> circuleront avec des horaires de passage adapt\u00e9s.<\/p>\n<p>&#8211; Les lignes M\u00e9tropoles <b>M2<\/b> et <b>M5<\/b> circuleront normalement.<\/p>\n<p>Autres lignes<\/p>\n<p>&#8211; Les lignes <b>8<\/b>, <b>10<\/b>, <b>12<\/b>, <b>13<\/b>, <b>15<\/b>, <b>16<\/b>, <b>17<\/b>, <b>22<\/b>, <b>23<\/b>, <b>37<\/b>, <b>40<\/b>, <b>41<\/b>, <b>44<\/b> et <b>45<\/b> circuleront avec des horaires de passage adapt\u00e9s.<\/p>\n<p>&#8211; Les lignes <b>21<\/b>, <b>24<\/b>, <b>42<\/b>, <b>43<\/b>, <b>S1<\/b>, <b>S3<\/b>, <b>S6<\/b>, <b>S7<\/b> et <b>S9<\/b> ne circuleront pas.  <\/p>\n<p>&#8211; Toutes les autres lignes non mentionn\u00e9es ci-dessus circuleront normalement<\/p>\n<p>La STAS pr\u00e9cise que des manifestations pr\u00e9vues \u00e0 Saint-\u00c9tienne perturberont fortement les lignes du centre-ville, y compris le tram, le temps de leur passage. Un rassemblement est notamment pr\u00e9vu \u00e0 <b>10h<\/b> devant la <b>Bourse du travail<\/b>.<\/p>\n<p><img loading=\"lazy\" decoding=\"async\" src=\"https:\/\/www.europesays.com\/fr\/wp-content\/uploads\/2025\/09\/1758164717_271_img\" width=\"350\" height=\"200\" border=\"0\" title=\"De nombreuses pharmacies seront ferm\u00c3\u00a9es le 18 septembre\"\/><\/p>\n<p>\u25baSant\u00e9<\/p>\n<p style=\"font-size: 22px;\"><b>Pourquoi les pharmacies risquent d&rsquo;\u00eatre ferm\u00e9es le 18 septembre ?<\/b><\/p>\n<p>Un appel \u00e0 la fermeture est lanc\u00e9 dans les pharmacies&#8230;<\/p>\n<p><\/p>\n","protected":false},"excerpt":{"rendered":"Les transports de la STAS seront perturb\u00e9s, ce jeudi 18 septembre, \u00e0 Saint-\u00c9tienne, en raison du nouveau mouvement&hellip;\n","protected":false},"author":2,"featured_media":388035,"comment_status":"","ping_status":"","sticky":false,"template":"","format":"standard","meta":{"footnotes":""},"categories":[9653],"tags":[1111,11,2430,7048,1777,674,1011,27,10956,12,5461,25,9838,9920,4001,974,24434,2221,2803],"class_list":{"0":"post-398954","1":"post","2":"type-post","3":"status-publish","4":"format-standard","5":"has-post-thumbnail","7":"category-saint-etienne","8":"tag-actu","9":"tag-actualites","10":"tag-auvergne-rhone-alpes","11":"tag-bus","12":"tag-eu","13":"tag-europe","14":"tag-fr","15":"tag-france","16":"tag-grve","17":"tag-news","18":"tag-perturbation","19":"tag-republique-francaise","20":"tag-roanne","21":"tag-saint-tienne","22":"tag-saint-etienne","23":"tag-star","24":"tag-stas","25":"tag-tram","26":"tag-transport"},"share_on_mastodon":{"url":"https:\/\/pubeurope.com\/@fr\/115223090344068004","error":""},"_links":{"self":[{"href":"https:\/\/www.europesays.com\/fr\/wp-json\/wp\/v2\/posts\/398954","targetHints":{"allow":["GET"]}}],"collection":[{"href":"https:\/\/www.europesays.com\/fr\/wp-json\/wp\/v2\/posts"}],"about":[{"href":"https:\/\/www.europesays.com\/fr\/wp-json\/wp\/v2\/types\/post"}],"author":[{"embeddable":true,"href":"https:\/\/www.europesays.com\/fr\/wp-json\/wp\/v2\/users\/2"}],"replies":[{"embeddable":true,"href":"https:\/\/www.europesays.com\/fr\/wp-json\/wp\/v2\/comments?post=398954"}],"version-history":[{"count":0,"href":"https:\/\/www.europesays.com\/fr\/wp-json\/wp\/v2\/posts\/398954\/revisions"}],"wp:featuredmedia":[{"embeddable":true,"href":"https:\/\/www.europesays.com\/fr\/wp-json\/wp\/v2\/media\/388035"}],"wp:attachment":[{"href":"https:\/\/www.europesays.com\/fr\/wp-json\/wp\/v2\/media?parent=398954"}],"wp:term":[{"taxonomy":"category","embeddable":true,"href":"https:\/\/www.europesays.com\/fr\/wp-json\/wp\/v2\/categories?post=398954"},{"taxonomy":"post_tag","embeddable":true,"href":"https:\/\/www.europesays.com\/fr\/wp-json\/wp\/v2\/tags?post=398954"}],"curies":[{"name":"wp","href":"https:\/\/api.w.org\/{rel}","templated":true}]}}