{"id":39899,"date":"2025-04-20T21:49:08","date_gmt":"2025-04-20T21:49:08","guid":{"rendered":"https:\/\/www.europesays.com\/fr\/39899\/"},"modified":"2025-04-20T21:49:08","modified_gmt":"2025-04-20T21:49:08","slug":"fous-de-la-gauche-radicale-juges-faibles-et-inefficaces-les-voeux-lunaires-de-trump-pour-paques","status":"publish","type":"post","link":"https:\/\/www.europesays.com\/fr\/39899\/","title":{"rendered":"\u00ab\u00a0Fous de la gauche radicale\u00a0\u00bb, \u00ab\u00a0juges faibles et inefficaces\u00a0\u00bb, les v\u0153ux lunaires de Trump pour P\u00e2ques"},"content":{"rendered":"<p>Ce n\u2019est pas un agneau de <a href=\"https:\/\/www.20minutes.fr\/dossier\/paques\" target=\"_blank\" class=\"color-ultramarine c-link\" rel=\"nofollow noopener\">P\u00e2ques<\/a> mais un loup enrag\u00e9. Derri\u00e8re le clavier de son t\u00e9l\u00e9phone, <a href=\"https:\/\/www.20minutes.fr\/dossier\/donald_trump\" target=\"_blank\" class=\"color-ultramarine c-link\" rel=\"nofollow noopener\">Donald Trump<\/a> a pris le soin de partager ses v\u0153ux en ce dimanche de f\u00eate Pascal <a href=\"https:\/\/truthsocial.com\/@realDonaldTrump\/posts\/114370361342759621\" rel=\"nofollow noopener\" target=\"_blank\" class=\"color-ultramarine c-link\">sur son r\u00e9seau<\/a> Truth social. Des v\u0153ux adress\u00e9s \u00e0 tous, m\u00eame \u00ab\u00a0aux fous de la gauche radicale\u00a0\u00bb et \u00ab\u00a0aux juges faibles et inefficaces et aux repr\u00e9sentants des forces de l\u2019ordre\u00a0\u00bb.<\/p>\n<p>Le pr\u00e9sident r\u00e9publicain les accuse de \u00ab\u00a0se battre et comploter si durement pour ramener dans notre pays des meurtriers, des barons de la drogue, des prisonniers dangereux, des ali\u00e9n\u00e9s mentaux et des membres bien connus du gang <a href=\"https:\/\/www.20minutes.fr\/monde\/2823011-20200716-chef-gang-ms-13-inculpe-terrorisme-etats-unis-premiere\" target=\"_blank\" class=\"color-ultramarine c-link\" rel=\"nofollow noopener\">MS-13<\/a> et des batteurs d\u2019\u00e9pouses\u00a0\u00bb.<\/p>\n<\/p>\n<p>Le 47e pr\u00e9sident am\u00e9ricain n\u2019oublie pas de s\u2019attaquer \u00e0 son pr\u00e9d\u00e9cesseur, <a href=\"https:\/\/www.20minutes.fr\/dossier\/joe_biden\" target=\"_blank\" class=\"color-ultramarine c-link\" rel=\"nofollow noopener\">Joe Biden<\/a>, qu\u2019il qualifie de \u00ab\u00a0PIRE Pr\u00e9sident et le plus incomp\u00e9tent\u00a0\u00bb. Apr\u00e8s une diatribe particuli\u00e8rement violente et agressive, Donald Trump conclut tout de m\u00eame en leur souhaitent \u00ab\u00a0avec beaucoup d\u2019amour, de sinc\u00e9rit\u00e9 et d\u2019affection, une tr\u00e8s joyeuse f\u00eate de P\u00e2ques\u00a0!!!\u00a0\u00bb.<\/p>\n","protected":false},"excerpt":{"rendered":"Ce n\u2019est pas un agneau de P\u00e2ques mais un loup enrag\u00e9. Derri\u00e8re le clavier de son t\u00e9l\u00e9phone, Donald&hellip;\n","protected":false},"author":2,"featured_media":39900,"comment_status":"","ping_status":"","sticky":false,"template":"","format":"standard","meta":{"footnotes":""},"categories":[5],"tags":[47,11,75,73,1011,27,14,457,74,12,4769,28],"class_list":{"0":"post-39899","1":"post","2":"type-post","3":"status-publish","4":"format-standard","5":"has-post-thumbnail","7":"category-international","8":"tag-actualite","9":"tag-actualites","10":"tag-donald-trump","11":"tag-etats-unis","12":"tag-fr","13":"tag-france","14":"tag-international","15":"tag-joe-biden","16":"tag-monde","17":"tag-news","18":"tag-paques","19":"tag-world"},"share_on_mastodon":{"url":"https:\/\/pubeurope.com\/@fr\/114372500811259743","error":""},"_links":{"self":[{"href":"https:\/\/www.europesays.com\/fr\/wp-json\/wp\/v2\/posts\/39899","targetHints":{"allow":["GET"]}}],"collection":[{"href":"https:\/\/www.europesays.com\/fr\/wp-json\/wp\/v2\/posts"}],"about":[{"href":"https:\/\/www.europesays.com\/fr\/wp-json\/wp\/v2\/types\/post"}],"author":[{"embeddable":true,"href":"https:\/\/www.europesays.com\/fr\/wp-json\/wp\/v2\/users\/2"}],"replies":[{"embeddable":true,"href":"https:\/\/www.europesays.com\/fr\/wp-json\/wp\/v2\/comments?post=39899"}],"version-history":[{"count":0,"href":"https:\/\/www.europesays.com\/fr\/wp-json\/wp\/v2\/posts\/39899\/revisions"}],"wp:featuredmedia":[{"embeddable":true,"href":"https:\/\/www.europesays.com\/fr\/wp-json\/wp\/v2\/media\/39900"}],"wp:attachment":[{"href":"https:\/\/www.europesays.com\/fr\/wp-json\/wp\/v2\/media?parent=39899"}],"wp:term":[{"taxonomy":"category","embeddable":true,"href":"https:\/\/www.europesays.com\/fr\/wp-json\/wp\/v2\/categories?post=39899"},{"taxonomy":"post_tag","embeddable":true,"href":"https:\/\/www.europesays.com\/fr\/wp-json\/wp\/v2\/tags?post=39899"}],"curies":[{"name":"wp","href":"https:\/\/api.w.org\/{rel}","templated":true}]}}