{"id":399008,"date":"2025-09-18T03:39:12","date_gmt":"2025-09-18T03:39:12","guid":{"rendered":"https:\/\/www.europesays.com\/fr\/399008\/"},"modified":"2025-09-18T03:39:12","modified_gmt":"2025-09-18T03:39:12","slug":"emmanuel-macron-inaugurera-vendredi-les-tours-rouvertes-apres-lincendie","status":"publish","type":"post","link":"https:\/\/www.europesays.com\/fr\/399008\/","title":{"rendered":"Emmanuel Macron inaugurera vendredi les tours, rouvertes apr\u00e8s l&rsquo;incendie"},"content":{"rendered":"<p class=\"article-p mdl\">En amont de la 42e \u00e9dition des <strong>Journ\u00e9es europ\u00e9ennes du patrimoine<\/strong>, pr\u00e9vues ce week-end, le pr\u00e9sident de la R\u00e9publique va inaugurer ce vendredi 19 septembre <strong>les tours de Notre-Dame de Paris<\/strong>, restaur\u00e9es apr\u00e8s l&rsquo;incendie subi en avril 2019.\u00a0<a class=\"link\" href=\"https:\/\/www.rtl.fr\/actu\/politique\/le-en-meme-temps-de-macron-c-est-n-importe-quoi-regrette-erik-orsenna-7900540659\" target=\"_blank\" rel=\"noopener\">Le pr\u00e9sident<\/a>,\u00a0qui a tr\u00e8s r\u00e9guli\u00e8rement visit\u00e9 le chantier record au fil de son avanc\u00e9e <strong>pendant cinq ans<\/strong>, revient ainsi \u00e0 Notre-Dame pour un nouveau moment r\u00e9jouissant de reconstruction.<\/p>\n<p class=\"article-p mdl\">\u00ab\u00a0Le circuit de visite des tours finalise la r\u00e9ouverture au public de la cath\u00e9drale, qui depuis d\u00e9cembre 2024 a suscit\u00e9 un v\u00e9ritable engouement populaire avec plus de huit millions de visiteurs, devenant ainsi le monument le plus visit\u00e9 de France\u00a0\u00bb, a indiqu\u00e9 la pr\u00e9sidence dans un communiqu\u00e9.<\/p>\n<p class=\"article-p mdl\">La\u00a0<a class=\"link\" href=\"https:\/\/www.rtl.fr\/actu\/politique\/vous-l-avez-sauvee-macron-decore-cent-artisans-du-chantier-de-la-reconstruction-de-notre-dame-de-paris-7900494787\" target=\"_blank\" rel=\"noopener\">restauration des tours de l&rsquo;\u00e9difice gothique<\/a>\u00a0\u00ab\u00a0parach\u00e8ve ce chantier exceptionnel ayant mobilis\u00e9 plus de 2.000 compagnons et un grand nombre d&rsquo;entreprises sur l&rsquo;ensemble du territoire\u00a0\u00bb, souligne-t-elle \u00e9galement. Selon l&rsquo;Elys\u00e9e, le nouveau parcours \u00ab\u00a0offrira des points de vue spectaculaires et in\u00e9dits sur Paris et sur le monument, ses beffrois et leurs bourdons\u00a0\u00bb.<\/p>\n<p class=\"article-p mdl\">Notre-Dame de Paris, qui a rouvert en grande pompe les 7 et 8 d\u00e9cembre derniers, est <strong>le monument le plus visit\u00e9 de France<\/strong>\u00a0cette ann\u00e9e, loin de devant le mus\u00e9e du Louvre ou encore le Sacr\u00e9 Coeur de Montmartre. Plus de 12 \u00e0 13 millions de personnes pourraient passer ses portes en un an, d\u00e9but d\u00e9cembre 2025, selon les premi\u00e8re pr\u00e9dictions.<\/p>\n<p>    La r\u00e9daction vous recommande<\/p>\n<p class=\"s-newsletter__title\">\n                L\u2019actualit\u00e9 par la r\u00e9daction de RTL dans votre bo\u00eete mail.\n            <\/p>\n<p class=\"s-newsletter__subtitle\">\n                Gr\u00e2ce \u00e0 votre compte RTL abonnez-vous \u00e0 la newsletter RTL info pour suivre toute l&rsquo;actualit\u00e9 au quotidien\n            <\/p>\n<p>\n                                    Lire la suite\n                                <\/p>\n","protected":false},"excerpt":{"rendered":"En amont de la 42e \u00e9dition des Journ\u00e9es europ\u00e9ennes du patrimoine, pr\u00e9vues ce week-end, le pr\u00e9sident de la&hellip;\n","protected":false},"author":2,"featured_media":399009,"comment_status":"","ping_status":"","sticky":false,"template":"","format":"standard","meta":{"footnotes":""},"categories":[1888],"tags":[1111,1928,11,1927,1073,1777,674,107,1011,27,1310,48159,12,1926,3341,626,1925,25,2021],"class_list":{"0":"post-399008","1":"post","2":"type-post","3":"status-publish","4":"format-standard","5":"has-post-thumbnail","7":"category-paris","8":"tag-actu","9":"tag-actu-paris","10":"tag-actualites","11":"tag-actualites-paris","12":"tag-emmanuel-macron","13":"tag-eu","14":"tag-europe","15":"tag-fil-info","16":"tag-fr","17":"tag-france","18":"tag-incendie","19":"tag-journees-du-patrimoine","20":"tag-news","21":"tag-news-paris","22":"tag-notre-dame-de-paris","23":"tag-paris","24":"tag-paris-news","25":"tag-republique-francaise","26":"tag-restauration"},"share_on_mastodon":{"url":"https:\/\/pubeurope.com\/@fr\/115223223659945772","error":""},"_links":{"self":[{"href":"https:\/\/www.europesays.com\/fr\/wp-json\/wp\/v2\/posts\/399008","targetHints":{"allow":["GET"]}}],"collection":[{"href":"https:\/\/www.europesays.com\/fr\/wp-json\/wp\/v2\/posts"}],"about":[{"href":"https:\/\/www.europesays.com\/fr\/wp-json\/wp\/v2\/types\/post"}],"author":[{"embeddable":true,"href":"https:\/\/www.europesays.com\/fr\/wp-json\/wp\/v2\/users\/2"}],"replies":[{"embeddable":true,"href":"https:\/\/www.europesays.com\/fr\/wp-json\/wp\/v2\/comments?post=399008"}],"version-history":[{"count":0,"href":"https:\/\/www.europesays.com\/fr\/wp-json\/wp\/v2\/posts\/399008\/revisions"}],"wp:featuredmedia":[{"embeddable":true,"href":"https:\/\/www.europesays.com\/fr\/wp-json\/wp\/v2\/media\/399009"}],"wp:attachment":[{"href":"https:\/\/www.europesays.com\/fr\/wp-json\/wp\/v2\/media?parent=399008"}],"wp:term":[{"taxonomy":"category","embeddable":true,"href":"https:\/\/www.europesays.com\/fr\/wp-json\/wp\/v2\/categories?post=399008"},{"taxonomy":"post_tag","embeddable":true,"href":"https:\/\/www.europesays.com\/fr\/wp-json\/wp\/v2\/tags?post=399008"}],"curies":[{"name":"wp","href":"https:\/\/api.w.org\/{rel}","templated":true}]}}