{"id":399020,"date":"2025-09-18T03:45:11","date_gmt":"2025-09-18T03:45:11","guid":{"rendered":"https:\/\/www.europesays.com\/fr\/399020\/"},"modified":"2025-09-18T03:45:11","modified_gmt":"2025-09-18T03:45:11","slug":"aux-etats-unis-un-juge-ordonne-lexpulsion-de-letudiant-pro-palestinien-mahmoud-khalil","status":"publish","type":"post","link":"https:\/\/www.europesays.com\/fr\/399020\/","title":{"rendered":"Aux \u00c9tats-Unis, un juge ordonne l\u2019expulsion de l\u2019\u00e9tudiant pro-palestinien Mahmoud Khalil"},"content":{"rendered":"<p>Malgr\u00e9 son statut de r\u00e9sident permanent, Mahmoud Khalil est menac\u00e9 d\u2019expulsion. Il est accus\u00e9 d\u2019avoir fait l\u2019apologie du Hamas lors de manifestations contre la guerre \u00e0 Gaza sur le campus de l\u2019universit\u00e9 Columbia \u00e0 New York.<\/p>\n<p class=\"fig-paragraph\">Un juge am\u00e9ricain a ordonn\u00e9 l\u2019expulsion du militant pro-palestinien\u00a0<a href=\"http:\/\/www.lefigaro.fr\/international\/mahmoud-khalil-l-activiste-palestinien-de-l-universite-columbia-devenu-la-bete-noire-de-donald-trump-20250313\" target=\"_blank\" data-fig-type=\"Article\" rel=\"noopener nofollow\" data-gtm-custom-categorie=\"navigation\" data-gtm-custom-action=\"crossclick\" data-gtm-custom-label=\"Contextuel\" data-gtm-event=\"customEventSPE\" data-fig-domain=\"LEFIGARO\">Mahmoud Khalil<\/a>\u00a0vers l\u2019Alg\u00e9rie ou la Syrie, selon un arr\u00eat rendu public mercredi. Le leader du mouvement de contestation pro-palestinienne de l\u2019universit\u00e9 Columbia, \u00e0 New York, devra \u00ab\u00eatre expuls\u00e9 des \u00c9tats-Unis vers l\u2019Alg\u00e9rie, ou \u00e0 d\u00e9faut vers la Syrie\u00bb en raison d\u2019une irr\u00e9gularit\u00e9 dans sa demande de titre de s\u00e9jour, a statu\u00e9 un juge de Louisiane, Jamee Comans.<\/p>\n<p class=\"fig-paragraph\">N\u00e9 en Syrie de parents palestiniens et titulaire d\u2019une carte de r\u00e9sident am\u00e9ricain, Mahmoud Khalil avait \u00e9t\u00e9 arr\u00eat\u00e9 le 8 mars \u00e0 New York par la police f\u00e9d\u00e9rale des fronti\u00e8res (ICE). Il avait \u00e9t\u00e9 lib\u00e9r\u00e9 le 21 juin, mais sa proc\u00e9dure d\u2019expulsion \u00e9tait toujours en cours.<\/p>\n<p>                                    <a class=\"fig-a11y-skip a11y-hidden\" href=\"#fig-a11y-skip-main-inarticle\"><br \/>\n        Passer la publicit\u00e9<br \/>\n    <\/a><\/p>\n<p class=\"fig-paragraph\">Devenu le symbole de la volont\u00e9 du pr\u00e9sident am\u00e9ricain Donald Trump de museler le mouvement de soutien \u00e0 la Palestine sur les campus, Mahmoud Khalil a \u00e9t\u00e9 accus\u00e9 par l\u2019administration Trump d\u2019\u00eatre un \u00absoutien du Hamas\u00bb.<\/p>\n","protected":false},"excerpt":{"rendered":"Malgr\u00e9 son statut de r\u00e9sident permanent, Mahmoud Khalil est menac\u00e9 d\u2019expulsion. Il est accus\u00e9 d\u2019avoir fait l\u2019apologie du&hellip;\n","protected":false},"author":2,"featured_media":399021,"comment_status":"","ping_status":"","sticky":false,"template":"","format":"standard","meta":{"footnotes":""},"categories":[1589],"tags":[11,73,1866,12,7621,1864,1865,1863,308],"class_list":{"0":"post-399020","1":"post","2":"type-post","3":"status-publish","4":"format-standard","5":"has-post-thumbnail","7":"category-etats-unis","8":"tag-actualites","9":"tag-etats-unis","10":"tag-etats-unis-damerique","11":"tag-news","12":"tag-palestiniens","13":"tag-united-states","14":"tag-united-states-of-america","15":"tag-us","16":"tag-usa"},"share_on_mastodon":{"url":"https:\/\/pubeurope.com\/@fr\/115223247256363430","error":""},"_links":{"self":[{"href":"https:\/\/www.europesays.com\/fr\/wp-json\/wp\/v2\/posts\/399020","targetHints":{"allow":["GET"]}}],"collection":[{"href":"https:\/\/www.europesays.com\/fr\/wp-json\/wp\/v2\/posts"}],"about":[{"href":"https:\/\/www.europesays.com\/fr\/wp-json\/wp\/v2\/types\/post"}],"author":[{"embeddable":true,"href":"https:\/\/www.europesays.com\/fr\/wp-json\/wp\/v2\/users\/2"}],"replies":[{"embeddable":true,"href":"https:\/\/www.europesays.com\/fr\/wp-json\/wp\/v2\/comments?post=399020"}],"version-history":[{"count":0,"href":"https:\/\/www.europesays.com\/fr\/wp-json\/wp\/v2\/posts\/399020\/revisions"}],"wp:featuredmedia":[{"embeddable":true,"href":"https:\/\/www.europesays.com\/fr\/wp-json\/wp\/v2\/media\/399021"}],"wp:attachment":[{"href":"https:\/\/www.europesays.com\/fr\/wp-json\/wp\/v2\/media?parent=399020"}],"wp:term":[{"taxonomy":"category","embeddable":true,"href":"https:\/\/www.europesays.com\/fr\/wp-json\/wp\/v2\/categories?post=399020"},{"taxonomy":"post_tag","embeddable":true,"href":"https:\/\/www.europesays.com\/fr\/wp-json\/wp\/v2\/tags?post=399020"}],"curies":[{"name":"wp","href":"https:\/\/api.w.org\/{rel}","templated":true}]}}