{"id":399028,"date":"2025-09-18T03:49:10","date_gmt":"2025-09-18T03:49:10","guid":{"rendered":"https:\/\/www.europesays.com\/fr\/399028\/"},"modified":"2025-09-18T03:49:10","modified_gmt":"2025-09-18T03:49:10","slug":"climat-divisee-lue-essaye-de-ne-pas-arriver-les-mains-vides-a-la-cop-de-belem-actualites","status":"publish","type":"post","link":"https:\/\/www.europesays.com\/fr\/399028\/","title":{"rendered":"Climat: divis\u00e9e, l&rsquo;UE essaye de ne pas arriver les mains vides \u00e0 la COP de B\u00e9lem : Actualit\u00e9s"},"content":{"rendered":"<p class=\"lead \">Divis\u00e9s sur leur trajectoire climatique en 2040, les pays europ\u00e9ens vont tenter jeudi de se mettre d&rsquo;accord a minima sur un message commun \u00e0 porter lors de la prochaine grande conf\u00e9rence de l&rsquo;ONU sur le climat au Br\u00e9sil en novembre.<\/p>\n<p class=\"lead \">Faute de mieux, les ministres de l&rsquo;Environnement vont discuter \u00e0 Bruxelles d&rsquo;une simple \u00ab\u00a0d\u00e9claration d&rsquo;intention\u00a0\u00bb sur la r\u00e9duction des \u00e9missions de gaz \u00e0 effet de serre de l&rsquo;Union europ\u00e9enne \u00e0 l&rsquo;horizon 2035.<\/p>\n<p class=\"lead \">L&rsquo;id\u00e9e serait d&rsquo;approuver une fourchette de baisse des \u00e9missions dans les dix ans qui viennent &#8211; entre -66,3% et -72,5% des \u00e9missions par rapport \u00e0 1990. Puis de pr\u00e9ciser la cible quand les 27 auront arrach\u00e9 un compromis sur leur trajectoire 2040.<\/p>\n<p class=\"lead \">\u00ab\u00a0Cette approche permettrait \u00e0 l&rsquo;UE de ne pas arriver les mains vides\u00a0\u00bb \u00e0 un sommet onusien sur le climat dans une semaine aux Etats-Unis, puis \u00e0 la COP30 au Br\u00e9sil en novembre, souligne le Danemark, qui occupe la pr\u00e9sidence tournante de l&rsquo;Union europ\u00e9enne.<\/p>\n<p class=\"lead \">La pr\u00e9sidente de la Commission, Ursula von der Leyen, doit d\u00e9fendre les ambitions climatiques de l&rsquo;Europe le 24 septembre \u00e0 New York, en marge de l&rsquo;Assembl\u00e9e g\u00e9n\u00e9rale de l&rsquo;ONU.<\/p>\n<p class=\"lead \">Le compromis propos\u00e9 par les Danois est \u00ab\u00a0loin d&rsquo;\u00eatre id\u00e9al\u00a0\u00bb, mais \u00ab\u00a0c&rsquo;est la meilleure option\u00a0\u00bb \u00e0 ce stade, consid\u00e8re Elisa Giannelli, du think tank E3G.<\/p>\n<p class=\"lead \">Cela \u00ab\u00a0permet \u00e0 l&rsquo;Union europ\u00e9enne de sauver la face au niveau international\u00a0\u00bb.<\/p>\n<p class=\"lead \">&#8211; Profondes divergences &#8211;<\/p>\n<p class=\"lead \">Encore faut-il que les 27 donnent leur feu vert jeudi. \u00ab\u00a0Je ne suis pas s\u00fbr qu&rsquo;on y arrivera\u00a0\u00bb, pr\u00e9vient anonymement un responsable europ\u00e9en, qui s&rsquo;attend \u00e0 une discussion jusque dans la soir\u00e9e et conseille de prendre \u00ab\u00a0un sac de couchage\u00a0\u00bb. <\/p>\n<p class=\"lead \">Bouscul\u00e9e par la pouss\u00e9e de l&rsquo;extr\u00eame droite aux \u00e9lections europ\u00e9ennes de juin 2024, l&rsquo;UE est beaucoup moins allante sur les enjeux environnementaux que lors du pr\u00e9c\u00e9dent mandat.<\/p>\n<p class=\"lead \">L&rsquo;\u00e9cologie peine \u00e0 trouver une place dans l&rsquo;agenda, dans un contexte g\u00e9opolitique tendu.<\/p>\n<p class=\"lead \">A ce stade, les Europ\u00e9ens n&rsquo;arrivent pas \u00e0 surmonter leurs divergences sur la proposition de la Commission europ\u00e9enne de r\u00e9duire de 90% les \u00e9missions de gaz \u00e0 effet de serre en 2040 par rapport \u00e0 1990.<\/p>\n<p class=\"lead \">Le Danemark et l&rsquo;Espagne poussent pour, mais des pays comme la Hongrie et la R\u00e9publique tch\u00e8que sont contre au nom de la d\u00e9fense de leur industrie, et la France reste prudente.<\/p>\n<p class=\"lead \">La Commission a fait un geste d\u00e9but juillet, en proposant des flexibilit\u00e9s dans le mode de calcul: la possibilit\u00e9 d&rsquo;acqu\u00e9rir des cr\u00e9dits carbone internationaux, \u00e0 hauteur de 3% du total, qui financeraient des projets en dehors de l&rsquo;Europe.<\/p>\n<p class=\"lead \">Mais cette concession n&rsquo;a pas suffi.<\/p>\n<p class=\"lead \">&#8211; \u00ab\u00a0Mauvais signal\u00a0\u00bb &#8211;<\/p>\n<p class=\"lead \">La semaine derni\u00e8re, la France et l&rsquo;Allemagne ont provoqu\u00e9 la col\u00e8re des organisations environnementales en r\u00e9clamant d&rsquo;abord une discussion entre chefs d&rsquo;Etat et de gouvernement lors du sommet europ\u00e9en du 23 octobre \u00e0 Bruxelles.<\/p>\n<p class=\"lead \">L&rsquo;Europe est en train d&rsquo;envoyer \u00ab\u00a0un mauvais signal\u00a0\u00bb et ne \u00ab\u00a0montre pas son leadership en mati\u00e8re d&rsquo;action climatique\u00a0\u00bb, peste Michael Sicaud-Clyet, de l&rsquo;ONG WWF.<\/p>\n<p class=\"lead \">A Bruxelles, le commissaire europ\u00e9en en charge du climat, Wopke Hoekstra, veut croire qu&rsquo;un compromis est encore possible.<\/p>\n<p class=\"lead \">\u00ab\u00a0Je suis convaincu que nous parviendrons \u00e0 r\u00e9gler la question de 2040 avant notre arriv\u00e9e \u00e0 Bel\u00e9m\u00a0\u00bb, la ville br\u00e9silienne o\u00f9 se tiendra la COP30 du 10 au 21 novembre, affirme-t-il \u00e0 l&rsquo;AFP.<\/p>\n<p class=\"lead \">Avant de se prononcer, les autorit\u00e9s fran\u00e7aises r\u00e9clament notamment des garanties sur le financement de la d\u00e9carbonation de l&rsquo;industrie. <\/p>\n<p class=\"lead \">Paris critique la m\u00e9thode de la Commission, qui a li\u00e9 les \u00e9ch\u00e9ances 2035 et 2040, quand l&rsquo;ONU r\u00e9clamait en f\u00e9vrier dernier que les pays signataires de l&rsquo;Accord de Paris publient leur engagements de d\u00e9carbonation pour 2035 (les \u00ab\u00a0contributions d\u00e9termin\u00e9es au niveau national\u00a0\u00bb, les NDC dans le jargon onusien).<\/p>\n<p class=\"lead \">En temporisant, la France et l&rsquo;Allemagne s&rsquo;efforcent aussi de m\u00e9nager leur opinion publique, alors que l&rsquo;extr\u00eame droite, pourfendeuse de \u00ab\u00a0l&rsquo;\u00e9cologie punitive\u00a0\u00bb de Bruxelles, progresse de plus en plus.<\/p>\n<p class=\"lead \">Aux Nations Unies, on s&rsquo;inqui\u00e8te que l&rsquo;UE perde l&rsquo;effet d&rsquo;entra\u00eenement qu&rsquo;elle avait jusqu&rsquo;ici sur les questions environnementales.<\/p>\n<p class=\"lead \">La COP30 ne \u00ab\u00a0prend pas la voie d&rsquo;un sommet magistral\u00a0\u00bb \u00e0 ce stade et l&rsquo;Europe pourra se \u00ab\u00a0d\u00e9douaner\u00a0\u00bb en disant que les autres pays ne font pas mieux qu&rsquo;elle, redoute une source onusienne.<\/p>\n<p class=\"small font-weight-bold text-gray3 \"> publi\u00e9 le 18 septembre \u00e0 04h49, AFP<\/p>\n<p>                             Partager<\/p>\n","protected":false},"excerpt":{"rendered":"Divis\u00e9s sur leur trajectoire climatique en 2040, les pays europ\u00e9ens vont tenter jeudi de se mettre d&rsquo;accord a&hellip;\n","protected":false},"author":2,"featured_media":399029,"comment_status":"","ping_status":"","sticky":false,"template":"","format":"standard","meta":{"footnotes":""},"categories":[1586],"tags":[11,1129,53082,312,436,1777,674,1779,1011,27,12,3521,316,25,1778,364],"class_list":{"0":"post-399028","1":"post","2":"type-post","3":"status-publish","4":"format-standard","5":"has-post-thumbnail","7":"category-europe","8":"tag-actualites","9":"tag-climat","10":"tag-cop30","11":"tag-diplomatie","12":"tag-environnement","13":"tag-eu","14":"tag-europe","15":"tag-european-union","16":"tag-fr","17":"tag-france","18":"tag-news","19":"tag-onu","20":"tag-politique","21":"tag-republique-francaise","22":"tag-ue","23":"tag-union-europeenne"},"share_on_mastodon":{"url":"https:\/\/pubeurope.com\/@fr\/115223262953305310","error":""},"_links":{"self":[{"href":"https:\/\/www.europesays.com\/fr\/wp-json\/wp\/v2\/posts\/399028","targetHints":{"allow":["GET"]}}],"collection":[{"href":"https:\/\/www.europesays.com\/fr\/wp-json\/wp\/v2\/posts"}],"about":[{"href":"https:\/\/www.europesays.com\/fr\/wp-json\/wp\/v2\/types\/post"}],"author":[{"embeddable":true,"href":"https:\/\/www.europesays.com\/fr\/wp-json\/wp\/v2\/users\/2"}],"replies":[{"embeddable":true,"href":"https:\/\/www.europesays.com\/fr\/wp-json\/wp\/v2\/comments?post=399028"}],"version-history":[{"count":0,"href":"https:\/\/www.europesays.com\/fr\/wp-json\/wp\/v2\/posts\/399028\/revisions"}],"wp:featuredmedia":[{"embeddable":true,"href":"https:\/\/www.europesays.com\/fr\/wp-json\/wp\/v2\/media\/399029"}],"wp:attachment":[{"href":"https:\/\/www.europesays.com\/fr\/wp-json\/wp\/v2\/media?parent=399028"}],"wp:term":[{"taxonomy":"category","embeddable":true,"href":"https:\/\/www.europesays.com\/fr\/wp-json\/wp\/v2\/categories?post=399028"},{"taxonomy":"post_tag","embeddable":true,"href":"https:\/\/www.europesays.com\/fr\/wp-json\/wp\/v2\/tags?post=399028"}],"curies":[{"name":"wp","href":"https:\/\/api.w.org\/{rel}","templated":true}]}}