{"id":399035,"date":"2025-09-18T03:56:09","date_gmt":"2025-09-18T03:56:09","guid":{"rendered":"https:\/\/www.europesays.com\/fr\/399035\/"},"modified":"2025-09-18T03:56:09","modified_gmt":"2025-09-18T03:56:09","slug":"un-italien-pur-sang-avec-laccent-dadolf-hitler-le-rappeur-fedez-sen-prend-au-n2-mondial-jannik-sinner-et-declenche-un-tolle-en-italie","status":"publish","type":"post","link":"https:\/\/www.europesays.com\/fr\/399035\/","title":{"rendered":"\u00abUn Italien pur-sang avec l\u2019accent d\u2019Adolf Hitler\u00bb, le rappeur Fedez s\u2019en prend au n\u00b02 mondial Jannik Sinner et d\u00e9clenche un toll\u00e9 en Italie"},"content":{"rendered":"<p><strong>LE SCAN SPORT<\/strong> \u2013 Le controvers\u00e9 rappeur italien Fedez, habitu\u00e9 des pol\u00e9miques, a d\u00e9voil\u00e9 un extrait de son prochain morceau o\u00f9 il compare notamment le champion de tennis Jannik Sinner au dictateur nazi.<\/p>\n<p class=\"fig-paragraph\">L\u2019extrait de la honte. Le rappeur italien Fedez, accoutum\u00e9 des textes percutants et des pol\u00e9miques planifi\u00e9es, a une nouvelle fois engendr\u00e9 un v\u00e9ritable raz-de-mar\u00e9e m\u00e9diatique de l\u2019autre c\u00f4t\u00e9 des Alpes. En d\u00e9voilant sur son compte Instagram suivi par 13 millions d\u2019abonn\u00e9s un extrait de l\u2019un de ses prochains titres, l\u2019artiste a r\u00e9ussi ce qu\u2019il sait faire de mieux\u00a0: faire parler de lui. Mais cette fois, la provocation pourrait lui co\u00fbter (tr\u00e8s) cher.<\/p>\n<p class=\"fig-paragraph\">Dans ce nouveau morceau encore in\u00e9dit, Fedez s\u2019en prend \u00e0 plusieurs figures publiques, dont Elly Schlein \u2013 secr\u00e9taire du Parti d\u00e9mocrate italien \u2013 mais surtout \u00e0\u00a0<a href=\"http:\/\/www.lefigaro.fr\/sports\/tennis\/us-open\/tennis-comment-carlos-alcaraz-a-pris-l-ascendant-sur-son-grand-rival-jannik-sinner-20250908\" data-fig-type=\"Article\" data-gtm-custom-categorie=\"navigation\" data-gtm-custom-action=\"crossclick\" data-gtm-custom-label=\"Contextuel\" data-gtm-event=\"customEventSPE\" data-fig-domain=\"LEFIGARO\" target=\"_blank\" rel=\"noopener\">Jannik Sinner<\/a>, n\u00b02 mondial \u00e0 l\u2019ATP et vainqueur de quatre tournois du Grand Chelem, qu\u2019il \u00e9voque avec une formule choc et scabreuse\u00a0: \u00abL\u2019Italien a une nouvelle idole, il s\u2019appelle Jannik Sinner. Un Italien pur-sang avec l\u2019accent d\u2019Adolf Hitler.\u00bb<\/p>\n<p>                                    <a class=\"fig-a11y-skip a11y-hidden\" href=\"#fig-a11y-skip-main-inarticle\"><br \/>\n        Passer la publicit\u00e9<br \/>\n    <\/a><\/p>\n<p class=\"fig-paragraph\">Une phrase que beaucoup jugent inacceptable, que cela soit en Italie ou partout dans le monde, et qui a imm\u00e9diatement enflamm\u00e9 les r\u00e9seaux sociaux ainsi que la presse locale, notamment la\u00a0<a href=\"https:\/\/www.gazzetta.it\/\" target=\"_blank\" rel=\"sponsored noopener\" data-gtm-custom-categorie=\"navigation\" data-gtm-custom-action=\"crossclick\" data-gtm-custom-label=\"Contextuel\" data-gtm-event=\"customEventSPE\">Gazzetta dello Sport<\/a>, qui d\u00e9nonce une \u00abfolie indigne et honteuse\u00bb.<\/p>\n<p class=\"fig-body-link\">\n            \u00c0 lire aussi<br \/>\n        <a class=\"fig-body-link__link fig-premium-mark\" href=\"http:\/\/www.lefigaro.fr\/sports\/tennis\/us-open\/tennis-comment-carlos-alcaraz-a-pris-l-ascendant-sur-son-grand-rival-jannik-sinner-20250908\" data-fig-type=\"Article\" data-gtm-custom-categorie=\"navigation\" data-gtm-custom-action=\"crossclick\" data-gtm-custom-label=\"Contextuel\" data-gtm-event=\"customEventSPE\" data-fig-domain=\"LEFIGARO\" target=\"_blank\" rel=\"noopener\">Tennis\u00a0: comment Carlos Alcaraz a pris l\u2019ascendant sur son grand rival Jannik Sinner<br \/>\n    <\/a>\n<\/p>\n<p>Sinner, une italianit\u00e9 sans cesse remise en question<\/p>\n<p class=\"fig-paragraph\">\u00c0 travers cette comparaison jug\u00e9e de tr\u00e8s mauvais go\u00fbt, le rappeur fait r\u00e9f\u00e9rence aux origines du r\u00e9cent vainqueur de\u00a0<a href=\"http:\/\/www.lefigaro.fr\/sports\/tennis\/wimbledon\/la-revanche-du-roi-sinner-nouveau-maitre-du-gazon-20250713\" data-fig-type=\"Article\" data-gtm-custom-categorie=\"navigation\" data-gtm-custom-action=\"crossclick\" data-gtm-custom-label=\"Contextuel\" data-gtm-event=\"customEventSPE\" data-fig-domain=\"LEFIGARO\" target=\"_blank\" rel=\"noopener\">Wimbledon<\/a>, n\u00e9 \u00e0 San Candido dans le Tyrol du Sud \u2013 une r\u00e9gion italienne frontali\u00e8re de l\u2019Autriche \u2013 , o\u00f9 l\u2019allemand est encore largement parl\u00e9. Le jeune champion, issu d\u2019une famille germanophone d\u2019origine autrichienne, n\u2019a pourtant cess\u00e9 de revendiquer son identit\u00e9 italienne depuis le d\u00e9but de sa carri\u00e8re, affirmant se sentir \u00ab100 % italien\u00bb.<\/p>\n<blockquote class=\"fig-quote&#10;    \">\n<p class=\"fig-quote__text\">\u00ab \u00c0 mon avis, Jannik se fiche compl\u00e8tement de ce qu\u2019il se passe ici. Il vient du Haut-Adige, il vit \u00e0 Monte-Carlo&#8230;\u00a0\u00bb<\/p>\n<p>            Fedez\n    <\/p><\/blockquote>\n<p class=\"fig-paragraph\">Mais pour Fedez, cette \u00abironie\u00bb est une critique d\u00e9tourn\u00e9e non pas de l\u2019ex-n\u00b01 mondial lui-m\u00eame, mais du \u00abfanatisme italien\u00bb autour de sa r\u00e9ussite. Interrog\u00e9 mardi par La Zanzara, \u00e9mission radio connue pour ses interviews sans filtre, le rappeur a tent\u00e9 de d\u00e9samorcer la pol\u00e9mique\u00a0: \u00abCe n\u2019est pas une attaque contre Sinner. Je ne le connais pas, et d\u2019ailleurs, je n\u2019en ai pas envie. Ce n\u2019est pas le sujet.\u00bb<\/p>\n<p class=\"fig-body-link\">\n            \u00c0 lire aussi<br \/>\n        <a class=\"fig-body-link__link fig-premium-mark\" href=\"http:\/\/www.lefigaro.fr\/sports\/tennis\/wimbledon\/wimbledon-sinner-alcaraz-une-belle-rivalite-partie-pour-durer-20250714\" data-fig-type=\"Article\" data-gtm-custom-categorie=\"navigation\" data-gtm-custom-action=\"crossclick\" data-gtm-custom-label=\"Contextuel\" data-gtm-event=\"customEventSPE\" data-fig-domain=\"LEFIGARO\" target=\"_blank\" rel=\"noopener\">Wimbledon: Sinner-Alcaraz, une belle rivalit\u00e9 partie pour durer<br \/>\n    <\/a>\n<\/p>\n<p>\u00abQuiconque veut comprendre ce qu\u2019il se passe en Italie ne peut pas vivre \u00e0 Monaco\u00bb<\/p>\n<p class=\"fig-paragraph\">Fid\u00e8le \u00e0 son style provocateur et arrogant, le Milanais de 35 ans ne se contente pas de se justifier. Il persiste, signe et ironise sur la distance qui existerait selon lui entre Sinner et les r\u00e9alit\u00e9s du pays qu\u2019il repr\u00e9sente.<\/p>\n<p class=\"fig-paragraph\">\u00abC\u2019est un type formidable qui vit \u00e0 Monaco et qui n\u2019y paie pas d\u2019imp\u00f4ts. Il est bien plus riche que moi\u00bb, a-t-il lanc\u00e9 avec sarcasme, avant de plaisanter sur l\u2019\u00e9vasion fiscale et de conclure\u00a0: \u00abSi je pouvais le faire, je serais le num\u00e9ro un. Quiconque veut comprendre ce qu\u2019il se passe en Italie ne peut pas vivre \u00e0 Monte-Carlo. Je me sentirais moins l\u00e9gitime \u00e0 parler si j\u2019\u00e9tais \u00e0 sa place. \u00c0 mon avis, Jannik se fiche compl\u00e8tement de ce qui se passe ici. Il vient du Haut-Adige, il vit \u00e0 Monaco&#8230;\u00bb<\/p>\n<p>                                    <a class=\"fig-a11y-skip a11y-hidden\" href=\"#fig-a11y-skip-main-inarticle_mtf\"><br \/>\n        Passer la publicit\u00e9<br \/>\n    <\/a><\/p>\n<p class=\"fig-paragraph\">Le rappeur lombard, qui interpr\u00e9tera ce morceau lors de ses concerts pr\u00e9vus les 19 et 20 septembre au Forum d\u2019Assago (Milan), semble clairement avoir orchestr\u00e9 un nouveau risible coup m\u00e9diatique dont il a le secret. Mais cette fois, la ficelle semble trop grosse pour certains, et la provocation, trop grave. Affaire \u00e0 suivre&#8230;<\/p>\n","protected":false},"excerpt":{"rendered":"LE SCAN SPORT \u2013 Le controvers\u00e9 rappeur italien Fedez, habitu\u00e9 des pol\u00e9miques, a d\u00e9voil\u00e9 un extrait de son&hellip;\n","protected":false},"author":2,"featured_media":399036,"comment_status":"","ping_status":"","sticky":false,"template":"","format":"standard","meta":{"footnotes":""},"categories":[1415],"tags":[1011,27,452,20859,4977,60,1467],"class_list":{"0":"post-399035","1":"post","2":"type-post","3":"status-publish","4":"format-standard","5":"has-post-thumbnail","7":"category-tennis","8":"tag-fr","9":"tag-france","10":"tag-italie","11":"tag-jannik-sinner","12":"tag-le-scan-sport","13":"tag-sports","14":"tag-tennis"},"share_on_mastodon":{"url":"https:\/\/pubeurope.com\/@fr\/115223290389819578","error":""},"_links":{"self":[{"href":"https:\/\/www.europesays.com\/fr\/wp-json\/wp\/v2\/posts\/399035","targetHints":{"allow":["GET"]}}],"collection":[{"href":"https:\/\/www.europesays.com\/fr\/wp-json\/wp\/v2\/posts"}],"about":[{"href":"https:\/\/www.europesays.com\/fr\/wp-json\/wp\/v2\/types\/post"}],"author":[{"embeddable":true,"href":"https:\/\/www.europesays.com\/fr\/wp-json\/wp\/v2\/users\/2"}],"replies":[{"embeddable":true,"href":"https:\/\/www.europesays.com\/fr\/wp-json\/wp\/v2\/comments?post=399035"}],"version-history":[{"count":0,"href":"https:\/\/www.europesays.com\/fr\/wp-json\/wp\/v2\/posts\/399035\/revisions"}],"wp:featuredmedia":[{"embeddable":true,"href":"https:\/\/www.europesays.com\/fr\/wp-json\/wp\/v2\/media\/399036"}],"wp:attachment":[{"href":"https:\/\/www.europesays.com\/fr\/wp-json\/wp\/v2\/media?parent=399035"}],"wp:term":[{"taxonomy":"category","embeddable":true,"href":"https:\/\/www.europesays.com\/fr\/wp-json\/wp\/v2\/categories?post=399035"},{"taxonomy":"post_tag","embeddable":true,"href":"https:\/\/www.europesays.com\/fr\/wp-json\/wp\/v2\/tags?post=399035"}],"curies":[{"name":"wp","href":"https:\/\/api.w.org\/{rel}","templated":true}]}}