{"id":399039,"date":"2025-09-18T03:59:10","date_gmt":"2025-09-18T03:59:10","guid":{"rendered":"https:\/\/www.europesays.com\/fr\/399039\/"},"modified":"2025-09-18T03:59:10","modified_gmt":"2025-09-18T03:59:10","slug":"om-de-bruyne-le-message-est-lache-en-plein-direct","status":"publish","type":"post","link":"https:\/\/www.europesays.com\/fr\/399039\/","title":{"rendered":"OM &#8211; De Bruyne : Le message est l\u00e2ch\u00e9 en plein direct !"},"content":{"rendered":"<p>                    Arthur Montagne<br \/>\n                        &#8211;<\/p>\n<p>Journaliste<\/p>\n<p>Affam\u00e9 de sport, il a grandi au son des moteurs de Formule 1 et des exploits de Ronaldinho. Aujourd\u2019hui, diplom\u00e9 d&rsquo;un Master de journalisme de sport, il ne rate plus un Grand Prix de F1 ni un match du PSG, ses deux passions et sp\u00e9cialit\u00e9s<\/p>\n<p class=\"heading\">Battu sur la pelouse du Real Madrid mardi soir (1-2), l&rsquo;OM a notamment p\u00each\u00e9 dans le derniers gestes alors que l&rsquo;opportunit\u00e9 de r\u00e9aliser un gros coup en Espagne est possible. Eric Di Meco explique que cela d\u00e9montre la diff\u00e9rence entre les \u00e9quipes qui poss\u00e8dent des joueurs diff\u00e9rents tels que Kevin De Bruyne ou Lamine Yamal. Des joueurs capables de faire la diff\u00e9rence.<\/p>\n<p>Contre le <strong>Real Madrid<\/strong>, l&rsquo;<strong>OM<\/strong> n&rsquo;est pas pass\u00e9 loin de l&rsquo;exploit. Cependant, il a manqu\u00e9 un petit quelque chose pour faire la diff\u00e9rence. <strong>Eric Di Meco<\/strong> rappelle que les grandes \u00e9quipes s&rsquo;imposent toujours gr\u00e2ce \u00e0 des joueurs capables de faire des diff\u00e9rences individuelles.<\/p>\n<p>                                            Di Meco revient sur la d\u00e9faite de l&rsquo;OM<\/p>\n<p>\u00ab L\u2019OM, c&rsquo;est une \u00e9quipe o\u00f9 tu as chang\u00e9 pratiquement deux tiers des joueurs. C\u2019est une \u00e9quipe exp\u00e9rimentale, avec beaucoup de progr\u00e8s collectifs \u00e0 faire. Donc quand tu commences ton histoire avec ce genre de match-l\u00e0, les joueurs en allant l\u00e0-bas au Real pensent \u00e0 un moment donn\u00e9 au pire. Les coachs voire m\u00eame les dirigeants, quand tu commences au Real avec une \u00e9quipe exp\u00e9rimentale, tu peux te dire \u00ab\u00a0a\u00efe a\u00efe a\u00efe \u00e7a peut \u00e7a peut faire mal\u00a0\u00bb \u00bb, confie-t-il au micro de l&rsquo;After Foot avant de poursuivre.<\/p>\n<p>                                            \u00abLes grandes \u00e9quipes ont des Yamal, City avait des Mahrez, des Foden, des De Bruyne&#8230;\u00bb<\/p>\n<p>\u00ab Mais au final, tu as failli faire match nul. Certes, tu as des d\u00e9fauts d\u00e9fensifs que tu pourras gommer peut-\u00eatre avec l&rsquo;habitude de jouer ensemble, peut-\u00eatre derri\u00e8re l&rsquo;entr\u00e9e d\u2019Aguerd. Mais en tout cas, tu peux construire l\u00e0-dessus. Sur ce jeu qui peut \u00eatre ennuyeux, des fois pour jouer plus divertissant, il faut avoir des gar\u00e7ons devant qui sont capables de faire des grosses diff\u00e9rences. Les grandes \u00e9quipes, tout le monde veut jouer comme elles, sauf qu\u2019elles ont des Yamal, City avait des Mahrez, des Foden, des De Bruyne&#8230; \u00bb, ajoute <strong>Eric Di Meco<\/strong>.<\/p>\n","protected":false},"excerpt":{"rendered":"Arthur Montagne &#8211; Journaliste Affam\u00e9 de sport, il a grandi au son des moteurs de Formule 1 et&hellip;\n","protected":false},"author":2,"featured_media":399040,"comment_status":"","ping_status":"","sticky":false,"template":"","format":"standard","meta":{"footnotes":""},"categories":[1412],"tags":[1451,1452,1453,1454,1455,1011,27,60],"class_list":{"0":"post-399039","1":"post","2":"type-post","3":"status-publish","4":"format-standard","5":"has-post-thumbnail","7":"category-f1","8":"tag-f1","9":"tag-formula-1","10":"tag-formula1","11":"tag-formule-1","12":"tag-formule1","13":"tag-fr","14":"tag-france","15":"tag-sports"},"share_on_mastodon":{"url":"https:\/\/pubeurope.com\/@fr\/115223302165982972","error":""},"_links":{"self":[{"href":"https:\/\/www.europesays.com\/fr\/wp-json\/wp\/v2\/posts\/399039","targetHints":{"allow":["GET"]}}],"collection":[{"href":"https:\/\/www.europesays.com\/fr\/wp-json\/wp\/v2\/posts"}],"about":[{"href":"https:\/\/www.europesays.com\/fr\/wp-json\/wp\/v2\/types\/post"}],"author":[{"embeddable":true,"href":"https:\/\/www.europesays.com\/fr\/wp-json\/wp\/v2\/users\/2"}],"replies":[{"embeddable":true,"href":"https:\/\/www.europesays.com\/fr\/wp-json\/wp\/v2\/comments?post=399039"}],"version-history":[{"count":0,"href":"https:\/\/www.europesays.com\/fr\/wp-json\/wp\/v2\/posts\/399039\/revisions"}],"wp:featuredmedia":[{"embeddable":true,"href":"https:\/\/www.europesays.com\/fr\/wp-json\/wp\/v2\/media\/399040"}],"wp:attachment":[{"href":"https:\/\/www.europesays.com\/fr\/wp-json\/wp\/v2\/media?parent=399039"}],"wp:term":[{"taxonomy":"category","embeddable":true,"href":"https:\/\/www.europesays.com\/fr\/wp-json\/wp\/v2\/categories?post=399039"},{"taxonomy":"post_tag","embeddable":true,"href":"https:\/\/www.europesays.com\/fr\/wp-json\/wp\/v2\/tags?post=399039"}],"curies":[{"name":"wp","href":"https:\/\/api.w.org\/{rel}","templated":true}]}}