{"id":39905,"date":"2025-04-20T21:52:23","date_gmt":"2025-04-20T21:52:23","guid":{"rendered":"https:\/\/www.europesays.com\/fr\/39905\/"},"modified":"2025-04-20T21:52:23","modified_gmt":"2025-04-20T21:52:23","slug":"1500-spectateurs-au-firmament-pour-le-meding-festival","status":"publish","type":"post","link":"https:\/\/www.europesays.com\/fr\/39905\/","title":{"rendered":"1500 spectateurs au Firmament pour le Meding Festival"},"content":{"rendered":"<p class=\"insetTitle\">R\u00e9actions<\/p>\n<p>            Jayel, rappeur lyonnais<\/p>\n<p>\u00ab\u00a0Il y a toute la famille, toute la belle constellation, c\u2019est une famille, \u00e7a fait un peu un cocon. Je fais partie des gens qu\u2019on appelle quand il y a des \u00e9v\u00e8nements \u00e0 Lyon. Je ne suis pas venu au rap directement, j\u2019aime la musique depuis que je suis petit, j\u2019\u00e9coutais Michael Jackson, jusqu\u2019\u00e0 11 ans et puis j\u2019ai d\u00e9couvert la musique urbaine avec Sexion d\u2019assaut. Je ne me suis pas lanc\u00e9 dans le rap, mais dans la musique, j\u2019alternais entre le, chant et le rap.<\/p>\n<p>Aujourd\u2019hui je fais essentiellement du chant, \u00e7a m\u2019arrive de rapper, mon cr\u00e9neau c\u2019est plut\u00f4t de la pop urbaine. J\u2019essaye de faire de la bonne musique.\u00a0\u00bb<\/p>\n<p>La Famax, artiste lyonnais<\/p>\n<p>\u00ab\u00a0On m\u2019a invit\u00e9 \u00e0 cet \u00e9v\u00e8nement, je participe plus \u00e0 des show case, c\u2019est le premier \u00e9v\u00e8nement qui se fait dans la r\u00e9gion, alors je suis content d\u2019y \u00eatre. Je fais de la musique, du rap un peu ambianc\u00e9.<\/p>\n<p>\u00c7a marche pas mal, j\u2019ai \u00e9clat\u00e9 sur le plan national. On fait notre bout de chemin et on esp\u00e8re que \u00e7a p\u00e8te encore plus. \u00c7a fait 10 ans que je suis dans le m\u00e9tier. J\u2019ai une vraie fan base, je fais pas mal de show case. J\u2019y suis venu par passion, je faisais d\u00e9j\u00e0 de la musique, petit, dans ma chambre. J\u2019\u00e9cris les textes et j\u2019ai un gars avec qui je compose.\u00a0\u00bb<\/p>\n<p>Ben Mokdad Belgacem (label Belek Records, fondateur de Lyon, Capitale de la Funk)<\/p>\n<p>\u00ab\u00a0On organise des \u00e9v\u00e8nements funk \u00e0 Lyon depuis pas mal d\u2019ann\u00e9es et je suis aussi agent et producteur d\u2019une artiste funk, Carmen, connue pour son titre, Time to move. En France, on arrive \u00e0 d\u00e9placer en ind\u00e9pendant jusqu\u2019\u00e0 1\u00a0000 personnes comme en d\u00e9cembre \u00e0 Estrablin (Is\u00e8re). Ma pr\u00e9sence ce soir est due \u00e0 l\u2019initiative de la ville de Firminy de cr\u00e9er un \u00e9v\u00e8nement rap pour que la jeunesse puisse avoir sa place et rencontrer les artistes de la r\u00e9gion lyonnaise et st\u00e9phanoise. J\u2019apporte mon soutien \u00e0 ce type de d\u00e9marche. Je f\u00e9licite Malik et Jean-Paul. J\u2019ai un grand respect pour ce genre de personnes. Ils ont tout mis. On est peut-\u00eatre dans deux univers diff\u00e9rents mais le fond, l\u2019\u00e2me de bienveillance est le m\u00eame.\u00a0\u00bb<\/p>\n","protected":false},"excerpt":{"rendered":"R\u00e9actions Jayel, rappeur lyonnais \u00ab\u00a0Il y a toute la famille, toute la belle constellation, c\u2019est une famille, \u00e7a&hellip;\n","protected":false},"author":2,"featured_media":39906,"comment_status":"","ping_status":"","sticky":false,"template":"","format":"standard","meta":{"footnotes":""},"categories":[9653],"tags":[1111,11,2430,1687,7539,1777,674,10282,10283,1011,27,873,12,25,4001],"class_list":{"0":"post-39905","1":"post","2":"type-post","3":"status-publish","4":"format-standard","5":"has-post-thumbnail","7":"category-saint-etienne","8":"tag-actu","9":"tag-actualites","10":"tag-auvergne-rhone-alpes","11":"tag-culture-loisirs","12":"tag-edition-loire-sud","13":"tag-eu","14":"tag-europe","15":"tag-firminy","16":"tag-firminy-ville","17":"tag-fr","18":"tag-france","19":"tag-musique","20":"tag-news","21":"tag-republique-francaise","22":"tag-saint-etienne"},"share_on_mastodon":{"url":"https:\/\/pubeurope.com\/@fr\/114372512597103849","error":""},"_links":{"self":[{"href":"https:\/\/www.europesays.com\/fr\/wp-json\/wp\/v2\/posts\/39905","targetHints":{"allow":["GET"]}}],"collection":[{"href":"https:\/\/www.europesays.com\/fr\/wp-json\/wp\/v2\/posts"}],"about":[{"href":"https:\/\/www.europesays.com\/fr\/wp-json\/wp\/v2\/types\/post"}],"author":[{"embeddable":true,"href":"https:\/\/www.europesays.com\/fr\/wp-json\/wp\/v2\/users\/2"}],"replies":[{"embeddable":true,"href":"https:\/\/www.europesays.com\/fr\/wp-json\/wp\/v2\/comments?post=39905"}],"version-history":[{"count":0,"href":"https:\/\/www.europesays.com\/fr\/wp-json\/wp\/v2\/posts\/39905\/revisions"}],"wp:featuredmedia":[{"embeddable":true,"href":"https:\/\/www.europesays.com\/fr\/wp-json\/wp\/v2\/media\/39906"}],"wp:attachment":[{"href":"https:\/\/www.europesays.com\/fr\/wp-json\/wp\/v2\/media?parent=39905"}],"wp:term":[{"taxonomy":"category","embeddable":true,"href":"https:\/\/www.europesays.com\/fr\/wp-json\/wp\/v2\/categories?post=39905"},{"taxonomy":"post_tag","embeddable":true,"href":"https:\/\/www.europesays.com\/fr\/wp-json\/wp\/v2\/tags?post=39905"}],"curies":[{"name":"wp","href":"https:\/\/api.w.org\/{rel}","templated":true}]}}