{"id":399055,"date":"2025-09-18T04:09:18","date_gmt":"2025-09-18T04:09:18","guid":{"rendered":"https:\/\/www.europesays.com\/fr\/399055\/"},"modified":"2025-09-18T04:09:18","modified_gmt":"2025-09-18T04:09:18","slug":"operation-de-demoustication-dans-deux-quartiers-cette-nuit","status":"publish","type":"post","link":"https:\/\/www.europesays.com\/fr\/399055\/","title":{"rendered":"op\u00e9ration de d\u00e9moustication dans deux quartiers cette nuit"},"content":{"rendered":"<p>Les habitants de deux quartiers d\u2019Albertville ont \u00e9t\u00e9 avertis via des affichettes d\u00e9pos\u00e9es dans leurs boites aux lettres. Il s\u2019agit de deux secteurs assez restreints situ\u00e9s pour le premier autour de la rue Pargoud, et le second entre la rue Commandant Dubois et le chemin des Trois Poiriers. Via ces flyers, <a href=\"https:\/\/www.auvergne-rhone-alpes.ars.sante.fr\/moustique-tigre-quand-et-comment-est-declenchee-une-operation-de-demoustication\" target=\"_blank\" rel=\"nofollow noopener\">l\u2019Agence r\u00e9gionale de sant\u00e9 (ARS)<\/a> indique qu\u2019elle a missionn\u00e9 l\u2019Entente interd\u00e9partementale Rh\u00f4ne-Alpes de d\u00e9moustication pour effectuer un traitement cibl\u00e9 durant la nuit de mardi 16 \u00e0 mercredi 17 septembre, entre 2 heures et 5 heures du matin.<\/p>\n<p>  Les habitants pri\u00e9s de rester enferm\u00e9s<\/p>\n<p>Il est conseill\u00e9 aux habitants concern\u00e9s\u00a0: de rester \u00e0 l\u2019int\u00e9rieur le temps de l\u2019op\u00e9ration, de fermer les fen\u00eatres, de mettre \u00e0 l\u2019abri leurs animaux et de ne pas laisser de linge dehors. L\u2019ARS pr\u00e9conise par la suite de \u00ab\u00a0rincer \u00e0 l\u2019eau le mobilier de jardin et les jeux d\u2019enfants, de ne pas consommer les fruits et l\u00e9gumes de\u00a0son jardin dans les trois jours, et de les nettoyer \u00e0 l\u2019eau avant consommation.\u00a0\u00bb<\/p>\n<p>Si cette campagne de d\u00e9moustication est organis\u00e9e \u00e0 Albertville, c\u2019est parce qu\u2019une personne atteinte du chikungunya a s\u00e9journ\u00e9 dans ces quartiers et que potentiellement elle a pu \u00eatre piqu\u00e9e par un moustique tigre qui risque de transmettre la maladie \u00e0 son tour. Le traitement par insecticide qui sera op\u00e9r\u00e9, cette nuit, vise \u00e0 \u00ab\u00a0\u00e9liminer les moustiques tigres adultes pr\u00e9sents dans les lieux fr\u00e9quent\u00e9s par le malade\u00a0\u00bb.<\/p>\n<p>Sur les affichettes distribu\u00e9es \u00e0 la population, l\u2019ARS stipule \u00ab\u00a0en cas de sensations anormales apr\u00e8s la d\u00e9moustication, contactez votre m\u00e9decin traitant ou le centre antipoison au 04 72 11 69 11\u00a0\u00bb.<\/p>\n","protected":false},"excerpt":{"rendered":"Les habitants de deux quartiers d\u2019Albertville ont \u00e9t\u00e9 avertis via des affichettes d\u00e9pos\u00e9es dans leurs boites aux lettres.&hellip;\n","protected":false},"author":2,"featured_media":399056,"comment_status":"","ping_status":"","sticky":false,"template":"","format":"standard","meta":{"footnotes":""},"categories":[10],"tags":[7004,7003,274,107,1011,27,72,71,5508],"class_list":{"0":"post-399055","1":"post","2":"type-post","3":"status-publish","4":"format-standard","5":"has-post-thumbnail","7":"category-sante","8":"tag-albertville","9":"tag-edition-tarentaise-maurienne","10":"tag-faits-divers-justice","11":"tag-fil-info","12":"tag-fr","13":"tag-france","14":"tag-health","15":"tag-sante","16":"tag-savoie"},"share_on_mastodon":{"url":"https:\/\/pubeurope.com\/@fr\/115223341610925366","error":""},"_links":{"self":[{"href":"https:\/\/www.europesays.com\/fr\/wp-json\/wp\/v2\/posts\/399055","targetHints":{"allow":["GET"]}}],"collection":[{"href":"https:\/\/www.europesays.com\/fr\/wp-json\/wp\/v2\/posts"}],"about":[{"href":"https:\/\/www.europesays.com\/fr\/wp-json\/wp\/v2\/types\/post"}],"author":[{"embeddable":true,"href":"https:\/\/www.europesays.com\/fr\/wp-json\/wp\/v2\/users\/2"}],"replies":[{"embeddable":true,"href":"https:\/\/www.europesays.com\/fr\/wp-json\/wp\/v2\/comments?post=399055"}],"version-history":[{"count":0,"href":"https:\/\/www.europesays.com\/fr\/wp-json\/wp\/v2\/posts\/399055\/revisions"}],"wp:featuredmedia":[{"embeddable":true,"href":"https:\/\/www.europesays.com\/fr\/wp-json\/wp\/v2\/media\/399056"}],"wp:attachment":[{"href":"https:\/\/www.europesays.com\/fr\/wp-json\/wp\/v2\/media?parent=399055"}],"wp:term":[{"taxonomy":"category","embeddable":true,"href":"https:\/\/www.europesays.com\/fr\/wp-json\/wp\/v2\/categories?post=399055"},{"taxonomy":"post_tag","embeddable":true,"href":"https:\/\/www.europesays.com\/fr\/wp-json\/wp\/v2\/tags?post=399055"}],"curies":[{"name":"wp","href":"https:\/\/api.w.org\/{rel}","templated":true}]}}