{"id":399061,"date":"2025-09-18T04:12:16","date_gmt":"2025-09-18T04:12:16","guid":{"rendered":"https:\/\/www.europesays.com\/fr\/399061\/"},"modified":"2025-09-18T04:12:16","modified_gmt":"2025-09-18T04:12:16","slug":"lunivers-primitif-cache-bien-son-jeu","status":"publish","type":"post","link":"https:\/\/www.europesays.com\/fr\/399061\/","title":{"rendered":"l\u2019Univers primitif cache bien son jeu"},"content":{"rendered":"<blockquote class=\"wp-block-quote\">\n<p><strong>Gr\u00e2ce \u00e0 la vision infrarouge per\u00e7ante du t\u00e9lescope spatial James-Webb, des astronomes ont d\u00e9couvert une population insoup\u00e7onn\u00e9e de quasars enfouis dans la poussi\u00e8re. L\u2019Univers primordial \u00e9tait bien plus actif qu\u2019on ne l\u2019imaginait\u2026<\/strong><\/p>\n<\/blockquote>\n<p><img fetchpriority=\"high\" decoding=\"async\" width=\"1024\" height=\"578\" src=\"https:\/\/www.europesays.com\/fr\/wp-content\/uploads\/2025\/09\/trou-noir-geant-dans-univers-primitif-1024x578.webp.webp\" alt=\"Image d\u2019une n\u00e9buleuse color\u00e9e avec un trou noir g\u00e9ant situ\u00e9 dans l\u2019Univers primitif, observ\u00e9e par les astronomes.\" class=\"wp-image-990630\"  \/>Illustration d\u2019une r\u00e9gion cosmique o\u00f9 un trou noir g\u00e9ant s\u2019est form\u00e9 peu apr\u00e8s le Big Bang. Cette d\u00e9couverte soul\u00e8ve de nouvelles questions sur la croissance rapide des premiers trous noirs dans l\u2019Univers primitif \u2013 DailyGeekShow.com<\/p>\n<p>James-Webb r\u00e9v\u00e8le l\u2019existence de quasars cach\u00e9s derri\u00e8re les poussi\u00e8res cosmiques<\/p>\n<p>Imaginez un trou noir aussi massif que <strong>des milliards de <a href=\"https:\/\/dailygeekshow.com\/la-lumiere-du-soleil-pourrait-elle-devenir-le-moteur-de-demain-tars-veut-rendre-possible-lexploration-spatiale-sans-carburant\/\" rel=\"nofollow noopener\" target=\"_blank\">soleils<\/a><\/strong>, engloutissant tout ce qui l\u2019approche. Autour de lui, une lumi\u00e8re si intense qu\u2019on peut la d\u00e9tecter <strong>\u00e0 des milliards d\u2019ann\u00e9es-lumi\u00e8re<\/strong>. <\/p>\n<p>C\u2019est ce qu\u2019on appelle un <strong>quasar<\/strong>, le phare cosmique ultime. Jusqu\u2019ici, les astronomes pensaient en avoir rep\u00e9r\u00e9 les principaux repr\u00e9sentants dans l\u2019Univers primitif. Mais ils avaient <strong>rat\u00e9 une partie de l\u2019histoire<\/strong>.<\/p>\n<p>Lire aussi <a href=\"https:\/\/dailygeekshow.com\/sauver-la-terre-dun-asteroide-la-chine-prepare-une-frappe-spatiale-accompagnee-dune-sonde-filmant-limpact\/\" rel=\"nofollow noopener\" target=\"_blank\">Sauver la Terre d\u2019un ast\u00e9ro\u00efde ? La Chine pr\u00e9pare une frappe spatiale accompagn\u00e9e d\u2019une sonde filmant l\u2019impact<\/a><\/p>\n<p>Pourquoi ? Parce que <strong>la <a href=\"https:\/\/dailygeekshow.com\/cest-tout-simplement-stupefiant-james-webb-devoile-enfin-le-coeur-lumineux-de-la-nebuleuse-papillon-cache-dans-la-poussiere\/\" rel=\"nofollow noopener\" target=\"_blank\">poussi\u00e8re cosmique<\/a><\/strong> agit comme un voile. Elle bloque la lumi\u00e8re ultraviolette \u00e9mise par ces objets. Elle rend leur d\u00e9tection difficile, voire impossible, avec les t\u00e9lescopes classiques. R\u00e9sultat : des trous noirs g\u00e9ants ont pu passer <strong>inaper\u00e7us pendant des d\u00e9cennies<\/strong>.<\/p>\n<p>C\u2019est l\u00e0 que <strong>le t\u00e9lescope spatial James-Webb<\/strong> entre en sc\u00e8ne. Gr\u00e2ce \u00e0 sa sensibilit\u00e9 dans l\u2019infrarouge, il peut <strong>voir \u00e0 travers la poussi\u00e8re<\/strong>. Et ce qu\u2019il a r\u00e9v\u00e9l\u00e9 est stup\u00e9fiant : <strong>des quasars dissimul\u00e9s dans des galaxies vieilles de moins d\u2019un milliard d\u2019ann\u00e9es apr\u00e8s le Big Bang<\/strong>. Des monstres cosmiques cach\u00e9s, d\u00e9sormais mis en pleine lumi\u00e8re.<\/p>\n<p>Le t\u00e9lescope d\u00e9voile une population deux fois plus nombreuse de quasars dans l\u2019Univers jeune<\/p>\n<p>Les chercheurs ont commenc\u00e9 par cibler <strong>11 galaxies prometteuses<\/strong> rep\u00e9r\u00e9es gr\u00e2ce au t\u00e9lescope Subaru. Mais les donn\u00e9es ne confirmaient pas clairement la pr\u00e9sence d\u2019un quasar. Trop de poussi\u00e8re. Trop d\u2019incertitudes.<\/p>\n<p>Lire aussi <a href=\"https:\/\/dailygeekshow.com\/3-i-atlas-nest-pas-un-vaisseau-alien-cache-la-nasa-brise-les-fantasmes-malgre-lavis-dun-celebre-astrophysicien\/\" rel=\"nofollow noopener\" target=\"_blank\">3\/I ATLAS n\u2019est pas un vaisseau alien cach\u00e9 : la NASA brise les fantasmes malgr\u00e9 l\u2019avis d\u2019un c\u00e9l\u00e8bre astrophysicien<\/a><\/p>\n<p>Puis <a href=\"https:\/\/dailygeekshow.com\/cette-decouverte-du-telescope-james-webb-sur-une-planete-infernale-intrigue-les-astronomes-du-monde-entier\/\" rel=\"nofollow noopener\" target=\"_blank\">James-Webb<\/a> a pris le relais. Et l\u00e0, surprise : dans <strong>7 galaxies sur 11<\/strong>, les scientifiques ont d\u00e9tect\u00e9 <strong>de larges raies d\u2019\u00e9mission<\/strong>. C\u2019est typique des gaz en orbite rapide autour de trous noirs supermassifs. <\/p>\n<p>Autrement dit : <strong>quasars confirm\u00e9s<\/strong>. Et pas n\u2019importe lesquels : des quasars brillants comme <strong>des milliers de milliards de soleils<\/strong>. Leur lumi\u00e8re met <strong>13 milliards d\u2019ann\u00e9es \u00e0 nous parvenir<\/strong>.<\/p>\n<p>Ces quasars ne sont pas juste rares ou exceptionnels. <strong>Ils sont nombreux.<\/strong> Tellement nombreux que les astronomes estiment d\u00e9sormais qu\u2019il pourrait y avoir <strong>au moins deux fois plus de quasars<\/strong> dans l\u2019Univers primordial qu\u2019on ne le pensait. Une <strong>r\u00e9vision majeure<\/strong> de notre vision de l\u2019histoire cosmique.<\/p>\n<p>Lire aussi <a href=\"https:\/\/dailygeekshow.com\/enfouis-dans-la-poussiere-depuis-des-milliards-dannees-ces-trous-noirs-geants-decouverts-par-james-webb-racontent-une-autre-histoire-du-cosmos\/\" rel=\"nofollow noopener\" target=\"_blank\">Enfouis dans la poussi\u00e8re depuis des milliards d\u2019ann\u00e9es, ces trous noirs g\u00e9ants d\u00e9couverts par James-Webb racontent une autre histoire du cosmos<\/a><\/p>\n<p>Ces trous noirs pr\u00e9coces renforcent l\u2019hypoth\u00e8se de l\u2019effondrement direct de mati\u00e8re<\/p>\n<p>Ces d\u00e9couvertes bousculent une question cl\u00e9 de l\u2019astrophysique : <strong>comment les premiers trous noirs supermassifs se sont-ils form\u00e9s<\/strong> aussi rapidement apr\u00e8s le Big Bang ?<\/p>\n<p>Deux grandes th\u00e9ories s\u2019affrontent :<\/p>\n<ul>\n<li>Une naissance progressive \u00e0 partir de <strong>restes d\u2019\u00e9toiles massives<\/strong>. Ce sc\u00e9nario demanderait du temps.<\/li>\n<li>Ou un <strong>effondrement direct de nuages de gaz g\u00e9ants<\/strong>, formant un trou noir d\u2019un seul coup.<\/li>\n<\/ul>\n<p>Le fait de trouver autant de quasars massifs si t\u00f4t dans l\u2019histoire de l\u2019Univers pourrait pencher en faveur de la <strong>seconde hypoth\u00e8se<\/strong>. Et ce n\u2019est qu\u2019un d\u00e9but. Les \u00e9quipes comptent utiliser <strong>le t\u00e9lescope ALMA<\/strong> pour analyser les galaxies h\u00f4tes et en apprendre plus sur leur environnement.<\/p>\n<p>Lire aussi <a href=\"https:\/\/dailygeekshow.com\/mystere-nuage-geant-mars\/\" rel=\"nofollow noopener\" target=\"_blank\">1 800 kilom\u00e8tres de long : des chercheurs r\u00e9solvent enfin le myst\u00e8re du nuage g\u00e9ant de Mars<\/a><\/p>\n<p>Ces quasars invisibles jusqu\u2019ici r\u00e9v\u00e8lent l\u2019ampleur cach\u00e9e de l\u2019Univers primitif<\/p>\n<p>L\u2019Univers primitif, qu\u2019on imaginait calme et clairsem\u00e9, se r\u00e9v\u00e8le \u00eatre <strong>un champ de bataille d\u2019objets extr\u00eames<\/strong>. Des <a href=\"https:\/\/dailygeekshow.com\/fascinant-les-secrets-des-trous-noirs-reveles-par-les-ondes-gravitationnelles-confirment-la-vision-de-hawking\/\" rel=\"nofollow noopener\" target=\"_blank\">trous noirs<\/a> gigantesques. Des galaxies poussi\u00e9reuses. Une lumi\u00e8re qui peine \u00e0 nous parvenir. Et pourtant, gr\u00e2ce \u00e0 James-Webb, <strong>ce pass\u00e9 devient accessible<\/strong>.<\/p>\n<p>Ces r\u00e9sultats montrent aussi que <strong>nos instruments pass\u00e9s ne voyaient qu\u2019une partie de la r\u00e9alit\u00e9<\/strong>. Il a fallu regarder ailleurs, dans l\u2019infrarouge, pour d\u00e9couvrir <strong>ce que la poussi\u00e8re nous cachait<\/strong>. Une belle le\u00e7on d\u2019humilit\u00e9 scientifique.<\/p>\n<p>Et ce n\u2019est que le d\u00e9but. D\u2019autres observations sont pr\u00e9vues pour 2026. Et peut-\u00eatre qu\u2019au fond de ce brouillard cosmique se cachent encore <strong>bien d\u2019autres monstres<\/strong> \u00e0 r\u00e9v\u00e9ler\u2026<\/p>\n<p>Lire aussi <a href=\"https:\/\/dailygeekshow.com\/un-ami-celeste-accompagne-la-terre-depuis-60-ans-la-decouverte-fascinante-dune-quasi-lune-fascine-les-astronomes\/\" rel=\"nofollow noopener\" target=\"_blank\">Un \u00ab\u00a0ami c\u00e9leste\u00a0\u00bb accompagne la Terre depuis 60 ans : la d\u00e9couverte fascinante d\u2019une quasi-lune fascine les astronomes<\/a><\/p>\n","protected":false},"excerpt":{"rendered":"Gr\u00e2ce \u00e0 la vision infrarouge per\u00e7ante du t\u00e9lescope spatial James-Webb, des astronomes ont d\u00e9couvert une population insoup\u00e7onn\u00e9e de&hellip;\n","protected":false},"author":2,"featured_media":399062,"comment_status":"","ping_status":"","sticky":false,"template":"","format":"standard","meta":{"footnotes":""},"categories":[7],"tags":[1011,27,43,40,41,39,42,44],"class_list":{"0":"post-399061","1":"post","2":"type-post","3":"status-publish","4":"format-standard","5":"has-post-thumbnail","7":"category-sciences-et-technologies","8":"tag-fr","9":"tag-france","10":"tag-science","11":"tag-science-and-technology","12":"tag-sciences","13":"tag-sciences-et-technologies","14":"tag-technologies","15":"tag-technology"},"share_on_mastodon":{"url":"https:\/\/pubeurope.com\/@fr\/115223353450053499","error":""},"_links":{"self":[{"href":"https:\/\/www.europesays.com\/fr\/wp-json\/wp\/v2\/posts\/399061","targetHints":{"allow":["GET"]}}],"collection":[{"href":"https:\/\/www.europesays.com\/fr\/wp-json\/wp\/v2\/posts"}],"about":[{"href":"https:\/\/www.europesays.com\/fr\/wp-json\/wp\/v2\/types\/post"}],"author":[{"embeddable":true,"href":"https:\/\/www.europesays.com\/fr\/wp-json\/wp\/v2\/users\/2"}],"replies":[{"embeddable":true,"href":"https:\/\/www.europesays.com\/fr\/wp-json\/wp\/v2\/comments?post=399061"}],"version-history":[{"count":0,"href":"https:\/\/www.europesays.com\/fr\/wp-json\/wp\/v2\/posts\/399061\/revisions"}],"wp:featuredmedia":[{"embeddable":true,"href":"https:\/\/www.europesays.com\/fr\/wp-json\/wp\/v2\/media\/399062"}],"wp:attachment":[{"href":"https:\/\/www.europesays.com\/fr\/wp-json\/wp\/v2\/media?parent=399061"}],"wp:term":[{"taxonomy":"category","embeddable":true,"href":"https:\/\/www.europesays.com\/fr\/wp-json\/wp\/v2\/categories?post=399061"},{"taxonomy":"post_tag","embeddable":true,"href":"https:\/\/www.europesays.com\/fr\/wp-json\/wp\/v2\/tags?post=399061"}],"curies":[{"name":"wp","href":"https:\/\/api.w.org\/{rel}","templated":true}]}}