{"id":399071,"date":"2025-09-18T04:17:11","date_gmt":"2025-09-18T04:17:11","guid":{"rendered":"https:\/\/www.europesays.com\/fr\/399071\/"},"modified":"2025-09-18T04:17:11","modified_gmt":"2025-09-18T04:17:11","slug":"condamne-pour-cinq-coups-de-couteau-a-un-inconnu-en-centre-ville","status":"publish","type":"post","link":"https:\/\/www.europesays.com\/fr\/399071\/","title":{"rendered":"condamn\u00e9 pour cinq coups de couteau \u00e0 un inconnu en centre-ville"},"content":{"rendered":"<p>Le pr\u00e9sident Jo\u00ebl Hennebois projette les photos sur les \u00e9crans de la salle d\u2019audience. La victime sur son lit d\u2019h\u00f4pital. Quatre balafres dans le dos. Et une impressionnante cicatrice verticale qui lui cisaille le ventre. La lame a touch\u00e9 le foie. Dans le box, Hocine Garando n\u2019exprime pas un regret immense. \u00ab\u00a0J\u2019ai demand\u00e9 pardon \u00e0 Monsieur. Et je suis encore en prison\u2026\u00a0\u00bb<\/p>\n<p>Cet Alg\u00e9rien de 32 ans a d\u00e9fray\u00e9 la chronique dans la nuit du 13 au 14\u00a0juillet\u00a02022. Il est presque une heure du matin, la police est appel\u00e9e pour des coups de couteau place Jean-Jaur\u00e8s, en plein centre-ville de Saint-\u00c9tienne. Des jeunes discutent en bande sur les marches de la cath\u00e9drale Saint-Charles. Un individu prof\u00e8re des insultes, se rue sur&#8230;<\/p>\n","protected":false},"excerpt":{"rendered":"Le pr\u00e9sident Jo\u00ebl Hennebois projette les photos sur les \u00e9crans de la salle d\u2019audience. La victime sur son&hellip;\n","protected":false},"author":2,"featured_media":399072,"comment_status":"","ping_status":"","sticky":false,"template":"","format":"standard","meta":{"footnotes":""},"categories":[9653],"tags":[1111,11,2430,271,272,7539,1777,674,274,1011,27,3367,12,25,4001,7538],"class_list":{"0":"post-399071","1":"post","2":"type-post","3":"status-publish","4":"format-standard","5":"has-post-thumbnail","7":"category-saint-etienne","8":"tag-actu","9":"tag-actualites","10":"tag-auvergne-rhone-alpes","11":"tag-crime","12":"tag-delit-et-contravention","13":"tag-edition-loire-sud","14":"tag-eu","15":"tag-europe","16":"tag-faits-divers-justice","17":"tag-fr","18":"tag-france","19":"tag-loire","20":"tag-news","21":"tag-republique-francaise","22":"tag-saint-etienne","23":"tag-saint-etienne-ville"},"share_on_mastodon":{"url":"https:\/\/pubeurope.com\/@fr\/115223373072649359","error":""},"_links":{"self":[{"href":"https:\/\/www.europesays.com\/fr\/wp-json\/wp\/v2\/posts\/399071","targetHints":{"allow":["GET"]}}],"collection":[{"href":"https:\/\/www.europesays.com\/fr\/wp-json\/wp\/v2\/posts"}],"about":[{"href":"https:\/\/www.europesays.com\/fr\/wp-json\/wp\/v2\/types\/post"}],"author":[{"embeddable":true,"href":"https:\/\/www.europesays.com\/fr\/wp-json\/wp\/v2\/users\/2"}],"replies":[{"embeddable":true,"href":"https:\/\/www.europesays.com\/fr\/wp-json\/wp\/v2\/comments?post=399071"}],"version-history":[{"count":0,"href":"https:\/\/www.europesays.com\/fr\/wp-json\/wp\/v2\/posts\/399071\/revisions"}],"wp:featuredmedia":[{"embeddable":true,"href":"https:\/\/www.europesays.com\/fr\/wp-json\/wp\/v2\/media\/399072"}],"wp:attachment":[{"href":"https:\/\/www.europesays.com\/fr\/wp-json\/wp\/v2\/media?parent=399071"}],"wp:term":[{"taxonomy":"category","embeddable":true,"href":"https:\/\/www.europesays.com\/fr\/wp-json\/wp\/v2\/categories?post=399071"},{"taxonomy":"post_tag","embeddable":true,"href":"https:\/\/www.europesays.com\/fr\/wp-json\/wp\/v2\/tags?post=399071"}],"curies":[{"name":"wp","href":"https:\/\/api.w.org\/{rel}","templated":true}]}}