{"id":399075,"date":"2025-09-18T04:20:00","date_gmt":"2025-09-18T04:20:00","guid":{"rendered":"https:\/\/www.europesays.com\/fr\/399075\/"},"modified":"2025-09-18T04:20:00","modified_gmt":"2025-09-18T04:20:00","slug":"exposition-un-automne-aux-brasseries","status":"publish","type":"post","link":"https:\/\/www.europesays.com\/fr\/399075\/","title":{"rendered":"Exposition Un automne aux Brasseries"},"content":{"rendered":"<p>La Ville propose une exposition pour mettre \u00e0 l\u2019honneur le patrimoine local et d\u00e9couvrir l\u2019histoire industrielle des Grandes Brasseries, entre publicit\u00e9, documents et m\u00e9moire urbaine. Intitul\u00e9e Extra blonde &#8211; la r\u00e9clame, l\u2019exposition regroupe plus de 200 objets de tous types (affiches originales, t\u00f4les \u00e9maill\u00e9es, objets publicitaires\u2026).<\/p>\n<p class=\"note\">Du 18\u00a0septembre au 7\u00a0novembre, \u00e0 la galerie Le Pr\u00e9au, 5 rue Paul-Richard, \u00e0 Max\u00e9ville. Entr\u00e9e libre.<\/p>\n","protected":false},"excerpt":{"rendered":"La Ville propose une exposition pour mettre \u00e0 l\u2019honneur le patrimoine local et d\u00e9couvrir l\u2019histoire industrielle des Grandes&hellip;\n","protected":false},"author":2,"featured_media":399076,"comment_status":"","ping_status":"","sticky":false,"template":"","format":"standard","meta":{"footnotes":""},"categories":[9635],"tags":[1111,11,1687,1704,1777,674,2271,1011,27,775,10061,10262,1702,12,25],"class_list":{"0":"post-399075","1":"post","2":"type-post","3":"status-publish","4":"format-standard","5":"has-post-thumbnail","7":"category-nancy","8":"tag-actu","9":"tag-actualites","10":"tag-culture-loisirs","11":"tag-edition-nancy-et-agglomeration","12":"tag-eu","13":"tag-europe","14":"tag-exposition-arts-plastiques","15":"tag-fr","16":"tag-france","17":"tag-grand-est","18":"tag-maxeville","19":"tag-metropole-du-grand-nancy-54b5","20":"tag-nancy","21":"tag-news","22":"tag-republique-francaise"},"share_on_mastodon":{"url":"https:\/\/pubeurope.com\/@fr\/115223384723327632","error":""},"_links":{"self":[{"href":"https:\/\/www.europesays.com\/fr\/wp-json\/wp\/v2\/posts\/399075","targetHints":{"allow":["GET"]}}],"collection":[{"href":"https:\/\/www.europesays.com\/fr\/wp-json\/wp\/v2\/posts"}],"about":[{"href":"https:\/\/www.europesays.com\/fr\/wp-json\/wp\/v2\/types\/post"}],"author":[{"embeddable":true,"href":"https:\/\/www.europesays.com\/fr\/wp-json\/wp\/v2\/users\/2"}],"replies":[{"embeddable":true,"href":"https:\/\/www.europesays.com\/fr\/wp-json\/wp\/v2\/comments?post=399075"}],"version-history":[{"count":0,"href":"https:\/\/www.europesays.com\/fr\/wp-json\/wp\/v2\/posts\/399075\/revisions"}],"wp:featuredmedia":[{"embeddable":true,"href":"https:\/\/www.europesays.com\/fr\/wp-json\/wp\/v2\/media\/399076"}],"wp:attachment":[{"href":"https:\/\/www.europesays.com\/fr\/wp-json\/wp\/v2\/media?parent=399075"}],"wp:term":[{"taxonomy":"category","embeddable":true,"href":"https:\/\/www.europesays.com\/fr\/wp-json\/wp\/v2\/categories?post=399075"},{"taxonomy":"post_tag","embeddable":true,"href":"https:\/\/www.europesays.com\/fr\/wp-json\/wp\/v2\/tags?post=399075"}],"curies":[{"name":"wp","href":"https:\/\/api.w.org\/{rel}","templated":true}]}}