{"id":399084,"date":"2025-09-18T04:25:10","date_gmt":"2025-09-18T04:25:10","guid":{"rendered":"https:\/\/www.europesays.com\/fr\/399084\/"},"modified":"2025-09-18T04:25:10","modified_gmt":"2025-09-18T04:25:10","slug":"petites-eoliennes-sur-le-palais-des-sports-et-campus-dexcellence","status":"publish","type":"post","link":"https:\/\/www.europesays.com\/fr\/399084\/","title":{"rendered":"petites \u00e9oliennes sur le palais des sports et campus d&rsquo;excellence"},"content":{"rendered":"<p>            Par<br \/>\n        <strong><br \/>\n            <a href=\"https:\/\/actu.fr\/auteur\/jm-aubert\" title=\"Consulter tous les articles de Jean-Marc Aubert\" target=\"_blank\" rel=\"noopener\">Jean-Marc Aubert<\/a><br \/>\n        <\/strong><\/p>\n<p>        Publi\u00e9 le<\/p>\n<p>            18 sept. 2025 \u00e0 5h58        <\/p>\n<p>Deux projets vont aboutir d\u2019ici fin 2025 et en 2026 \u00e0 <strong>Castelnau-le-Lez,<\/strong>\u00a0aux portes nord-est de Montpellier\u00a0: un <strong>campus d\u2019excellence<\/strong> et l\u2019installation de <strong>petites \u00e9oliennes<\/strong> sur le toit du palais des sports. Abordant le bilan de la rentr\u00e9e scolaire, \u00ab\u00a0qui s\u2019est tr\u00e8s bien pass\u00e9e\u00a0\u00bb, ce mardi, le maire de la commune, <strong>Fr\u00e9d\u00e9ric Lafforgue<\/strong> a livr\u00e9 des d\u00e9tails sur ces deux initiatives phares, dans la zone nord.<\/p>\n<p>    <a href=\"https:\/\/www.google.com\/maps\/embed?pb=!1m18!1m12!1m3!1d5061.744115391763!2d3.9121439791293233!3d43.64552457669825!2m3!1f0!2f0!3f0!3m2!1i1024!2i768!4f13.1!3m3!1m2!1s0x12b6a5fcd5fdeed5%3A0xe3741a3d0440293b!2sPalais%20des%20Sports%20de%20Castelnau-le-Lez!5e0!3m2!1sfr!2sfr!4v1758120479398!5m2!1sfr!2sfr\" title=\"Ouvrie le lien\" target=\"_blank\" rel=\"noopener\">Cliquez ici pour visualiser le contenu<\/a><\/p>\n<p class=\" wall-content\">D\u00e8s septembre 2026, le nouveau campus du <strong>p\u00f4le L\u00e9onard-de-Vinci<\/strong> sur le site de Castel Med Park, \u00e0 c\u00f4t\u00e9 du lyc\u00e9e Pompidou, \u00ab\u00a0c\u2019est symbolique\u00a0\u00bb pour le maire, sera un acteur majeur de l\u2019enseignement sup\u00e9rieur. \u00ab\u00a0Trois \u00e9coles seront regroup\u00e9es, celle du management, l\u2019EMLV, celle d\u2019ing\u00e9nieurs, l\u2019ESLV et celle du digital, l\u2019IIM. Pr\u00e9sents \u00e0 Paris-La D\u00e9fense et \u00e0 Nantes d\u00e9j\u00e0, ce p\u00f4le poursuit son d\u00e9veloppement national en ayant choisi la M\u00e9tropole de Montpellier gr\u00e2ce \u00e0 son dynamisme et son attractivit\u00e9\u00a0\u00bb se r\u00e9jouit Fr\u00e9d\u00e9ric Lafforgue. Il a livr\u00e9 le secret du choix de Castelnau-le-Lez pour le p\u00f4le L\u00e9onard-de-Vinci : \u00ab\u00a0Les dirigeants ont appris par un journaliste que notre commune, mitoyenne de Montpellier \u00e9tait attractive du point de vue \u00e9conomique et des mobilit\u00e9s, avec le tramway, le bus tram et le futur Serm, le Service express r\u00e9gional m\u00e9tropolitain qui constituent des atouts, et ils nous ont contact\u00e9s. Avec mon premier adjoint, G\u00e9rard Sigaud nous avons eu de fr\u00e9quents \u00e9changes, ils sont venus ici, jusqu\u2019\u00e0 cette d\u00e9cision finale qui honore notre commune\u00a0\u00bb.<\/p>\n<p class=\" wall-content\">10 500 \u00e9tudiants et 24 000 dipl\u00f4m\u00e9s fr\u00e9quenteront ce campus, \u00ab\u00a0qui s\u2019appuie sur une p\u00e9dagogie innovante bas\u00e9e sur la transversalit\u00e9 : ing\u00e9nieurs, managers, et designers travaillent ensemble au cours de projets communs, hackathons et ateliers pluridisciplinaires pour se pr\u00e9parer aux d\u00e9fis du monde professionnel. Le num\u00e9rique y tient une place centrale, un atout pour r\u00e9pondre aux besoins du territoire montpelli\u00e9rain, encore en qu\u00eate de formations sp\u00e9cialis\u00e9es dans ce domaine qui dessine l\u2019avenir\u00a0\u00bb, assure Fr\u00e9d\u00e9ric Laffoggue, fier que, \u00ab\u00a0ce p\u00f4le L\u00e9onard-de-Vinci participera pleinement \u00e0 la vie socio-\u00e9conomique et culturelle de la commune, la faisant rayonner dans la M\u00e9tropole de Montpellier\u00a0\u00bb.\u00a0<\/p>\n<p class=\" wall-content\">Ce p\u00f4le permettra de former des profils tr\u00e8s recherch\u00e9s dans des secteurs porteurs, comme l\u2019Intelligence Artificielle -IA-, la cybers\u00e9curit\u00e9, le marketing digital ou les industries \u00a0cr\u00e9atives. Le maire en profite pour r\u00e9v\u00e9ler que sur les 26 000 habitants, 13 000 ont un emploi et la majorit\u00e9 sont des Castelnauviennes et des Castelnauviens.<\/p>\n<p>Vid\u00e9os : en ce moment sur Actu<\/p>\n<p class=\" wall-content\">Seconde info importante l\u00e2ch\u00e9e par Fr\u00e9d\u00e9ric Lafforgue, mardi matin : \u00ab\u00a0On se lance dans l\u2019\u00e9olien et ce tr\u00e8s vite, d\u2019ici la fin de cette ann\u00e9e, avec l\u2019installation de six petites \u00e9oliennes sur le palais des sports\u00a0\u00bb. Le programme pr\u00e9voit que ce projet de 12 machines se fera en deux tranches de six. Il s\u2019agit d\u2019\u00e9oliennes appel\u00e9es <strong>tourelles urbaines<\/strong> d\u2019une capacit\u00e9 chacune de 3,6 kwh. \u00ab\u00a0Il s\u2019agit de faire baisser la facture \u00e9nerg\u00e9tique et ces \u00e9oliennes vont s\u2019ajouter aux <strong>ombri\u00e8res photovolta\u00efques<\/strong> \u00e9quipant \u00e9galement le palais des sports, des actions qui deviennent indispensables dans la g\u00e9othermie.<\/p>\n<p>Votre r\u00e9gion, votre actu !<\/p>\n<p>Recevez chaque jour les infos qui comptent pour vous.<\/p>\n<p>\t<a href=\"https:\/\/actu.fr\/newsletter\" class=\"ac-btn ac-btn--corner ac-btn--medium ac-btn--blue800\" target=\"_blank\" rel=\"noopener\">S&rsquo;incrire<\/a><br \/>\nInvestissements de 1,2M\u20ac<\/p>\n<p class=\" wall-content\">\u00ab\u00a0Depuis 2019, la Ville de Castelnau-le-Lez a mis en place une politique \u00e9nerg\u00e9tique bas\u00e9e sur le triptyque sobri\u00e9t\u00e9, efficacit\u00e9 et int\u00e9gration des \u00e9nergies renouvelables, avec depuis 2023, un r\u00e9seau de 35 r\u00e9f\u00e9rents \u00e9nergie, un pour chaque b\u00e2timent communal. Tous les agents ont suivi la Fresque du Climat, afin qu\u2019ils prennent connaissance des enjeux pour lesquels la commune met en place certains projets. 300 000\u20ac entre 2018 et 2022 et 900 000\u20acde 2022 \u00e0 2024 ont \u00e9t\u00e9 investis dans la r\u00e9novation \u00e9nerg\u00e9tique\u00a0\u00bb, a d\u00e9clar\u00e9 le maire.<\/p>\n<p class=\" wall-content\">Fr\u00e9d\u00e9ric Lafforgue a ajout\u00e9 que, \u00ab\u00a0la commune n\u2019a jamais aussi peu consomm\u00e9 d\u2019\u00e9nergie -gaz, chauffage urbain, \u00e9lectricit\u00e9- qu\u2019en 2024 avec 2 530 000 kwh, ce qui repr\u00e9sente une diminution de 38% de sa consommation d\u2019\u00e9nergie brute par rapport \u00e0 2018\u00a0\u00bb. Voil\u00e0 qui booste le quotidien du maire de Castelnau-le-Lez qui, interrog\u00e9 pour savoir s\u2019il rempilait pour un \u00a0nouveau mandat, lors des \u00e9lections de mars prochain, laisse planer le doute, certainement pour ne pas r\u00e9veiller les opposants qui l\u2019attendent r\u00e9guli\u00e8rement au tournant, notamment sur le <a href=\"https:\/\/actu.fr\/occitanie\/castelnau-le-lez_34057\/pres-de-montpellier-clinique-du-parc-et-plui-a-castelnau-que-va-decider-le-tribunal-administratif_63167280.html\" target=\"_blank\" rel=\"noopener\">d\u00e9m\u00e9nagement -ou non- de la Clinique du Parc,<\/a> \u00e0 Sablassou : \u00ab\u00a0Je vous donnerais ma d\u00e9cision en temps voulu\u00a0\u00bb. Presque un aveu ! Fr\u00e9d\u00e9ric Lafforgue a montr\u00e9 lors de ce rendez-vous avec la presse, mardi, qu\u2019il avait de l\u2019\u00e9nergie \u00e0 revendre pour poursuivre le cap qu\u2019il s\u2019est fix\u00e9.<\/p>\n<p class=\" wall-content\">Personnalisez votre actualit\u00e9 en ajoutant vos villes et m\u00e9dias en favori avec <a href=\"https:\/\/moncompte.actu.fr\" title=\"D\u00e9couvez Mon Actu\" rel=\"nofollow noopener\" data-trk=\"{&quot;cta&quot;:{&quot;action&quot;:&quot;https:\\\/\\\/moncompte.actu.fr&quot;,&quot;category&quot;:&quot;mon compte&quot;,&quot;from&quot;:&quot;article footer&quot;,&quot;name&quot;:&quot;Mon actu&quot;,&quot;type&quot;:&quot;cta&quot;}}\" target=\"_blank\">Mon Actu<\/a>.<\/p>\n","protected":false},"excerpt":{"rendered":"Par Jean-Marc Aubert Publi\u00e9 le 18 sept. 2025 \u00e0 5h58 Deux projets vont aboutir d\u2019ici fin 2025 et&hellip;\n","protected":false},"author":2,"featured_media":399085,"comment_status":"","ping_status":"","sticky":false,"template":"","format":"standard","meta":{"footnotes":""},"categories":[9599],"tags":[1111,11,33,436,5254,1777,674,1011,27,2208,12,2680,25,71],"class_list":{"0":"post-399084","1":"post","2":"type-post","3":"status-publish","4":"format-standard","5":"has-post-thumbnail","7":"category-montpellier","8":"tag-actu","9":"tag-actualites","10":"tag-economie","11":"tag-environnement","12":"tag-eoliennes","13":"tag-eu","14":"tag-europe","15":"tag-fr","16":"tag-france","17":"tag-montpellier","18":"tag-news","19":"tag-occitanie","20":"tag-republique-francaise","21":"tag-sante"},"share_on_mastodon":{"url":"https:\/\/pubeurope.com\/@fr\/115223404370300127","error":""},"_links":{"self":[{"href":"https:\/\/www.europesays.com\/fr\/wp-json\/wp\/v2\/posts\/399084","targetHints":{"allow":["GET"]}}],"collection":[{"href":"https:\/\/www.europesays.com\/fr\/wp-json\/wp\/v2\/posts"}],"about":[{"href":"https:\/\/www.europesays.com\/fr\/wp-json\/wp\/v2\/types\/post"}],"author":[{"embeddable":true,"href":"https:\/\/www.europesays.com\/fr\/wp-json\/wp\/v2\/users\/2"}],"replies":[{"embeddable":true,"href":"https:\/\/www.europesays.com\/fr\/wp-json\/wp\/v2\/comments?post=399084"}],"version-history":[{"count":0,"href":"https:\/\/www.europesays.com\/fr\/wp-json\/wp\/v2\/posts\/399084\/revisions"}],"wp:featuredmedia":[{"embeddable":true,"href":"https:\/\/www.europesays.com\/fr\/wp-json\/wp\/v2\/media\/399085"}],"wp:attachment":[{"href":"https:\/\/www.europesays.com\/fr\/wp-json\/wp\/v2\/media?parent=399084"}],"wp:term":[{"taxonomy":"category","embeddable":true,"href":"https:\/\/www.europesays.com\/fr\/wp-json\/wp\/v2\/categories?post=399084"},{"taxonomy":"post_tag","embeddable":true,"href":"https:\/\/www.europesays.com\/fr\/wp-json\/wp\/v2\/tags?post=399084"}],"curies":[{"name":"wp","href":"https:\/\/api.w.org\/{rel}","templated":true}]}}