{"id":399086,"date":"2025-09-18T04:28:15","date_gmt":"2025-09-18T04:28:15","guid":{"rendered":"https:\/\/www.europesays.com\/fr\/399086\/"},"modified":"2025-09-18T04:28:15","modified_gmt":"2025-09-18T04:28:15","slug":"les-policiers-interviennent-pour-une-balle-perdue-ils-tombent-sur-une-arme-et-de-la-drogue","status":"publish","type":"post","link":"https:\/\/www.europesays.com\/fr\/399086\/","title":{"rendered":"les policiers interviennent pour une balle perdue, ils tombent sur une arme et de la drogue"},"content":{"rendered":"<p itemprop=\"description\"><strong>Dans la nuit de dimanche \u00e0 lundi, un habitant de la rue du Taillefer \u00e0 Saint-Martin-d&rsquo;H\u00e8res a pr\u00e9venu la police.<\/strong><\/p>\n<p>Vers 3h du matin, il s&rsquo;\u00e9tait rendu compte qu&rsquo;une balle perdue avait p\u00e9n\u00e9tr\u00e9 dans son appartement.<\/p>\n<p>Sur place, les forces de l&rsquo;ordre ont \u00e9t\u00e9 attir\u00e9s par le logement voisin, o\u00f9 vivait un jeune homme de 19 ans. Elles ont eu le nez creux car \u00e0 l&rsquo;int\u00e9rieur, elles ont retrouv\u00e9 un fusil-mitrailleur, 2500 euros et de la drogue : 2,5 kilos de r\u00e9sine de cannabis et surtout 1,3 kilos de coca\u00efne, dont la valeur \u00e0 la revente est estim\u00e9e par le parquet de Grenoble \u00e0 80 000 euros.<\/p>\n<p>Le jeune individu a \u00e9t\u00e9 interpell\u00e9 et plac\u00e9 en garde \u00e0 vue. Il sera jug\u00e9 ce vendredi dans le cadre d&rsquo;une comparution imm\u00e9diate.<\/p>\n","protected":false},"excerpt":{"rendered":"Dans la nuit de dimanche \u00e0 lundi, un habitant de la rue du Taillefer \u00e0 Saint-Martin-d&rsquo;H\u00e8res a pr\u00e9venu&hellip;\n","protected":false},"author":2,"featured_media":399087,"comment_status":"","ping_status":"","sticky":false,"template":"","format":"standard","meta":{"footnotes":""},"categories":[9566],"tags":[1111,11,7733,8279,2430,7736,650,7734,2889,2263,1777,674,1011,27,2731,8280,6417,1114,108,4662,12,3725,1825,25,7737],"class_list":{"0":"post-399086","1":"post","2":"type-post","3":"status-publish","4":"format-standard","5":"has-post-thumbnail","7":"category-grenoble","8":"tag-actu","9":"tag-actualites","10":"tag-alpes","11":"tag-alpes1","12":"tag-auvergne-rhone-alpes","13":"tag-cds","14":"tag-cinema","15":"tag-ecoute","16":"tag-emission","17":"tag-equipe","18":"tag-eu","19":"tag-europe","20":"tag-fr","21":"tag-france","22":"tag-grenoble","23":"tag-haute","24":"tag-information","25":"tag-infos","26":"tag-isere","27":"tag-journal","28":"tag-news","29":"tag-podcast","30":"tag-radio","31":"tag-republique-francaise","32":"tag-winamp"},"share_on_mastodon":{"url":"https:\/\/pubeurope.com\/@fr\/115223416237897318","error":""},"_links":{"self":[{"href":"https:\/\/www.europesays.com\/fr\/wp-json\/wp\/v2\/posts\/399086","targetHints":{"allow":["GET"]}}],"collection":[{"href":"https:\/\/www.europesays.com\/fr\/wp-json\/wp\/v2\/posts"}],"about":[{"href":"https:\/\/www.europesays.com\/fr\/wp-json\/wp\/v2\/types\/post"}],"author":[{"embeddable":true,"href":"https:\/\/www.europesays.com\/fr\/wp-json\/wp\/v2\/users\/2"}],"replies":[{"embeddable":true,"href":"https:\/\/www.europesays.com\/fr\/wp-json\/wp\/v2\/comments?post=399086"}],"version-history":[{"count":0,"href":"https:\/\/www.europesays.com\/fr\/wp-json\/wp\/v2\/posts\/399086\/revisions"}],"wp:featuredmedia":[{"embeddable":true,"href":"https:\/\/www.europesays.com\/fr\/wp-json\/wp\/v2\/media\/399087"}],"wp:attachment":[{"href":"https:\/\/www.europesays.com\/fr\/wp-json\/wp\/v2\/media?parent=399086"}],"wp:term":[{"taxonomy":"category","embeddable":true,"href":"https:\/\/www.europesays.com\/fr\/wp-json\/wp\/v2\/categories?post=399086"},{"taxonomy":"post_tag","embeddable":true,"href":"https:\/\/www.europesays.com\/fr\/wp-json\/wp\/v2\/tags?post=399086"}],"curies":[{"name":"wp","href":"https:\/\/api.w.org\/{rel}","templated":true}]}}