{"id":399088,"date":"2025-09-18T04:29:16","date_gmt":"2025-09-18T04:29:16","guid":{"rendered":"https:\/\/www.europesays.com\/fr\/399088\/"},"modified":"2025-09-18T04:29:16","modified_gmt":"2025-09-18T04:29:16","slug":"amenagement-de-la-place-de-metz-a-grenoble-les-travaux-peuvent-demarrer","status":"publish","type":"post","link":"https:\/\/www.europesays.com\/fr\/399088\/","title":{"rendered":"Am\u00e9nagement de la place de Metz \u00e0 Grenoble : les travaux peuvent d\u00e9marrer"},"content":{"rendered":"<p><img loading=\"lazy\" decoding=\"async\" alt=\"\u00a9 Thomas Richardson - Le tribunal administratif de Grenoble ne suspend pas le d\u00e9marrage des travaux d'am\u00e9nagement de la place de Metz \u00e0 Grenoble.\" data-zoom-src=\"https:\/\/www.europesays.com\/fr\/wp-content\/uploads\/2025\/09\/initial-img-20250909-155934.jpg\" data-zoomable=\"\" height=\"702\" src=\"https:\/\/www.europesays.com\/fr\/wp-content\/uploads\/2025\/09\/initial-img-20250909-155934.jpg\" width=\"1248\"\/>  <\/p>\n<p class=\"article-desc\">\u00a9 Thomas Richardson &#8211; Le tribunal administratif de Grenoble ne suspend pas le d\u00e9marrage des travaux d&rsquo;am\u00e9nagement de la place de Metz \u00e0 Grenoble. <\/p>\n<p>Les travaux de <strong>transformation <\/strong>de la <strong>place de Metz<\/strong> \u00e0 <strong>Grenoble <\/strong>vont pouvoir d\u00e9marrer. Le <strong>juge <\/strong>des r\u00e9f\u00e9r\u00e9s du <a href=\"https:\/\/mesinfos.fr\/38000-grenoble\/tribunal-administratif-de-grenoble-des-nouvelles-permanences-d-avocats-215974.html\" rel=\"noopener\" target=\"_blank\">tribunal administratif de Grenoble <\/a>a rendu sa d\u00e9cision dans ce sens lundi 15 septembre 2025. <\/p>\n<p>Le juge des r\u00e9f\u00e9r\u00e9s du tribunal administratif de Grenoble rejette la requ\u00eate des opposants \u00e0 l&rsquo;am\u00e9nagement de la place de Metz \u00e0 Grenoble <\/p>\n<p>En ao\u00fbt dernier, des commer\u00e7ants et habitants avaient <a href=\"https:\/\/mesinfos.fr\/38000-grenoble\/travaux-place-de-metz-a-grenoble-des-commercants-et-riverains-saisissent-la-justice-228313.html\" rel=\"noopener\" target=\"_blank\">saisi le tribunal <\/a>pour demander la suspension en urgence de l&rsquo;ex\u00e9cution de l&rsquo;arr\u00eat\u00e9 de la Ville de Grenoble en date du 17 juin 2025 accordant un <strong>permis d&rsquo;am\u00e9nager<\/strong> \u00e0 la <strong>M\u00e9tropole de Grenoble<\/strong>. La Ville et la M\u00e9tropole souhaitent transformer l&rsquo;actuel <strong>parking <\/strong>de la place de Metz en une \u00ab\u00a0place jardin\u00a0\u00bb. <\/p>\n<p>Le <strong>stationnement <\/strong>n&rsquo;y serait plus possible. Les commer\u00e7ants de la place et des rues avoisinantes d\u00e9noncent une atteinte \u00e0 la \u00ab\u00a0libert\u00e9 du commerce et de l\u2019industrie\u00a0\u00bb\u00a0 avec des cons\u00e9quences n\u00e9gatives pour la \u00ab\u00a0p\u00e9rennit\u00e9 de certaines activit\u00e9s \u00e9conomiques\u00a0\u00bb.<\/p>\n<p>Les avocats des opposants au projet d&rsquo;am\u00e9nagement ont \u00e9galement tent\u00e9 de d\u00e9montrer l&rsquo;ill\u00e9galit\u00e9 de l&rsquo;arr\u00eat\u00e9, notamment en d\u00e9non\u00e7ant l&rsquo;absence d&rsquo;une \u00ab\u00a0r\u00e9elle concertation pr\u00e9alable\u00a0\u00bb \u00e0 la d\u00e9finition du projet d&rsquo;am\u00e9nagement.<\/p>\n<p>  Les requ\u00e9rants doivent verser 1 500 euros \u00e0 la Ville et \u00e0 la M\u00e9tropole de Grenoble <\/p>\n<p>Le juge des r\u00e9f\u00e9r\u00e9s a <strong>rejet\u00e9 <\/strong>les <strong>requ\u00eates<\/strong> des opposants au projet d&rsquo;am\u00e9nagement, estimant que les \u00ab\u00a0moyens invoqu\u00e9s ne faisaient pas na\u00eetre de doute s\u00e9rieux sur la l\u00e9galit\u00e9 de l&rsquo;arr\u00eat\u00e9 au regard de l&rsquo;article L 521-1 du code de la justice administrative\u00a0\u00bb. Les requ\u00e9rants doivent d\u00e9sormais verser solidairement une <strong>somme<\/strong> de <strong>1 500 euros<\/strong> \u00e0 la commune de Grenoble et la m\u00eame somme \u00e0 la M\u00e9tropole de Grenoble. <\/p>\n<p>En attendant que le tribunal de Grenoble juge le dossier <strong>sur le fonds<\/strong>, les <strong>travaux <\/strong>peuvent bel et bien <strong>d\u00e9marrer<\/strong>.<\/p>\n","protected":false},"excerpt":{"rendered":"\u00a9 Thomas Richardson &#8211; Le tribunal administratif de Grenoble ne suspend pas le d\u00e9marrage des travaux d&rsquo;am\u00e9nagement de&hellip;\n","protected":false},"author":2,"featured_media":399089,"comment_status":"","ping_status":"","sticky":false,"template":"","format":"standard","meta":{"footnotes":""},"categories":[9566],"tags":[1111,11,2430,1777,674,1011,27,2731,12,53083,25,53084,2086,33035],"class_list":{"0":"post-399088","1":"post","2":"type-post","3":"status-publish","4":"format-standard","5":"has-post-thumbnail","7":"category-grenoble","8":"tag-actu","9":"tag-actualites","10":"tag-auvergne-rhone-alpes","11":"tag-eu","12":"tag-europe","13":"tag-fr","14":"tag-france","15":"tag-grenoble","16":"tag-news","17":"tag-place-de-metz","18":"tag-republique-francaise","19":"tag-ru00e9fu00e9ru00e9","20":"tag-travaux","21":"tag-tribunal-administratif-de-grenoble"},"share_on_mastodon":{"url":"https:\/\/pubeurope.com\/@fr\/115223420606661326","error":""},"_links":{"self":[{"href":"https:\/\/www.europesays.com\/fr\/wp-json\/wp\/v2\/posts\/399088","targetHints":{"allow":["GET"]}}],"collection":[{"href":"https:\/\/www.europesays.com\/fr\/wp-json\/wp\/v2\/posts"}],"about":[{"href":"https:\/\/www.europesays.com\/fr\/wp-json\/wp\/v2\/types\/post"}],"author":[{"embeddable":true,"href":"https:\/\/www.europesays.com\/fr\/wp-json\/wp\/v2\/users\/2"}],"replies":[{"embeddable":true,"href":"https:\/\/www.europesays.com\/fr\/wp-json\/wp\/v2\/comments?post=399088"}],"version-history":[{"count":0,"href":"https:\/\/www.europesays.com\/fr\/wp-json\/wp\/v2\/posts\/399088\/revisions"}],"wp:featuredmedia":[{"embeddable":true,"href":"https:\/\/www.europesays.com\/fr\/wp-json\/wp\/v2\/media\/399089"}],"wp:attachment":[{"href":"https:\/\/www.europesays.com\/fr\/wp-json\/wp\/v2\/media?parent=399088"}],"wp:term":[{"taxonomy":"category","embeddable":true,"href":"https:\/\/www.europesays.com\/fr\/wp-json\/wp\/v2\/categories?post=399088"},{"taxonomy":"post_tag","embeddable":true,"href":"https:\/\/www.europesays.com\/fr\/wp-json\/wp\/v2\/tags?post=399088"}],"curies":[{"name":"wp","href":"https:\/\/api.w.org\/{rel}","templated":true}]}}