{"id":399090,"date":"2025-09-18T04:30:37","date_gmt":"2025-09-18T04:30:37","guid":{"rendered":"https:\/\/www.europesays.com\/fr\/399090\/"},"modified":"2025-09-18T04:30:37","modified_gmt":"2025-09-18T04:30:37","slug":"1-000-postes-a-pourvoir-au-space-2025","status":"publish","type":"post","link":"https:\/\/www.europesays.com\/fr\/399090\/","title":{"rendered":"1 000 postes \u00e0 pourvoir au SPACE 2025"},"content":{"rendered":"<p>            Par<br \/>\n        <strong><br \/>\n            <a href=\"https:\/\/actu.fr\/auteur\/redaction-terra\" title=\"Consulter tous les articles de R\u00e9daction Terra\" target=\"_blank\" rel=\"noopener\">R\u00e9daction Terra<\/a><br \/>\n        <\/strong><\/p>\n<p>        Publi\u00e9 le<\/p>\n<p>            17 sept. 2025 \u00e0 12h06        <\/p>\n<p>Le <b>march\u00e9 de l\u2019emploi agricole<\/b> breton conna\u00eet un v\u00e9ritable dynamisme avec plus de <b>1\u2009000 postes actuellement propos\u00e9s<\/b>, dont 66\u2009% en CDI. Les besoins se concentrent principalement dans l\u2019\u00e9levage et le machinisme, deux secteurs cl\u00e9s de l\u2019agriculture r\u00e9gionale.<\/p>\n<p>Lait, proc machinisme<\/p>\n<p class=\" wall-content\">Dans le d\u00e9tail, 239 postes sont disponibles en \u00e9levage laitier, 198 en \u00e9levage porcin, 74 dans le machinisme, ainsi que 239 en mara\u00eechage. Pour accompagner les candidats, le r\u00e9seau des ANEFA (Association nationale pour l\u2019emploi et la formation en agriculture) met en avant son dispositif <b>Graines d\u2019Agriculture<\/b>, qui permet de d\u00e9couvrir les m\u00e9tiers, rencontrer des professionnels et construire un projet professionnel solide.<\/p>\n<p class=\" wall-content\">Du 16 au 18\u00a0septembre 2025, le r\u00e9seau <b>ANEFA <\/b>de Bretagne sera pr\u00e9sent au SPACE (Hall 5 \u2013 Stand C63) afin d\u2019\u00e9changer avec les visiteurs. Temps fort du salon\u2009: un Job Dating organis\u00e9 par l\u2019ANEFA 35 et France Travail le jeudi 18\u00a0septembre \u00e0 partir de 14\u2009h, avec des offres dans l\u2019\u00e9levage, le mara\u00eechage, le paysage ou encore le machinisme.<\/p>\n<p>Toutes les informations et les offres d\u2019emploi sont disponibles sur le site <a href=\"https:\/\/www.lagriculture-recrute.org\/\" target=\"_blank\" rel=\"noopener\">lagriculture-recrute.org<\/a><\/p>\n<p class=\" wall-content\">Personnalisez votre actualit\u00e9 en ajoutant vos villes et m\u00e9dias en favori avec <a href=\"https:\/\/moncompte.actu.fr\" title=\"D\u00e9couvez Mon Actu\" rel=\"nofollow noopener\" data-trk=\"{&quot;cta&quot;:{&quot;action&quot;:&quot;https:\\\/\\\/moncompte.actu.fr&quot;,&quot;category&quot;:&quot;mon compte&quot;,&quot;from&quot;:&quot;article footer&quot;,&quot;name&quot;:&quot;Mon actu&quot;,&quot;type&quot;:&quot;cta&quot;}}\" target=\"_blank\">Mon Actu<\/a>.<\/p>\n","protected":false},"excerpt":{"rendered":"Par R\u00e9daction Terra Publi\u00e9 le 17 sept. 2025 \u00e0 12h06 Le march\u00e9 de l\u2019emploi agricole breton conna\u00eet un&hellip;\n","protected":false},"author":2,"featured_media":399091,"comment_status":"","ping_status":"","sticky":false,"template":"","format":"standard","meta":{"footnotes":""},"categories":[2821],"tags":[1111,11,327,829,33,341,1777,674,1011,27,12,584,25],"class_list":{"0":"post-399090","1":"post","2":"type-post","3":"status-publish","4":"format-standard","5":"has-post-thumbnail","7":"category-rennes","8":"tag-actu","9":"tag-actualites","10":"tag-agriculture","11":"tag-bretagne","12":"tag-economie","13":"tag-emploi","14":"tag-eu","15":"tag-europe","16":"tag-fr","17":"tag-france","18":"tag-news","19":"tag-rennes","20":"tag-republique-francaise"},"share_on_mastodon":{"url":"https:\/\/pubeurope.com\/@fr\/115223424076323290","error":""},"_links":{"self":[{"href":"https:\/\/www.europesays.com\/fr\/wp-json\/wp\/v2\/posts\/399090","targetHints":{"allow":["GET"]}}],"collection":[{"href":"https:\/\/www.europesays.com\/fr\/wp-json\/wp\/v2\/posts"}],"about":[{"href":"https:\/\/www.europesays.com\/fr\/wp-json\/wp\/v2\/types\/post"}],"author":[{"embeddable":true,"href":"https:\/\/www.europesays.com\/fr\/wp-json\/wp\/v2\/users\/2"}],"replies":[{"embeddable":true,"href":"https:\/\/www.europesays.com\/fr\/wp-json\/wp\/v2\/comments?post=399090"}],"version-history":[{"count":0,"href":"https:\/\/www.europesays.com\/fr\/wp-json\/wp\/v2\/posts\/399090\/revisions"}],"wp:featuredmedia":[{"embeddable":true,"href":"https:\/\/www.europesays.com\/fr\/wp-json\/wp\/v2\/media\/399091"}],"wp:attachment":[{"href":"https:\/\/www.europesays.com\/fr\/wp-json\/wp\/v2\/media?parent=399090"}],"wp:term":[{"taxonomy":"category","embeddable":true,"href":"https:\/\/www.europesays.com\/fr\/wp-json\/wp\/v2\/categories?post=399090"},{"taxonomy":"post_tag","embeddable":true,"href":"https:\/\/www.europesays.com\/fr\/wp-json\/wp\/v2\/tags?post=399090"}],"curies":[{"name":"wp","href":"https:\/\/api.w.org\/{rel}","templated":true}]}}