{"id":399094,"date":"2025-09-18T04:32:25","date_gmt":"2025-09-18T04:32:25","guid":{"rendered":"https:\/\/www.europesays.com\/fr\/399094\/"},"modified":"2025-09-18T04:32:25","modified_gmt":"2025-09-18T04:32:25","slug":"a-strasbourg-une-drole-de-bataille-rythme-instagram","status":"publish","type":"post","link":"https:\/\/www.europesays.com\/fr\/399094\/","title":{"rendered":"\u00e0 Strasbourg, une dr\u00f4le de bataille rythme Instagram"},"content":{"rendered":"<p class=\"p1\"><b>En ao\u00fbt dernier, deux comptes Instagram ont \u00e9t\u00e9 cr\u00e9\u00e9s autour de la maire de Strasbourg : \u00ab Merci Barseghian \u00bb et \u00ab Au revoir Barseghian \u00bb. Chacun partage respectivement les bons et les mauvais c\u00f4t\u00e9s du mandat \u00e9cologiste dans une bataille de communication amusante, mais qui montre l\u2019importance de la com\u2019 au vu des \u00e9ch\u00e9ances municipales \u00e0 venir. Rencontre avec les deux comptes.<\/b><\/p>\n<p class=\"p1\">Alors que les municipales reprennent de plus belle depuis la rentr\u00e9e de septembre, <b>la communication va rapidement devenir une arme de campagne pour les diff\u00e9rent(e)s candidat(e)s<\/b>. Personnification des politiques men\u00e9es ou des programmes, mise en valeur des actions ou des id\u00e9es, sondages divulgu\u00e9s : les t\u00eates des candidat(e)s potentiel(le)s \u00e0 la mairie 2026 risquent d\u2019inonder les r\u00e9seaux sociaux des Strasbourgeois(es).<\/p>\n<p>                <a href=\"https:\/\/pokaa.fr\/2025\/09\/15\/municipales-2026-cest-quoi-ce-sondage-qui-place-trautmann-et-vetter-en-tete-a-strasbourg\/\" target=\"_blank\" rel=\"noopener\"><br \/>\n                    <img width=\"450\" height=\"270\" src=\"https:\/\/www.europesays.com\/fr\/wp-content\/uploads\/2025\/09\/1758169937_637_okkkk-450x270.png\" class=\"attachment-card-horizontal--same-subject size-card-horizontal--same-subject wp-post-image\" alt=\"\" decoding=\"async\" loading=\"lazy\"\/>                <\/a><\/p>\n<p>D\u2019ailleurs, depuis ao\u00fbt dernier,<b> Instagram est devenu un terrain de bataille entre deux comptes cr\u00e9\u00e9s autour de la maire de Strasbourg<\/b> : <a href=\"https:\/\/www.instagram.com\/mercibarseghian\/\" target=\"_blank\" rel=\"noopener\">\u00ab\u00a0Merci Barseghian\u00a0\u00bb<\/a> et <a href=\"https:\/\/www.instagram.com\/aurevoirbarseghian\/\" target=\"_blank\" rel=\"noopener\">\u00ab\u00a0Au revoir Barseghian\u00a0\u00bb<\/a>. L\u2019un met en avant les bons c\u00f4t\u00e9s des politiques mises en place depuis 5 ans par la municipalit\u00e9 \u00e9cologiste, l\u2019autre entend faire des \u00ab\u00a0r\u00e9v\u00e9lations et anecdotes sarcastiques sur la mer imaginaire de Strasbourg\u00a0\u00bb.<\/p>\n<p><strong>Surtout, les deux ne manquent pas une opportunit\u00e9 pour s\u2019apostropher sur leur compte respectif.<\/strong><\/p>\n<p>                <img width=\"588\" height=\"500\" src=\"https:\/\/www.europesays.com\/fr\/wp-content\/uploads\/2025\/09\/capture-decran-2025-09-15-a-170445-588x500.png\" class=\"attachment-gallery size-gallery\" alt=\"merci barseghian\" data-full-url=\"https:\/\/pokaa.fr\/wp-content\/uploads\/2025\/09\/15\/capture-decran-2025-09-15-a-170445.png\" decoding=\"async\" loading=\"lazy\"  \/>            <\/p>\n<p>                <img width=\"611\" height=\"500\" src=\"https:\/\/www.europesays.com\/fr\/wp-content\/uploads\/2025\/09\/capture-decran-2025-09-15-a-170508-611x500.png\" class=\"attachment-gallery size-gallery\" alt=\"au revoir barseghian\" data-full-url=\"https:\/\/pokaa.fr\/wp-content\/uploads\/2025\/09\/15\/capture-decran-2025-09-15-a-170508.png\" decoding=\"async\" loading=\"lazy\"  \/>            <\/p>\n<p>                    1. \u00a9 Compte Instagram \u00ab Merci Barseghian \u00bb \/ Capture d&rsquo;\u00e9cran ; 2. \u00a9 Compte Instagram \u00ab\u00a0Au revoir Barseghian \u00bb \/ Capture d&rsquo;\u00e9cran<\/p>\n<p>\u00ab\u00a0Merci Barseghian\u00a0\u00bb : communiquer sur les actions positives du mandat \u00e9cologiste<\/p>\n<p class=\"p1\">Le 8 ao\u00fbt dernier, \u00ab\u00a0Merci Barseghian\u00a0\u00bb r\u00e9alisait ses trois premiers posts pour rappeler les actions de la mandature \u00e9cologiste : <b>un sur <a href=\"https:\/\/pokaa.fr\/2021\/06\/16\/a-partir-du-1er-septembre-les-transports-seront-bien-gratuits-pour-les-moins-de-18-ans\/\" target=\"_blank\" rel=\"noopener\">la gratuit\u00e9 des transports pour les -18 ans<\/a>, un sur le titre de Capitale mondiale du livre et un dernier sur la part de 50% des produits bio \u00e0 la cantine pour les enfants<\/b>. Les trois posts avec le m\u00eame message, sur fond vert : \u00ab Merci Barseghian ! \u00bb<\/p>\n<p class=\"p1\">Depuis, <strong>d\u2019<\/strong><b>autres posts sont venus garnir le compte, avec environ un post par jour sur des sujets divers et vari\u00e9s<\/b> : <a href=\"https:\/\/pokaa.fr\/2024\/10\/10\/la-nouvelle-tarification-solidaire-en-6-points-a-strasbourg-vous-ferez-peut-etre-des-economies\/\" target=\"_blank\" rel=\"noopener\">la tarification solidaire<\/a>, la nouvelle conciergerie solidaire au Hohberg, <a href=\"https:\/\/pokaa.fr\/2025\/04\/27\/projet-a-122-millions-de-a-strasbourg-on-sait-enfin-quand-sera-mis-en-service-le-tram-ouest\/\" target=\"_blank\" rel=\"noopener\">le tram Ouest<\/a>, <a href=\"https:\/\/pokaa.fr\/2025\/01\/12\/ring-cyclable-de-39-km-a-strasbourg-le-peripherique-pour-velos-demarre-des-travaux-xxl\/\" target=\"_blank\" rel=\"noopener\">le Ring v\u00e9lo<\/a>, <a href=\"https:\/\/pokaa.fr\/2024\/05\/23\/grands-projets-a-296-millions-deuros-et-conge-de-sante-gynecologique-ce-que-strasbourg-a-decide-hier\/\" target=\"_blank\" rel=\"noopener\">le cong\u00e9 gyn\u00e9cologique<\/a> (pour l\u2019instant retoqu\u00e9 par le tribunal administratif), la baisse des \u00e9missions de CO2 ou la fin du foie gras dans les banquets et r\u00e9ceptions de la Ville. Des posts suivis notamment par beaucoup d\u2019\u00e9lu(e)s et de personnalit\u00e9s gravitant autour de la mandature \u00e9cologiste.<\/p>\n<p>    <img width=\"800\" height=\"533\" src=\"https:\/\/www.europesays.com\/fr\/wp-content\/uploads\/2025\/09\/dsc02288-800x533.jpg\" class=\"attachment-image-size-L size-image-size-L\" alt=\"Jeanne Barseghian\" decoding=\"async\" loading=\"lazy\"  \/>         \u00a9 Anthony Jilli \/ Pokaa <\/p>\n<p class=\"p1\">Contact\u00e9e, la personne derri\u00e8re le compte assume son action : \u00ab\u00a0<b>Je fais partie des personnes qui souhaitent clairement la r\u00e9\u00e9lection de Jeanne Barseghian<\/b>.\u00a0\u00bb Elle a d\u2019ailleurs tenu \u00e0 rester anonyme car \u00ab d\u00e8s que l\u2019on dit des choses positives sur la mairie sur les r\u00e9seaux, on se prend des vagues de trolls et j\u2019avais envie de me prot\u00e9ger personnellement de cette forme de harc\u00e8lement \u00bb.<\/p>\n<p class=\"p1\">Ainsi, son action consiste \u00e0 mettre en lumi\u00e8re les actions men\u00e9es par la mandature \u00e9cologiste et ses alli\u00e9(e)s. Selon elle, \u00ab <b>on ne sait pas assez toutes les choses positives que Jeanne Barseghian et son \u00e9quipe ont fait<\/b>, et globalement on n\u2019entend que les opposants ou les gens qui r\u00e2lent sur les r\u00e9seaux sociaux \u00bb. Du pain b\u00e9ni pour un ex\u00e9cutif qui n\u2019a pas souvent brill\u00e9 en termes de communication.<\/p>\n<p>    <img width=\"800\" height=\"535\" src=\"https:\/\/www.europesays.com\/fr\/wp-content\/uploads\/2025\/09\/musee-zoologique-dsc02377-800x535.jpeg\" class=\"attachment-image-size-L size-image-size-L\" alt=\"Jeanne Barseghian\" decoding=\"async\" loading=\"lazy\"  \/>         \u00a9 Anthony Jilli \/ Pokaa <\/p>\n<p>\u00ab\u00a0Au revoir Barseghian\u00a0\u00bb : montrer les incoh\u00e9rences et erreurs de la maire de Strasbourg<\/p>\n<p class=\"p1\">Alors que \u00ab\u00a0Merci Barseghian\u00a0\u00bb avait d\u00e9j\u00e0 7 posts le 21 ao\u00fbt, un nouveau compte Instagram a rejoint la bataille \u00e0 cette date : \u00ab\u00a0Au revoir Barseghian \u00bb. <strong>Quatre<\/strong><b> posts publi\u00e9s depuis, dont une vid\u00e9o et trois retours sur le sujet du Ring v\u00e9lo, sur la m\u00e9diation tranquillit\u00e9 publique et sur les places de stationnement en moins<\/b>.<\/p>\n<p class=\"p1\">Dans les personnes qui suivent ce compte, des \u00e9lu(e)s des partis d\u2019opposition, des \u00e9lu(e)s qui reviennent \u00e0 Strasbourg apr\u00e8s leur pr\u00e9c\u00e9dent mandat et m\u00eame le mouvement d\u2019un r\u00e9cent candidat aux municipales. <strong>Bref, plut\u00f4t un compte suivi par l\u2019opposition du \u00ab bloc central \u00bb strasbourgeois<\/strong>.<\/p>\n<p>    <img width=\"800\" height=\"600\" src=\"https:\/\/www.europesays.com\/fr\/wp-content\/uploads\/2025\/09\/img-0811-800x600.jpg\" class=\"attachment-image-size-L size-image-size-L\" alt=\"stationnement strasbourg\" decoding=\"async\" loading=\"lazy\"  \/>         \u00a9\u00a0Nicolas Kaspar \/ Pokaa <\/p>\n<p class=\"p1\">\u00c0 chaque fois, \u00e0 travers chiffres et comparaisons, le compte remet en cause certaines des politiques men\u00e9es par la mandature \u00e9cologiste. <b>Comme une sorte de miroir \u00e0 la communication du compte \u00ab\u00a0Merci Barseghian\u00a0\u00bb, que \u00ab\u00a0Au revoir Barseghian\u00a0\u00bb cherche \u00e0 rectifier<\/b>. D\u2019ailleurs, elle n\u2019h\u00e9site pas \u00e0 apostropher son adversaire \u00e0 chaque nouveau post ou story.<\/p>\n<p class=\"p1\">La personne derri\u00e8re le compte, qui a annonc\u00e9 qu\u2019elle r\u00e9v\u00e9lerait son identit\u00e9 au lendemain du second tour, affirme n\u2019\u00eatre \u00ab proche d\u2019aucun candidat d\u00e9clar\u00e9 aux municipales \u00bb. Avec ce compte, <b>son souhait est surtout \u00ab\u00a0de d\u00e9noncer les incoh\u00e9rences et les erreurs de Jeanne Barseghian dans la gestion de son mandat de maire et dans sa politique municipale, en mettant en avant le v\u00e9ritable bilan de la candidate \u00e0 sa propre succession<\/b>.\u00a0\u00bb<\/p>\n<p>    <img width=\"800\" height=\"600\" src=\"https:\/\/www.europesays.com\/fr\/wp-content\/uploads\/2025\/06\/img-5323-800x600.jpeg\" class=\"attachment-image-size-L size-image-size-L\" alt=\"opposition municipale\" decoding=\"async\" loading=\"lazy\"  \/>         \u00a9 Nicolas Kaspar \/ Pokaa <\/p>\n<p>La bataille de la com\u2019<\/p>\n<p class=\"p1\">Entre les deux comptes, les reproches volent en escadrille. Le compte \u00ab Merci Barseghian \u00bb trouve\u00a0\u00ab\u00a0<b>un peu triste des gens qui mettent du temps et de l\u2019\u00e9nergie \u00e0 critiquer plut\u00f4t qu\u2019\u00e0 proposer<\/b>, mais c\u2019est le jeu de la d\u00e9mocratie, je le respecte. Quand j\u2019ai vu la publication sur le Ring je me suis dit : ces gens n\u2019ont soit vraiment rien compris \u00e0 ce qu\u2019est l\u2019\u00e9cologie, soit sont d\u2019une mauvaise foi absolue \u00bb.<\/p>\n<p>    <img width=\"800\" height=\"600\" src=\"https:\/\/www.europesays.com\/fr\/wp-content\/uploads\/2025\/09\/img-4650-800x600.jpg\" class=\"attachment-image-size-L size-image-size-L\" alt=\"strasbourg cath\u00e9drale tram\" decoding=\"async\" loading=\"lazy\"  \/>         \u00a9 Coraline Lafon \/ Pokaa <\/p>\n<p class=\"p1\">De son c\u00f4t\u00e9, \u00ab Au revoir Barseghian \u00bb juge que \u00ab l\u2019initiative du compte Merci Barseghian est bien s\u00fbr totalement l\u00e9gitime, mais elle traduit en r\u00e9alit\u00e9 un aveu de faiblesse. <b>Quand on en arrive \u00e0 ce type de communication, c\u2019est qu\u2019on reconna\u00eet que les Strasbourgeoises et Strasbourgeois peinent \u00e0 percevoir les am\u00e9liorations dans leur ville et dans leur quotidien<\/b>, car elles sont peu nombreuses.\u00a0\u00bb<\/p>\n<p><strong>Et si leur bataille de communication sous les posts ou dans leurs stories peut \u00eatre vue comme amusante, elle montre surtout que, d\u00e9sormais, la communication est l\u2019un des terrains de bataille principaux des municipales \u00e0 Strasbourg.\u00a0<\/strong><\/p>\n<p><script async src=\"\/\/www.instagram.com\/embed.js\"><\/script><\/p>\n","protected":false},"excerpt":{"rendered":"En ao\u00fbt dernier, deux comptes Instagram ont \u00e9t\u00e9 cr\u00e9\u00e9s autour de la maire de Strasbourg : \u00ab Merci&hellip;\n","protected":false},"author":2,"featured_media":399095,"comment_status":"","ping_status":"","sticky":false,"template":"","format":"standard","meta":{"footnotes":""},"categories":[2820],"tags":[1111,11,1777,674,1011,27,775,7125,3434,12,316,25,640],"class_list":{"0":"post-399094","1":"post","2":"type-post","3":"status-publish","4":"format-standard","5":"has-post-thumbnail","7":"category-strasbourg","8":"tag-actu","9":"tag-actualites","10":"tag-eu","11":"tag-europe","12":"tag-fr","13":"tag-france","14":"tag-grand-est","15":"tag-jeanne-barseghian","16":"tag-municipales-2026","17":"tag-news","18":"tag-politique","19":"tag-republique-francaise","20":"tag-strasbourg"},"share_on_mastodon":{"url":"https:\/\/pubeurope.com\/@fr\/115223432601673396","error":""},"_links":{"self":[{"href":"https:\/\/www.europesays.com\/fr\/wp-json\/wp\/v2\/posts\/399094","targetHints":{"allow":["GET"]}}],"collection":[{"href":"https:\/\/www.europesays.com\/fr\/wp-json\/wp\/v2\/posts"}],"about":[{"href":"https:\/\/www.europesays.com\/fr\/wp-json\/wp\/v2\/types\/post"}],"author":[{"embeddable":true,"href":"https:\/\/www.europesays.com\/fr\/wp-json\/wp\/v2\/users\/2"}],"replies":[{"embeddable":true,"href":"https:\/\/www.europesays.com\/fr\/wp-json\/wp\/v2\/comments?post=399094"}],"version-history":[{"count":0,"href":"https:\/\/www.europesays.com\/fr\/wp-json\/wp\/v2\/posts\/399094\/revisions"}],"wp:featuredmedia":[{"embeddable":true,"href":"https:\/\/www.europesays.com\/fr\/wp-json\/wp\/v2\/media\/399095"}],"wp:attachment":[{"href":"https:\/\/www.europesays.com\/fr\/wp-json\/wp\/v2\/media?parent=399094"}],"wp:term":[{"taxonomy":"category","embeddable":true,"href":"https:\/\/www.europesays.com\/fr\/wp-json\/wp\/v2\/categories?post=399094"},{"taxonomy":"post_tag","embeddable":true,"href":"https:\/\/www.europesays.com\/fr\/wp-json\/wp\/v2\/tags?post=399094"}],"curies":[{"name":"wp","href":"https:\/\/api.w.org\/{rel}","templated":true}]}}