{"id":399102,"date":"2025-09-18T04:36:15","date_gmt":"2025-09-18T04:36:15","guid":{"rendered":"https:\/\/www.europesays.com\/fr\/399102\/"},"modified":"2025-09-18T04:36:15","modified_gmt":"2025-09-18T04:36:15","slug":"loperation-ma-rue-en-fleurs-embellit-le-cadre-de-vie","status":"publish","type":"post","link":"https:\/\/www.europesays.com\/fr\/399102\/","title":{"rendered":"L\u2019op\u00e9ration \u00ab\u00a0Ma rue en fleurs\u00a0\u00bb embellit le cadre de vie"},"content":{"rendered":"<p>Comment embellir son cadre de vie en donnant davantage de place \u00e0 la nature et \u00e0 la biodiversit\u00e9\u00a0? C\u2019est l\u2019objectif de \u00ab\u00a0Ma rue en fleurs\u00a0\u00bb lanc\u00e9 par Nantes m\u00e9tropole.\u00a0Chaque ann\u00e9e, des milliers de sachets de graines sont distribu\u00e9s aux habitants des communes de Nantes m\u00e9tropole. L\u2019id\u00e9e\u00a0? Permettre aux volontaires de les semer devant chez eux, au pied des fa\u00e7ades de leur maison ou de leur immeuble, le long d\u2019un \u00e9quipement public ou dans les interstices provoqu\u00e9s par les fissures d\u2019enrob\u00e9s entre votre mur et le trottoir.<\/p>\n<p>10\u00a0000\u00a0sachets de graines sont ainsi distribu\u00e9s gratuitement aux habitants des vingt-quatre\u00a0communes de la m\u00e9tropole, pour faire pousser coquelicots, grande mauve et camomille le long des fa\u00e7ades et des trottoirs.<\/p>\n<p>Les kits de semis (sachet de graines +\u00a0guide de plantation) sont \u00e0 retirer, gratuitement, jusqu\u2019au dimanche 16\u00a0novembre, \u00e0 Nantes, dans les mairies de quartier et \u00e0 l\u2019accueil du Jardin des plantes, entre 13\u00a0h\u00a030 \u00e0 18\u00a0h. Pour les communes, renseignements aupr\u00e8s des mairies.<\/p>\n<p><strong>Contact\u00a0:<\/strong> Pour les habitants de Nantes\u00a0: 02\u00a040\u00a041\u00a090\u00a000\u00a0; pour les habitants des autres communes\u00a0: 02\u00a040\u00a099\u00a048\u00a048.<\/p>\n<p>\u00a0<\/p>\n","protected":false},"excerpt":{"rendered":"Comment embellir son cadre de vie en donnant davantage de place \u00e0 la nature et \u00e0 la biodiversit\u00e9\u00a0?&hellip;\n","protected":false},"author":2,"featured_media":399103,"comment_status":"","ping_status":"","sticky":false,"template":"","format":"standard","meta":{"footnotes":""},"categories":[2818],"tags":[1111,11,33781,29043,1777,674,2574,1011,27,766,12,1476,2636,25,3640,4717],"class_list":{"0":"post-399102","1":"post","2":"type-post","3":"status-publish","4":"format-standard","5":"has-post-thumbnail","7":"category-nantes","8":"tag-actu","9":"tag-actualites","10":"tag-cadre","11":"tag-embellit","12":"tag-eu","13":"tag-europe","14":"tag-fleurs","15":"tag-fr","16":"tag-france","17":"tag-nantes","18":"tag-news","19":"tag-operation","20":"tag-pays-de-la-loire","21":"tag-republique-francaise","22":"tag-rue","23":"tag-vie"},"share_on_mastodon":{"url":"https:\/\/pubeurope.com\/@fr\/115223447701365257","error":""},"_links":{"self":[{"href":"https:\/\/www.europesays.com\/fr\/wp-json\/wp\/v2\/posts\/399102","targetHints":{"allow":["GET"]}}],"collection":[{"href":"https:\/\/www.europesays.com\/fr\/wp-json\/wp\/v2\/posts"}],"about":[{"href":"https:\/\/www.europesays.com\/fr\/wp-json\/wp\/v2\/types\/post"}],"author":[{"embeddable":true,"href":"https:\/\/www.europesays.com\/fr\/wp-json\/wp\/v2\/users\/2"}],"replies":[{"embeddable":true,"href":"https:\/\/www.europesays.com\/fr\/wp-json\/wp\/v2\/comments?post=399102"}],"version-history":[{"count":0,"href":"https:\/\/www.europesays.com\/fr\/wp-json\/wp\/v2\/posts\/399102\/revisions"}],"wp:featuredmedia":[{"embeddable":true,"href":"https:\/\/www.europesays.com\/fr\/wp-json\/wp\/v2\/media\/399103"}],"wp:attachment":[{"href":"https:\/\/www.europesays.com\/fr\/wp-json\/wp\/v2\/media?parent=399102"}],"wp:term":[{"taxonomy":"category","embeddable":true,"href":"https:\/\/www.europesays.com\/fr\/wp-json\/wp\/v2\/categories?post=399102"},{"taxonomy":"post_tag","embeddable":true,"href":"https:\/\/www.europesays.com\/fr\/wp-json\/wp\/v2\/tags?post=399102"}],"curies":[{"name":"wp","href":"https:\/\/api.w.org\/{rel}","templated":true}]}}