{"id":399107,"date":"2025-09-18T04:39:25","date_gmt":"2025-09-18T04:39:25","guid":{"rendered":"https:\/\/www.europesays.com\/fr\/399107\/"},"modified":"2025-09-18T04:39:25","modified_gmt":"2025-09-18T04:39:25","slug":"des-travaux-dampleur-dans-quatre-tunnels-entre-poitiers-et-bordeaux","status":"publish","type":"post","link":"https:\/\/www.europesays.com\/fr\/399107\/","title":{"rendered":"des travaux d\u2019ampleur dans quatre tunnels entre Poitiers et Bordeaux"},"content":{"rendered":"<p>C\u2019est un ambitieux projet qui s\u2019inscrit dans le cadre du plan de relance du fret. L\u2019autoroute ferroviaire entre Cherbourg (Manche) et Mouguerre (Pyr\u00e9n\u00e9es-Atlantiques) vise \u00e0 cr\u00e9er le premier service de transport de marchandises par le rail sur la fa\u00e7ade atlantique. Cette ligne est port\u00e9e par BAI Rail, filiale de la compagnie maritime Brittany Ferries (1), avec le soutien financier de l\u2019\u00c9tat et de <a title=\"Travaux SNCF entre Paris et Orl\u00e9ans : le \u00ab plus gros chantier de l\u2019ann\u00e9e \u00bb bat son plein\" target=\"_self\" href=\"https:\/\/www.lanouvellerepublique.fr\/indre\/travaux-sncf-entre-paris-et-orleans-le-plus-gros-chantier-de-l-annee-bat-son-plein-1758105752\" rel=\"nofollow noopener\">SNCF R\u00e9seau<\/a>. \u00ab\u00a0Ce type de service a pour objectif de transf\u00e9rer les poids lourds de la route vers le rail afin de limiter la pollution de l\u2019air, d\u00e9congestionner le r\u00e9seau routier et am\u00e9liorer la s\u00e9curit\u00e9\u00a0\u00bb, d\u00e9veloppe SNCF R\u00e9seau, dans un communiqu\u00e9 de presse envoy\u00e9 le mardi 16\u00a0septembre 2025.<\/p>\n<p>La mise en circulation des trains sur cette autoroute ferroviaire, qui permettra de relier le Royaume-Uni \u00e0 l\u2019Espagne, n\u00e9cessite des travaux d\u2019adaptation dans quatre tunnels situ\u00e9s entre Poitiers et Bordeaux. Parmi eux, le tunnel Les B\u00e2ch\u00e9es, long de 426 m\u00e8tres et situ\u00e9 au nord de Vivonne (<a title=\"Lien vers la page Vienne du site internet de La Nouvelle R\u00e9publique\" target=\"_self\" href=\"https:\/\/www.lanouvellerepublique.fr\/vienne\" rel=\"nofollow noopener\">Vienne<\/a>). Les trois autres sont situ\u00e9s en Charente\u00a0: Les Plans \u00e0 Ruffec, Angoul\u00eame et Livernan \u00e0 Charmant. \u00ab\u00a0Les travaux principaux portent sur la vo\u00fbte de l\u2019ouvrage d\u2019art\u00a0\u00bb, indique SNCF R\u00e9seau. Et plus pr\u00e9cis\u00e9ment \u00ab\u00a0la reprise de la coque de cette vo\u00fbte en b\u00e9ton projet\u00e9 avec implantation de raidisseurs\u00a0\u00bb.<\/p>\n<p>15,4\u00a0millions d\u2019euros de travaux<\/p>\n<p>Les diff\u00e9rentes op\u00e9rations ont d\u00e9but\u00e9 fin ao\u00fbt\u00a02025 pour s\u2019achever vers la fin avril\u00a02026. Le co\u00fbt total de ces chantiers s\u2019\u00e9l\u00e8ve \u00e0 15,4\u00a0millions d\u2019euros, dont 85\u00a0% est financ\u00e9 par l\u2019\u00c9tat et 15\u00a0% par SNCF R\u00e9seau.<\/p>\n<p>(1) La compagnie assure des liaisons r\u00e9guli\u00e8res vers l\u2019Angleterre, l\u2019Irlande et l\u2019Espagne.<\/p>\n","protected":false},"excerpt":{"rendered":"C\u2019est un ambitieux projet qui s\u2019inscrit dans le cadre du plan de relance du fret. L\u2019autoroute ferroviaire entre&hellip;\n","protected":false},"author":2,"featured_media":399108,"comment_status":"","ping_status":"","sticky":false,"template":"","format":"standard","meta":{"footnotes":""},"categories":[2817],"tags":[1392,1111,11,1997,7478,2545,33,1777,674,1011,27,12,2219,25,926,800,2086,1584,11323],"class_list":{"0":"post-399107","1":"post","2":"type-post","3":"status-publish","4":"format-standard","5":"has-post-thumbnail","7":"category-bordeaux","8":"tag-a-la-une-local","9":"tag-actu","10":"tag-actualites","11":"tag-bordeaux","12":"tag-charente","13":"tag-deux-sevres","14":"tag-economie","15":"tag-eu","16":"tag-europe","17":"tag-fr","18":"tag-france","19":"tag-news","20":"tag-nouvelle-aquitaine","21":"tag-republique-francaise","22":"tag-train","23":"tag-transports","24":"tag-travaux","25":"tag-vienne","26":"tag-vivonne"},"share_on_mastodon":{"url":"https:\/\/pubeurope.com\/@fr\/115223459622466071","error":""},"_links":{"self":[{"href":"https:\/\/www.europesays.com\/fr\/wp-json\/wp\/v2\/posts\/399107","targetHints":{"allow":["GET"]}}],"collection":[{"href":"https:\/\/www.europesays.com\/fr\/wp-json\/wp\/v2\/posts"}],"about":[{"href":"https:\/\/www.europesays.com\/fr\/wp-json\/wp\/v2\/types\/post"}],"author":[{"embeddable":true,"href":"https:\/\/www.europesays.com\/fr\/wp-json\/wp\/v2\/users\/2"}],"replies":[{"embeddable":true,"href":"https:\/\/www.europesays.com\/fr\/wp-json\/wp\/v2\/comments?post=399107"}],"version-history":[{"count":0,"href":"https:\/\/www.europesays.com\/fr\/wp-json\/wp\/v2\/posts\/399107\/revisions"}],"wp:featuredmedia":[{"embeddable":true,"href":"https:\/\/www.europesays.com\/fr\/wp-json\/wp\/v2\/media\/399108"}],"wp:attachment":[{"href":"https:\/\/www.europesays.com\/fr\/wp-json\/wp\/v2\/media?parent=399107"}],"wp:term":[{"taxonomy":"category","embeddable":true,"href":"https:\/\/www.europesays.com\/fr\/wp-json\/wp\/v2\/categories?post=399107"},{"taxonomy":"post_tag","embeddable":true,"href":"https:\/\/www.europesays.com\/fr\/wp-json\/wp\/v2\/tags?post=399107"}],"curies":[{"name":"wp","href":"https:\/\/api.w.org\/{rel}","templated":true}]}}