{"id":399109,"date":"2025-09-18T04:40:13","date_gmt":"2025-09-18T04:40:13","guid":{"rendered":"https:\/\/www.europesays.com\/fr\/399109\/"},"modified":"2025-09-18T04:40:13","modified_gmt":"2025-09-18T04:40:13","slug":"a-paris-ils-connaissent-ca-depuis-longtemps-les-premiers-tapis-roulants-vont-debarquer-au-metro-de-toulouse","status":"publish","type":"post","link":"https:\/\/www.europesays.com\/fr\/399109\/","title":{"rendered":"A Paris, ils connaissent \u00e7a depuis longtemps, les premiers tapis roulants vont d\u00e9barquer au m\u00e9tro de Toulouse"},"content":{"rendered":"<p>            Par<br \/>\n        <strong><br \/>\n            <a href=\"https:\/\/actu.fr\/auteur\/david-saint-sernin\" title=\"Consulter tous les articles de David Saint-Sernin\" target=\"_blank\" rel=\"noopener\">David Saint-Sernin<\/a><br \/>\n        <\/strong><\/p>\n<p>        Publi\u00e9 le<\/p>\n<p>            18 sept. 2025 \u00e0 6h04        <\/p>\n<p>Les Parisiens les connaissent par c\u0153ur, et les touristes les utilisent quand ils circulent dans la Capitale. Il est question ici <a href=\"https:\/\/actu.fr\/ile-de-france\/paris_75056\/travaux-a-la-ratp-un-des-trottoirs-roulants-de-chatelet-les-halles-a-l-arret-plusieurs-mois_60092292.html\" target=\"_blank\" rel=\"noopener\">des tapis roulants<\/a>. Pour rappel, un tapis roulant, ou trottoir roulant, est un moyen de transport horizontal qui permet de d\u00e9placer des pi\u00e9tons. Il peut circuler aussi dans les deux sens et poss\u00e8de aussi une rampe de maintien. Ce type de transport est pr\u00e9sent dans diff\u00e9rents longs couloirs, \u00e9vitant ou acc\u00e9l\u00e9rant une longue marche \u00e0 pied, tel que ceux majoritaires des correspondances entre stations de m\u00e9tro et de RER ou les a\u00e9roports. <a href=\"https:\/\/actu.fr\/ile-de-france\/paris_75\" target=\"_blank\" rel=\"noopener\">\u00c0 Paris<\/a>, les habitu\u00e9s de la gare Montparnasse utilisent plusieurs tapis roulant de presque 200 m\u00e8tres de long. Mais<a href=\"https:\/\/actu.fr\/occitanie\/toulouse_31555\" target=\"_blank\" rel=\"noopener\"> \u00e0 Toulouse<\/a>, il n\u2019en existe pas encore. Mais plus pour tr\u00e8s longtemps. Quatre premiers tapis roulants vont \u00eatre install\u00e9s dans la Ville rose.<\/p>\n<p>Quatre tapis roulants<\/p>\n<p class=\" wall-content\">Ces quatre tapis roulants vont \u00eatre install\u00e9s dans<a href=\"https:\/\/actu.fr\/tag\/ligne-c-du-metro-de-toulouse\" target=\"_blank\" rel=\"noopener\"> le futur m\u00e9tro de Toulouse, la fameuse ligne C<\/a>, qui doit \u00eatre mise en service fin 2028 selon le calendrier de Tiss\u00e9o.<\/p>\n<p class=\" wall-content\">\u00ab\u2009Il s\u2019agit de quatre tapis roulants pour relier les deux stations La Vache, sur la ligne B, et de la Vache Gare, sur la future ligne C. Il y aura deux tapis dans un sens, et deux tapis dans l\u2019autre\u2009\u00bb, pr\u00e9cise Tiss\u00e9o \u00e0 Actu Toulouse.<\/p>\n<p>Deux stations de m\u00e9tro distantes<\/p>\n<p class=\" wall-content\">Pourquoi <a href=\"https:\/\/actu.fr\/tag\/tisseo\" target=\"_blank\" rel=\"noopener\">Tiss\u00e9o<\/a> a choisi d\u2019installer des tapis roulant \u00e0 cet endroit de la ligne\u2009? La raison est assez simple. La <a href=\"https:\/\/actu.fr\/occitanie\/toulouse_31555\/toulouse-ligne-c-du-metro-voici-les-noms-definitifs-des-stations-et-il-y-a-du-nouveau_59511450.html\" target=\"_blank\" rel=\"noopener\">station La Vache de la ligne C<\/a> deviendra l\u2019un des quatre points de croisement de la ligne C avec la ligne B. Mais les stations de la ligne B et de la ligne C seront situ\u00e9es \u00e0 quelques centaines de m\u00e8tres l\u2019une de l\u2019autre. Les tapis roulants seront positionn\u00e9s l\u00e0 pour faciliter le lien entre les deux stations.<\/p>\n<p class=\" wall-content\">C\u2019est la soci\u00e9t\u00e9 fran\u00e7aise, Kone, sp\u00e9cialis\u00e9e dans ce type de mat\u00e9riel qui fournira ces 4 trottoirs roulants, mod\u00e8le TransitMaster\u2122 165. \u00ab\u2009Des tapis roulants sp\u00e9cialement con\u00e7us pour les infrastructures \u00e0 fort trafic, qui permettront aux voyageurs de se d\u00e9placer rapidement avec leurs bagages dans les zones de correspondance les plus fr\u00e9quent\u00e9es\u2009\u00bb, explique la soci\u00e9t\u00e9 Kone. Ces tapis roulants feront chacun une centaine de m\u00e8tres de longueur.<\/p>\n<p class=\" wall-content\">Outre ces quatre tapis roulants, l\u2019entreprise installera <strong>90 escaliers m\u00e9caniques<\/strong> sur les 21 stations de la nouvelle ligne qui reliera Colomiers \u00e0 la gare de Lab\u00e8ge.<\/p>\n<p>La Vache, futur p\u00f4le multimodal<\/p>\n<p class=\" wall-content\">Avec l\u2019arriv\u00e9e de la ligne C du m\u00e9tro en 2028, puis la cr\u00e9ation d\u2019une halte TGV apr\u00e8s 2030, le secteur de La Vache doit devenir un p\u00f4le d\u2019\u00e9change multimodal.<\/p>\n<p>Votre r\u00e9gion, votre actu !<\/p>\n<p>Recevez chaque jour les infos qui comptent pour vous.<\/p>\n<p>\t<a href=\"https:\/\/actu.fr\/newsletter\" class=\"ac-btn ac-btn--corner ac-btn--medium ac-btn--blue800\" target=\"_blank\" rel=\"noopener\">S&rsquo;incrire<\/a><\/p>\n<p class=\" wall-content\">La station de m\u00e9tro int\u00e9grera un <strong>parking relais de 500 places,<\/strong> une gare de bus, un v\u00e9lo station de 100 places, 50 places de stationnement cyclables sur le parvis. Elle sera reli\u00e9e \u00e0 la station de la ligne B du m\u00e9tro par un tunnel, o\u00f9 se trouveront les tapis roulants.<\/p>\n<p class=\" wall-content\">La station La Vache-Gare aura une correspondance avec la future halte ferroviaire cr\u00e9\u00e9e dans le cadre des Am\u00e9nagements Ferroviaires du Nord de Toulouse (AFNT).<\/p>\n<p class=\" wall-content\">\u00c0 terme, les deux stations de m\u00e9tro La Vache et sa halte ferroviaire, pourraient devenir l\u2019\u00e9quivalent de ce que sont les Ar\u00e8nes \u00e0 l\u2019ouest de Toulouse.<\/p>\n<p>    <a href=\"https:\/\/www.google.com\/maps\/embed?pb=!1m18!1m12!1m3!1d32680.001304812326!2d1.4215547318908777!3d43.616299338063584!2m3!1f0!2f0!3f0!3m2!1i1024!2i768!4f13.1!3m3!1m2!1s0x12aea57b4b64486b%3A0xdd5ad3f0257da622!2sLa%20Vache%20%7C%20Future%20station%20de%20m%C3%A9tro!5e0!3m2!1sfr!2sfr!4v1758113693079!5m2!1sfr!2sfr\" title=\"Ouvrie le lien\" target=\"_blank\" rel=\"noopener\">Cliquez ici pour visualiser le contenu<\/a><\/p>\n<p class=\" wall-content\">Personnalisez votre actualit\u00e9 en ajoutant vos villes et m\u00e9dias en favori avec <a href=\"https:\/\/moncompte.actu.fr\" title=\"D\u00e9couvez Mon Actu\" rel=\"nofollow noopener\" data-trk=\"{&quot;cta&quot;:{&quot;action&quot;:&quot;https:\\\/\\\/moncompte.actu.fr&quot;,&quot;category&quot;:&quot;mon compte&quot;,&quot;from&quot;:&quot;article footer&quot;,&quot;name&quot;:&quot;Mon actu&quot;,&quot;type&quot;:&quot;cta&quot;}}\" target=\"_blank\">Mon Actu<\/a>.<\/p>\n","protected":false},"excerpt":{"rendered":"Par David Saint-Sernin Publi\u00e9 le 18 sept. 2025 \u00e0 6h04 Les Parisiens les connaissent par c\u0153ur, et les&hellip;\n","protected":false},"author":2,"featured_media":399110,"comment_status":"","ping_status":"","sticky":false,"template":"","format":"standard","meta":{"footnotes":""},"categories":[2816],"tags":[1111,11,1777,674,1011,27,6200,5224,12,2680,25,104,2312],"class_list":{"0":"post-399109","1":"post","2":"type-post","3":"status-publish","4":"format-standard","5":"has-post-thumbnail","7":"category-toulouse","8":"tag-actu","9":"tag-actualites","10":"tag-eu","11":"tag-europe","12":"tag-fr","13":"tag-france","14":"tag-lgv-bordeaux-toulouse","15":"tag-ligne-c-du-metro-de-toulouse","16":"tag-news","17":"tag-occitanie","18":"tag-republique-francaise","19":"tag-societe","20":"tag-toulouse"},"share_on_mastodon":{"url":"https:\/\/pubeurope.com\/@fr\/115223463400277005","error":""},"_links":{"self":[{"href":"https:\/\/www.europesays.com\/fr\/wp-json\/wp\/v2\/posts\/399109","targetHints":{"allow":["GET"]}}],"collection":[{"href":"https:\/\/www.europesays.com\/fr\/wp-json\/wp\/v2\/posts"}],"about":[{"href":"https:\/\/www.europesays.com\/fr\/wp-json\/wp\/v2\/types\/post"}],"author":[{"embeddable":true,"href":"https:\/\/www.europesays.com\/fr\/wp-json\/wp\/v2\/users\/2"}],"replies":[{"embeddable":true,"href":"https:\/\/www.europesays.com\/fr\/wp-json\/wp\/v2\/comments?post=399109"}],"version-history":[{"count":0,"href":"https:\/\/www.europesays.com\/fr\/wp-json\/wp\/v2\/posts\/399109\/revisions"}],"wp:featuredmedia":[{"embeddable":true,"href":"https:\/\/www.europesays.com\/fr\/wp-json\/wp\/v2\/media\/399110"}],"wp:attachment":[{"href":"https:\/\/www.europesays.com\/fr\/wp-json\/wp\/v2\/media?parent=399109"}],"wp:term":[{"taxonomy":"category","embeddable":true,"href":"https:\/\/www.europesays.com\/fr\/wp-json\/wp\/v2\/categories?post=399109"},{"taxonomy":"post_tag","embeddable":true,"href":"https:\/\/www.europesays.com\/fr\/wp-json\/wp\/v2\/tags?post=399109"}],"curies":[{"name":"wp","href":"https:\/\/api.w.org\/{rel}","templated":true}]}}