{"id":39911,"date":"2025-04-20T21:57:09","date_gmt":"2025-04-20T21:57:09","guid":{"rendered":"https:\/\/www.europesays.com\/fr\/39911\/"},"modified":"2025-04-20T21:57:09","modified_gmt":"2025-04-20T21:57:09","slug":"sortir-les-personnes-handicapees-et-les-familles-de-leur-isolement-retour-sur-le-premier-forum-du-handicap-a-la-garde","status":"publish","type":"post","link":"https:\/\/www.europesays.com\/fr\/39911\/","title":{"rendered":"\u00ab\u00a0Sortir les personnes handicap\u00e9es et les familles de leur isolement\u00a0\u00bb: retour sur le premier Forum du handicap \u00e0 La Garde"},"content":{"rendered":"<p>Le premier Forum du handicap et de la personne d\u00e9pendante a eu lieu hier \u00e0 La Garde, \u00e0 la salle Mussou. \u00c0 cette occasion, une trentaine de structures se sont r\u00e9unies pour pr\u00e9senter les diff\u00e9rents types d\u2019accompagnements qu\u2019elles proposent. Organis\u00e9 par l\u2019APAJH (Association pour adultes et jeunes handicap\u00e9s) du Var, l\u2019objectif principal de ce forum \u00e9tait de <strong>mettre en relation les personnes porteuses de handicap, les familles et les diff\u00e9rents acteurs<\/strong> pouvant leur apporter un soutien.<\/p>\n<p>\u00ab\u00a0\u00c9tablir des contacts, sortir les personnes handicap\u00e9es et les familles de leur isolement, c\u2019est le r\u00f4le essentiel de ce type d\u2019\u00e9v\u00e8nement, explique H\u00e9l\u00e8ne Bill, maire de la Garde. C\u2019est un parcours du combattant pour la plupart d\u2019elles qui ne savent pas \u00e0 quelle porte frapper pour pouvoir \u00eatre aid\u00e9es. Ce forum est une occasion de leur dire qu\u2019il existe des solutions. Des solutions pour les \u201caid\u00e9s\u00a0\u00bb mais aussi pour les \u00ab\u00a0aidants\u00a0\u00bb. Il faut rappeler que tout le monde est concern\u00e9, chaque famille peut \u00eatre touch\u00e9e par le handicap, quel qu\u2019il soit. Chaque handicap a sa particularit\u00e9 et demande une prise en charge diff\u00e9rente, aupr\u00e8s de structures sp\u00e9cifiques. \u00bb<\/p>\n<p>Un \u00e9v\u00e8nement qui s\u2019ancre totalement dans la d\u00e9marche d\u2019inclusion port\u00e9e par la municipalit\u00e9: \u00ab\u00a0<strong>De nombreux clubs sportifs gard\u00e9ens d\u00e9veloppent le sport adapt\u00e9<\/strong>, a ajout\u00e9 la maire.\u00a0Il faut faire \u00e9voluer notre regard face au handicap!\u00a0\u00bb<\/p>\n<p>L\u2019occasion de rappeler la future \u00e9dition d\u2019un livret d\u2019accompagnement \u00e0 destination des familles, qui rassemblera une multitude d\u2019adresses et de contacts, un outil d\u2019une grande utilit\u00e9 pour aider les personnes handicap\u00e9es et leurs proches.<\/p>\n","protected":false},"excerpt":{"rendered":"Le premier Forum du handicap et de la personne d\u00e9pendante a eu lieu hier \u00e0 La Garde, \u00e0&hellip;\n","protected":false},"author":2,"featured_media":39912,"comment_status":"","ping_status":"","sticky":false,"template":"","format":"standard","meta":{"footnotes":""},"categories":[9619],"tags":[1111,11,1777,674,1011,27,12,882,25,801,2310,3366],"class_list":{"0":"post-39911","1":"post","2":"type-post","3":"status-publish","4":"format-standard","5":"has-post-thumbnail","7":"category-toulon","8":"tag-actu","9":"tag-actualites","10":"tag-eu","11":"tag-europe","12":"tag-fr","13":"tag-france","14":"tag-news","15":"tag-provence-alpes-cote-dazur","16":"tag-republique-francaise","17":"tag-social","18":"tag-toulon","19":"tag-vie-locale"},"share_on_mastodon":{"url":"https:\/\/pubeurope.com\/@fr\/114372532198736758","error":""},"_links":{"self":[{"href":"https:\/\/www.europesays.com\/fr\/wp-json\/wp\/v2\/posts\/39911","targetHints":{"allow":["GET"]}}],"collection":[{"href":"https:\/\/www.europesays.com\/fr\/wp-json\/wp\/v2\/posts"}],"about":[{"href":"https:\/\/www.europesays.com\/fr\/wp-json\/wp\/v2\/types\/post"}],"author":[{"embeddable":true,"href":"https:\/\/www.europesays.com\/fr\/wp-json\/wp\/v2\/users\/2"}],"replies":[{"embeddable":true,"href":"https:\/\/www.europesays.com\/fr\/wp-json\/wp\/v2\/comments?post=39911"}],"version-history":[{"count":0,"href":"https:\/\/www.europesays.com\/fr\/wp-json\/wp\/v2\/posts\/39911\/revisions"}],"wp:featuredmedia":[{"embeddable":true,"href":"https:\/\/www.europesays.com\/fr\/wp-json\/wp\/v2\/media\/39912"}],"wp:attachment":[{"href":"https:\/\/www.europesays.com\/fr\/wp-json\/wp\/v2\/media?parent=39911"}],"wp:term":[{"taxonomy":"category","embeddable":true,"href":"https:\/\/www.europesays.com\/fr\/wp-json\/wp\/v2\/categories?post=39911"},{"taxonomy":"post_tag","embeddable":true,"href":"https:\/\/www.europesays.com\/fr\/wp-json\/wp\/v2\/tags?post=39911"}],"curies":[{"name":"wp","href":"https:\/\/api.w.org\/{rel}","templated":true}]}}