{"id":399111,"date":"2025-09-18T04:41:12","date_gmt":"2025-09-18T04:41:12","guid":{"rendered":"https:\/\/www.europesays.com\/fr\/399111\/"},"modified":"2025-09-18T04:41:12","modified_gmt":"2025-09-18T04:41:12","slug":"voici-les-50-plus-grosses-entreprises-doccitanie-en-dehors-de-toulouse-et-de-montpellier","status":"publish","type":"post","link":"https:\/\/www.europesays.com\/fr\/399111\/","title":{"rendered":"Voici les 50 plus grosses entreprises d&rsquo;Occitanie&#8230; en dehors de Toulouse et de Montpellier"},"content":{"rendered":"<p>            Par<br \/>\n        <strong><br \/>\n            <a href=\"https:\/\/actu.fr\/auteur\/hodumez\" title=\"Consulter tous les articles de Hugues-Olivier Dumez\" target=\"_blank\" rel=\"noopener\">Hugues-Olivier Dumez<\/a><br \/>\n        <\/strong><\/p>\n<p>        Publi\u00e9 le<\/p>\n<p>            18 sept. 2025 \u00e0 6h32        <\/p>\n<p>Ce sont de v\u00e9ritables poumons \u00e9conomiques pour les territoires qui les h\u00e9bergent. Le <strong>Medef<\/strong> a pr\u00e9sent\u00e9, ce jeudi 11\u00a0septembre 2025, <a href=\"https:\/\/actu.fr\/occitanie\/toulouse_31555\/classement-quelles-sont-les-50-plus-grosses-entreprises-a-toulouse-et-en-haute-garonne_63149013.html\" target=\"_blank\" rel=\"noopener\">son nouveau magazine Top \u00c9conomique<\/a> qui classe les plus grosses entreprises d\u2019<strong>Occitanie<\/strong> selon le chiffre d\u2019affaires. Bien \u00e9videmment, <strong>Toulouse<\/strong> et <strong>Montpellier<\/strong> ont l\u2019habitude de truster les premi\u00e8res places avec des g\u00e9ants comme <strong>Airbus<\/strong> ou <strong>Altrad<\/strong>.<\/p>\n<p class=\" wall-content\">En excluant d\u2019office les entreprises ayant leur si\u00e8ge en <strong>Haute-Garonne<\/strong> et dans l\u2019<strong>H\u00e9rault<\/strong>, voici les 50 entreprises qui se distinguent en r\u00e9gion Occitanie. Sans surprise, les <strong>Laboratoires Pierre Fabre<\/strong>, historiquement implant\u00e9s \u00e0 Castres (Tarn), arrivent en t\u00eate. Ce classement met aussi en \u00e9vidence le poids de l\u2019agroalimentaire dans la r\u00e9gion.<\/p>\n<ol class=\" wall-content\">\n<li><strong>Laboratoires Pierre Fabre, \u00e0 Castres (Tarn)<\/strong><br \/>Chiffre d\u2019affaires\u2009: 3\u00a0milliards d\u2019euros. Effectif\u2009: 9\u2009600 salari\u00e9s. Activit\u00e9\u2009: m\u00e9dicament et dermo-cosm\u00e9tique.<\/li>\n<li><strong>Harmonie Mutuelle, \u00e0 Albi (Tarn)<\/strong><br \/>Chiffre d\u2019affaires\u2009: 3\u00a0milliards d\u2019euros. Effectif\u2009: 400 salari\u00e9s. Activit\u00e9\u2009: sant\u00e9, pr\u00e9voyance, pr\u00e9vention, \u00e9pargne retraite.<\/li>\n<li><strong>Pierredeplan, \u00e0 Castelsarrasin (Tarn-et-Garonne)<\/strong><br \/>Chiffre d\u2019affaires\u2009: 2,5\u00a0milliards d\u2019euros. Effectif\u2009: 130 salari\u00e9s. Activit\u00e9\u2009: industrie.<\/li>\n<li><strong>Janus S\u00e9curit\u00e9 France, \u00e0 Albi (Tarn)<\/strong><br \/>Chiffre d\u2019affaires\u2009: 2,3\u00a0milliards d\u2019euros. Effectif\u2009: 101 salari\u00e9s. Activit\u00e9\u2009: s\u00e9curit\u00e9, incendie, suret\u00e9, alarme, t\u00e9l\u00e9surveillance, gardiennage, ronde.<\/li>\n<li><strong>Daher Aerospace, \u00e0 Tarbes (Hautes-Pyr\u00e9n\u00e9es)<\/strong><br \/>Chiffre d\u2019affaires\u2009: 1,8\u00a0milliard d\u2019euros. Effectif\u2009: 10\u2009500 salari\u00e9s. Activit\u00e9\u2009: construction a\u00e9ronautique.<\/li>\n<li><strong>Arterris, \u00e0 Castelnaudary (Aude)<\/strong><br \/>Chiffre d\u2019affaires\u2009: 1,3\u00a0milliard d\u2019euros. Effectif\u2009: 2\u2009300 salari\u00e9s. Activit\u00e9\u2009: coop\u00e9rative agricole.<\/li>\n<li><strong>Pro \u00e0 Pro, \u00e0 Montauban (Tarn-et-Garonne)<\/strong><br \/>Chiffre d\u2019affaires\u2009: 1,3\u00a0milliard d\u2019euros. Effectif\u2009: 2\u2009800 salari\u00e9s. Activit\u00e9\u2009: commerce de gros.<\/li>\n<li><strong>Eurotravi, \u00e0 Valence-sur-Ba\u00efse (Gers)<\/strong><br \/>Chiffre d\u2019affaires\u2009: 812\u00a0millions d\u2019euros. Effectif\u2009: 10 salari\u00e9s. Activit\u00e9\u2009: travaux viticoles.<\/li>\n<li><strong>Peyrot Groupe, \u00e0 Foix (Ari\u00e8ge)<\/strong><br \/>Chiffre d\u2019affaires\u2009: 360\u00a0millions d\u2019euros. Effectif\u2009: 700 salari\u00e9s. Activit\u00e9\u2009: concessionnaire automobile.<\/li>\n<li><strong>Blue Whale SAS, \u00e0 Montauban (Tarn-et-Garonne)<\/strong><br \/>Chiffre d\u2019affaires\u2009: 342\u00a0millions d\u2019euros. Effectif\u2009: 109 salari\u00e9s. Activit\u00e9\u2009: commerce de gros, fruits.<\/li>\n<li><strong>M +\u00a0Mat\u00e9riaux, \u00e0 Claira (Pyr\u00e9n\u00e9es-Orientales)<\/strong><br \/>Chiffre d\u2019affaires\u2009: 335\u00a0millions d\u2019euros. Effectif\u2009: 758 salari\u00e9s. Activit\u00e9\u2009: n\u00e9goce en mat\u00e9riaux.<\/li>\n<li><strong>Capelle Transport, \u00e0 V\u00e9z\u00e9nobres (Gard)<\/strong><br \/>Chiffre d\u2019affaires\u2009: 301\u00a0millions d\u2019euros. Effectif\u2009: 1\u2009850 salari\u00e9s. Activit\u00e9\u2009: transports sp\u00e9ciaux et exceptionnels, prestations logistiques.<\/li>\n<li><strong>Groupe Perret-Vindima, \u00e0 Bagnols-sur-C\u00e8ze (Gard)<\/strong><br \/>Chiffre d\u2019affaires\u2009: 279\u00a0millions d\u2019euros. Effectif\u2009: 650 salari\u00e9s. Activit\u00e9\u2009: produits, services et mat\u00e9riels pour l\u2019agriculture et les espaces verts.<\/li>\n<li><strong>Hamecher Groupe, \u00e0 Montauban (Tarn-et-Garonne)<\/strong><br \/>Chiffre d\u2019affaires\u2009: 276\u00a0millions d\u2019euros. Effectif\u2009: 440 salari\u00e9s. Activit\u00e9\u2009: ventes de v\u00e9hicules particuliers, utilitaires et industriels neufs et d\u2019occasion. Locations de v\u00e9hicules.<\/li>\n<li><strong>Val de Gascogne, \u00e0 Lombez (Gers)<\/strong><br \/>Chiffre d\u2019affaires\u2009: 271\u00a0millions d\u2019euros. Effectif\u2009: 450 salari\u00e9s. Activit\u00e9\u2009: coop\u00e9rative agricole.<\/li>\n<li><strong>Finadorm, \u00e0 Luc-la-Primaube (Aveyron)<\/strong><br \/>Chiffre d\u2019affaires\u2009: 230\u00a0millions d\u2019euros. Effectif\u2009: 1\u2009023 salari\u00e9s. Activit\u00e9\u2009: industrie.<\/li>\n<li><strong>Alliance Porci d\u2019Oc, \u00e0 Sainte-Radegonde (Aveyron)<\/strong><br \/>Chiffre d\u2019affaires\u2009: 226\u00a0millions d\u2019euros. Effectif\u2009: 390 salari\u00e9s. Activit\u00e9\u2009: abattage, d\u00e9coupe de viande de porcs, transformation de viande, fabrication de charcuterie.<\/li>\n<li><strong>Chantier Catana, \u00e0 Canet-en-Roussillon (Pyr\u00e9n\u00e9es-Orientales)<\/strong><br \/>Chiffre d\u2019affaires\u2009: 223\u00a0millions d\u2019euros. Effectif\u2009: 1\u2009150 salari\u00e9s. Activit\u00e9\u2009: constructeur de catamarans.<\/li>\n<li><strong>Peintures Maestria, \u00e0 Pamiers (Ari\u00e8ge)<\/strong><br \/>Chiffre d\u2019affaires\u2009: 212\u00a0millions d\u2019euros. Effectif\u2009: 620 salari\u00e9s. Activit\u00e9\u2009: fabricant et distributeur de peintures.<\/li>\n<li><strong>Diam Bouchage, \u00e0 C\u00e9ret (Pyr\u00e9n\u00e9es-Orientales)<\/strong><br \/>Chiffre d\u2019affaires\u2009: 212\u00a0millions d\u2019euros. Effectif\u2009: 750 salari\u00e9s. Activit\u00e9\u2009: bouchons en li\u00e8ge.<\/li>\n<li><strong>Maf Agrobotic SAS, \u00e0 Montauban (Tarn-et-Garonne)<\/strong><br \/>Chiffre d\u2019affaires\u2009: 187\u00a0millions d\u2019euros. Effectif\u2009: 1\u2009240 salari\u00e9s. Activit\u00e9\u2009: constructeur de mat\u00e9riel pour le calibrage et le conditionnement des fruits et l\u00e9gumes frais.<\/li>\n<li><strong>Scala Groupe, \u00e0 Perpignan (Pyr\u00e9n\u00e9es-Orientales)<\/strong><br \/>Chiffre d\u2019affaires\u2009: 185\u00a0millions d\u2019euros. Effectif\u2009: 255 salari\u00e9s. Activit\u00e9\u2009: concession automobile.<\/li>\n<li><strong>Crustac, \u00e0 L\u2019Isle-Jourdain (Gers)<\/strong><br \/>Chiffre d\u2019affaires\u2009: 180\u00a0millions d\u2019euros. Effectif\u2009: 220 salari\u00e9s. Activit\u00e9\u2009: cuisine et conditionnement de crustac\u00e9s.<\/li>\n<li><strong>Sabena Technics Fni, \u00e0 Saint-Gilles (Gard)<\/strong><br \/>Chiffre d\u2019affaires\u2009: 147\u00a0millions d\u2019euros. Effectif\u2009: 443 salari\u00e9s. Activit\u00e9\u2009: r\u00e9paration et maintenance d\u2019a\u00e9ronefs et d\u2019engins spatiaux.<\/li>\n<li><strong>Weishardt Holding, \u00e0 Graulhet (Tarn)<\/strong><br \/>Chiffre d\u2019affaires\u2009: 142\u00a0millions d\u2019euros. Effectif\u2009: 421 salari\u00e9s. Activit\u00e9\u2009: gestion d\u2019entreprise.<\/li>\n<li><strong>La Compagnie des desserts, \u00e0 L\u00e9zignan-Corbi\u00e8res (Aude)<\/strong><br \/>Chiffre d\u2019affaires\u2009: 140\u00a0millions d\u2019euros. Effectif\u2009: 750 salari\u00e9s. Activit\u00e9\u2009: fabrication et distribution de glaces et p\u00e2tisseries.<\/li>\n<li><strong>Merlin Gerin, \u00e0 Al\u00e8s (Gard)<\/strong><br \/>Chiffre d\u2019affaires\u2009: 135\u00a0millions d\u2019euros. Effectif\u2009: 270 salari\u00e9s. Activit\u00e9\u2009: fabrication de mat\u00e9riel de distribution et de commande \u00e9lectrique.<\/li>\n<li><strong>Blanc A\u00e9ro Industries Groupe Lisi, \u00e0 Villefranche-de-Rouergue (Aveyron)<\/strong><br \/>Chiffre d\u2019affaires\u2009: 132\u00a0millions d\u2019euros. Effectif\u2009: 564 salari\u00e9s. Activit\u00e9\u2009: fixation et assemblage pour l\u2019a\u00e9ronautique.<\/li>\n<li><strong>Robert Bosch, \u00e0 Rodez (Aveyron)<\/strong><br \/>Chiffre d\u2019affaires\u2009: 127\u00a0millions d\u2019euros. Effectif\u2009: 1\u2009120 salari\u00e9s. Activit\u00e9\u2009: industrie automobile.<\/li>\n<li><strong>Les Comptoirs de la Bio, \u00e0 Bressols (Tarn-et-Garonne)<\/strong><br \/>Chiffre d\u2019affaires\u2009: 126\u00a0millions d\u2019euros. Effectif\u2009: 700 salari\u00e9s. Activit\u00e9\u2009: autres interm\u00e9diaires en produits biologiques.<\/li>\n<li><strong>G\u00e9latines Weishardt, \u00e0 Graulhet (Tarn)<\/strong><br \/>Chiffre d\u2019affaires\u2009: 107\u00a0millions d\u2019euros. Effectif\u2009: 182 salari\u00e9s. Activit\u00e9\u2009: g\u00e9latines, graisses et prot\u00e9ines animales.<\/li>\n<li><strong>Verdie Voyages, \u00e0 Rodez (Aveyron)<\/strong><br \/>Chiffre d\u2019affaires\u2009: 95\u00a0millions d\u2019euros. Effectif\u2009: 250 salari\u00e9s. Activit\u00e9\u2009: voyagiste.<\/li>\n<li><strong>Hydro Extrusion Albi SAS, \u00e0 Le Garric (Tarn)<\/strong><br \/>Chiffre d\u2019affaires\u2009: 94\u00a0millions d\u2019euros. Effectif\u2009: 249 salari\u00e9s. Activit\u00e9\u2009: m\u00e9tallurgie de l\u2019aluminium.<\/li>\n<li><strong>La Quercynoise, \u00e0 Gramat (Lot)<\/strong><br \/>Chiffre d\u2019affaires\u2009: 93\u00a0millions d\u2019euros. Effectif\u2009: 368 salari\u00e9s. Activit\u00e9\u2009: fabrication et commercialisation de produits gastronomiques \u00e0 base de canards gras.<\/li>\n<li><strong>Merico Groupe Paragon, \u00e0 Bozouls (Aveyron)<\/strong><br \/>Chiffre d\u2019affaires\u2009: 91\u00a0millions d\u2019euros. Effectif\u2009: 50 salari\u00e9s. Activit\u00e9\u2009: imprimerie de labeur.<\/li>\n<li><strong>HBF, \u00e0 Maz\u00e8res (Ari\u00e8ge)<\/strong><br \/>Chiffre d\u2019affaires\u2009: 90\u00a0millions d\u2019euros. Effectif\u2009: 280 salari\u00e9s. Activit\u00e9\u2009: vente d\u2019\u00e9quipements et mat\u00e9riels \u00e9lectriques.<\/li>\n<li><strong>Air Cost Control, \u00e0 L\u2019Isle-Jourdain (Gers)<\/strong><br \/>Chiffre d\u2019affaires\u2009: 88\u00a0millions d\u2019euros. Effectif\u2009: 100 salari\u00e9s. Activit\u00e9\u2009: centrale d\u2019achat pi\u00e8ces \u00e9lectroniques a\u00e9ronautiques.<\/li>\n<li><strong>Groupe Fran\u00e7ois, \u00e0 Luc-la-Primaube (Aveyron)<\/strong><br \/>Chiffre d\u2019affaires\u2009: 87\u00a0millions d\u2019euros. Effectif\u2009: 294 salari\u00e9s. Activit\u00e9\u2009: mat\u00e9riaux de construction.<\/li>\n<li><strong>Vergers Cancel, \u00e0 Castelsarrasin (Tarn-et-Garonne)<\/strong><br \/>Chiffre d\u2019affaires\u2009: 82\u00a0millions d\u2019euros. Effectif\u2009: 203 salari\u00e9s. Activit\u00e9\u2009: vente gros et d\u00e9tails de fruits.<\/li>\n<li><strong>Ethiquable, \u00e0 Fleurance (Gers)<\/strong><br \/>Chiffre d\u2019affaires\u2009: 81\u00a0millions d\u2019euros. Effectif\u2009: 165 salari\u00e9s. Activit\u00e9\u2009: industrie agroalimentaire.<\/li>\n<li><strong>Caminel, \u00e0 Montauban (Tarn-et-Garonne)<br \/><\/strong>Chiffre d\u2019affaires\u2009: 79\u00a0millions d\u2019euros. Effectif\u2009: 245 salari\u00e9s. Activit\u00e9\u2009: commerce mat\u00e9riel jardinage, motoculture.<strong><br \/><\/strong><\/li>\n<li><strong>Laboratoire Nutergia, \u00e0 Capdenac (Aveyron)<\/strong><br \/>Chiffre d\u2019affaires\u2009: 77\u00a0millions d\u2019euros. Effectif\u2009: 299 salari\u00e9s. Activit\u00e9\u2009: fabrication et commercialisation de compl\u00e9ments alimentaires.<\/li>\n<li><strong>Grap\u2019sud, \u00e0 Cruviers-Lascours (Gard)<\/strong><br \/>Chiffre d\u2019affaires\u2009: 71\u00a0millions d\u2019euros. Effectif\u2009: 120 salari\u00e9s. Activit\u00e9\u2009: distillation et extraction v\u00e9g\u00e9tale.<\/li>\n<li><strong>Abrisud, \u00e0 L\u2019Isle-Jourdain (Gers)<\/strong><br \/>Chiffre d\u2019affaires\u2009: 71\u00a0millions d\u2019euros. Effectif\u2009: 350 salari\u00e9s. Activit\u00e9\u2009: fabricant d\u2019abris piscine et terrasse.<\/li>\n<li><strong>Engelvin TP R\u00e9seaux, \u00e0 Mende (Loz\u00e8re)<\/strong><br \/>Chiffre d\u2019affaires\u2009: 69\u00a0millions d\u2019euros. Effectif\u2009: 220 salari\u00e9s. Activit\u00e9\u2009: travaux publics, r\u00e9seaux et \u00e9nergies.<\/li>\n<li><strong>Boyer SAS, \u00e0 Moissac (Tarn-et-Garonne)<\/strong><br \/>Chiffre d\u2019affaires\u2009: 65\u00a0millions d\u2019euros. Effectif\u2009: 114 salari\u00e9s. Activit\u00e9\u2009: exp\u00e9dition de fruits.<\/li>\n<li><strong>Coop\u00e9rative Fruits et L\u00e9gumes des Deux Vall\u00e9es, \u00e0 Lavaur (Tarn)<\/strong><br \/>Chiffre d\u2019affaires\u2009: 64\u00a0millions d\u2019euros. Effectif\u2009: 40 salari\u00e9s. Activit\u00e9\u2009: collecte, conservation, conditionnement, vente, exp\u00e9dition de tous fruits et l\u00e9gumes.<\/li>\n<li><strong>Inessens, \u00e0 Montr\u00e9al (Aude)<\/strong><br \/>Chiffre d\u2019affaires\u2009: 62\u00a0millions d\u2019euros. Effectif\u2009: 270 salari\u00e9s. Activit\u00e9\u2009: imprimeurs.<\/li>\n<li><strong>Air Support, \u00e0 Pujaudran (Gers)<\/strong><br \/>Chiffre d\u2019affaires\u2009: 60\u00a0millions d\u2019euros. Effectif\u2009: 200 salari\u00e9s. Activit\u00e9\u2009: maintenance a\u00e9ronautique.<\/li>\n<li><strong>Coop\u00e9rative Stanor, \u00e0 Moissac (Tarn-et-Garonne)<\/strong><br \/>Chiffre d\u2019affaires\u2009: 59\u00a0millions d\u2019euros. Effectif\u2009: 190 salari\u00e9s. Activit\u00e9\u2009: stockage et conditionnement de fruits frais.<\/li>\n<\/ol>\n<p class=\" wall-content\">Classement r\u00e9alis\u00e9 avec les donn\u00e9es du \u00ab\u2009Top Economique Occitanie 2025\u2009\u00bb.<\/p>\n<p class=\" wall-content\">Personnalisez votre actualit\u00e9 en ajoutant vos villes et m\u00e9dias en favori avec <a href=\"https:\/\/moncompte.actu.fr\" title=\"D\u00e9couvez Mon Actu\" rel=\"nofollow noopener\" data-trk=\"{&quot;cta&quot;:{&quot;action&quot;:&quot;https:\\\/\\\/moncompte.actu.fr&quot;,&quot;category&quot;:&quot;mon compte&quot;,&quot;from&quot;:&quot;article footer&quot;,&quot;name&quot;:&quot;Mon actu&quot;,&quot;type&quot;:&quot;cta&quot;}}\" target=\"_blank\">Mon Actu<\/a>.<\/p>\n","protected":false},"excerpt":{"rendered":"Par Hugues-Olivier Dumez Publi\u00e9 le 18 sept. 2025 \u00e0 6h32 Ce sont de v\u00e9ritables poumons \u00e9conomiques pour les&hellip;\n","protected":false},"author":2,"featured_media":399112,"comment_status":"","ping_status":"","sticky":false,"template":"","format":"standard","meta":{"footnotes":""},"categories":[2816],"tags":[1111,11,33,341,1777,674,1011,27,12,2680,25,2312],"class_list":{"0":"post-399111","1":"post","2":"type-post","3":"status-publish","4":"format-standard","5":"has-post-thumbnail","7":"category-toulouse","8":"tag-actu","9":"tag-actualites","10":"tag-economie","11":"tag-emploi","12":"tag-eu","13":"tag-europe","14":"tag-fr","15":"tag-france","16":"tag-news","17":"tag-occitanie","18":"tag-republique-francaise","19":"tag-toulouse"},"share_on_mastodon":{"url":"https:\/\/pubeurope.com\/@fr\/115223467324590252","error":""},"_links":{"self":[{"href":"https:\/\/www.europesays.com\/fr\/wp-json\/wp\/v2\/posts\/399111","targetHints":{"allow":["GET"]}}],"collection":[{"href":"https:\/\/www.europesays.com\/fr\/wp-json\/wp\/v2\/posts"}],"about":[{"href":"https:\/\/www.europesays.com\/fr\/wp-json\/wp\/v2\/types\/post"}],"author":[{"embeddable":true,"href":"https:\/\/www.europesays.com\/fr\/wp-json\/wp\/v2\/users\/2"}],"replies":[{"embeddable":true,"href":"https:\/\/www.europesays.com\/fr\/wp-json\/wp\/v2\/comments?post=399111"}],"version-history":[{"count":0,"href":"https:\/\/www.europesays.com\/fr\/wp-json\/wp\/v2\/posts\/399111\/revisions"}],"wp:featuredmedia":[{"embeddable":true,"href":"https:\/\/www.europesays.com\/fr\/wp-json\/wp\/v2\/media\/399112"}],"wp:attachment":[{"href":"https:\/\/www.europesays.com\/fr\/wp-json\/wp\/v2\/media?parent=399111"}],"wp:term":[{"taxonomy":"category","embeddable":true,"href":"https:\/\/www.europesays.com\/fr\/wp-json\/wp\/v2\/categories?post=399111"},{"taxonomy":"post_tag","embeddable":true,"href":"https:\/\/www.europesays.com\/fr\/wp-json\/wp\/v2\/tags?post=399111"}],"curies":[{"name":"wp","href":"https:\/\/api.w.org\/{rel}","templated":true}]}}