{"id":399115,"date":"2025-09-18T04:44:09","date_gmt":"2025-09-18T04:44:09","guid":{"rendered":"https:\/\/www.europesays.com\/fr\/399115\/"},"modified":"2025-09-18T04:44:09","modified_gmt":"2025-09-18T04:44:09","slug":"les-visites-gratuites-a-ne-pas-manquer","status":"publish","type":"post","link":"https:\/\/www.europesays.com\/fr\/399115\/","title":{"rendered":"les visites gratuites \u00e0 ne pas manquer"},"content":{"rendered":"<p>            Par<br \/>\n        <strong><br \/>\n            <a href=\"https:\/\/actu.fr\/auteur\/thibault-nadal-actu-fr\" title=\"Consulter tous les articles de Thibault Nadal\" rel=\"nofollow noopener\" target=\"_blank\">Thibault Nadal<\/a><br \/>\n        <\/strong><\/p>\n<p>        Publi\u00e9 le<\/p>\n<p>            18 sept. 2025 \u00e0 6h04        <\/p>\n<p>Un moment de f\u00eate et de partage. Du vendredi\u00a019 au dimanche 21\u00a0septembre, <a href=\"https:\/\/actu.fr\/tag\/journees-europeennes-du-patrimoine\" rel=\"nofollow noopener\" target=\"_blank\">les Journ\u00e9es europ\u00e9ennes du patrimoine<\/a> se d\u00e9roulent dans toute la France. Pour cette 42 \u00e9dition, le th\u00e8me est le suivant\u2009: <strong>le patrimoine architectural<\/strong>. Durant ces trois jours, plusieurs lieux populaires, mais aussi exclusifs ouvrent leurs portes le temps d\u2019une visite. \u00c0 <a href=\"https:\/\/actu.fr\/marseille\/\" rel=\"nofollow noopener\" target=\"_blank\">Marseille<\/a>, ce sont plus d\u2019une centaine d\u2019activit\u00e9s qui sont propos\u00e9es et \u00e0 retrouver sur <a href=\"https:\/\/www.marseille.fr\/sites\/default\/files\/contenu\/culture\/pdf\/jep-2025_web-5.pdf\" rel=\"nofollow noopener\" target=\"_blank\">le site de la ville<\/a>. La r\u00e9daction d\u2019actu Marseille en a s\u00e9lectionn\u00e9 plusieurs. Elles sont <strong>gratuites<\/strong>, mais attention, certaines sont soumises \u00e0 une <strong>r\u00e9servation<\/strong>.<\/p>\n<p>S\u2019\u00e9loigner de l\u2019agitation de Marseille<\/p>\n<p class=\" wall-content\">Vous en avez marre du bruit ambiant \u00e0 Marseille\u2009? Cette sortie est faite pour vous. <strong>La Digue du Large<\/strong> ouvre ses portes pour \u00ab\u2009une d\u00e9couverte comment\u00e9e de l\u2019histoire du port de Marseille\u2009\u00bb.<\/p>\n<p class=\" wall-content\">\n<p class=\" wall-content\">Pour cela, il suffit de prendre un bateau sur <a href=\"https:\/\/actu.fr\/tag\/vieux-port\" rel=\"nofollow noopener\" target=\"_blank\">le Vieux-Port<\/a> (1er) qui fera ensuite escale \u00e0 la Digue. Sur place,<strong> une \u00ab\u2009d\u00e9ambulation libre\u2009<\/strong>\u00bb sera possible, afin de d\u00e9couvrir ce lieu unique et paisible.<\/p>\n<p>Les visites sont organis\u00e9es samedi et dimanche \u00e0 partir de 10h. Le lieu exact de rendez-vous est communiqu\u00e9 lors de la r\u00e9servation obligatoire qui s\u2019effectue sur <a href=\"https:\/\/www.marseille-tourisme.com\/experience\/\" rel=\"nofollow noopener\" target=\"_blank\">ce lien<\/a> ou par t\u00e9l\u00e9phone au 0826500500.Une visite dans l\u2019univers des stars<\/p>\n<p class=\" wall-content\">Chaque recrue de <a href=\"https:\/\/actu.fr\/tag\/olympique-de-marseille-om\" rel=\"nofollow noopener\" target=\"_blank\">l\u2019Olympique de Marseille<\/a> (et elles sont nombreuses ces derni\u00e8res saisons) y va de sa petite photo pour t\u00e9moigner de son arriv\u00e9e dans la cit\u00e9 phoc\u00e9enne.<\/p>\n<p class=\" wall-content\">Il faut dire qu\u2019avec sa vue directe sur le Vieux-Port et <a href=\"https:\/\/actu.fr\/provence-alpes-cote-d-azur\/marseille_13055\/video-a-marseille-la-bonne-mere-retrouve-sa-dorure-un-travail-meticuleux_63114863.html\" rel=\"nofollow noopener\" target=\"_blank\">la Bonne M\u00e8re<\/a>, <strong>l\u2019Intercontinental<\/strong> (2e) s\u2019est impos\u00e9 comme l\u2019h\u00f4tel de r\u00e9f\u00e9rence pour les personnalit\u00e9s lorsqu\u2019elles viennent \u00e0 Marseille. Le temps d\u2019un week-end, <strong>\u00ab\u2009l\u2019h\u00f4tel des stars\u2009\u00bb<\/strong> se d\u00e9voile et permet de d\u00e9couvrir un peu plus son histoire, riche de plusieurs si\u00e8cles.<\/p>\n<p>Intercontinental, 1, place Daviel. Les visites sont programm\u00e9es samedi et dimanche \u00e0 10h, 11h30, 15h et 16h30. Inscription obligatoire au 04\u200913\u200942\u200942\u200942 ou par mail\u2009: <a href=\"https:\/\/actu.fr\/cdn-cgi\/l\/email-protection\" class=\"__cf_email__\" data-cfemail=\"f5969a9b969c90879290db98948786909c999990b59c9d92db969a98\" rel=\"nofollow noopener\" target=\"_blank\">[email\u00a0protected]<\/a>.<\/p>\n<p>Votre r\u00e9gion, votre actu !<\/p>\n<p>Recevez chaque jour les infos qui comptent pour vous.<\/p>\n<p>\t<a href=\"https:\/\/actu.fr\/newsletter\" class=\"ac-btn ac-btn--corner ac-btn--medium ac-btn--blue800\" rel=\"nofollow noopener\" target=\"_blank\">S&rsquo;incrire<\/a><br \/>\nUne \u00ab\u2009ouverture exceptionnelle\u2009\u00bb du Palais de Justice<\/p>\n<p class=\" wall-content\">Sur son site, la ville de Marseille parle d\u2019une \u00ab\u2009ouverture exceptionnelle\u2009\u00bb pour qualifier cette activit\u00e9. Pour ces journ\u00e9es du patrimoine, le Palais de Justice de Marseille (6e) accueille les curieux et passionn\u00e9s d\u2019affaires criminelles.<\/p>\n<p class=\" wall-content\"><strong>Plusieurs lieux seront \u00e0 d\u00e9couvrir<\/strong> le temps d\u2019une visite comment\u00e9e\u2009: salle des pas perdus, salles d\u2019audience ou galerie.<\/p>\n<p>Palais de Justice, place Monthyon. Visites en acc\u00e8s libre samedi de 9h \u00e0 17h (derni\u00e8re admission \u00e0 16h). Il est toutefois demand\u00e9 de se munir d\u2019une pi\u00e8ce d\u2019identit\u00e9 en raison du plan Vigipirate.<\/p>\n<p>Un lieu m\u00e9connu sur les \u00eeles du Frioul<\/p>\n<p class=\" wall-content\">Il est de nouveau temps de prendre. Pour cette 42e \u00e9dition des Journ\u00e9es europ\u00e9ennes du patrimoine, <a href=\"https:\/\/actu.fr\/provence-alpes-cote-d-azur\/marseille_13055\/marseille-je-n-ai-jamais-vu-autant-d-annulations-sur-les-iles-du-frioul-les-commercants-sont-a-bout_63067055.html\" rel=\"nofollow noopener\" target=\"_blank\">les \u00eeles du Frioul<\/a> sont particuli\u00e8rement avec une pluralit\u00e9 d\u2019activit\u00e9s.<\/p>\n<p class=\" wall-content\">Mais une, m\u00e9rite d\u2019\u00eatre mise en avant\u2009: <strong>la visite de l\u2019h\u00f4pital Caroline<\/strong>. \u00ab\u2009Le temps d\u2019une visite guid\u00e9e, d\u00e9couverte de l\u2019histoire sanitaire de Marseille et de cette tr\u00e8s belle architecture du XIXe\u00a0si\u00e8cle\u2009\u00bb, promet la ville de Marseille.<\/p>\n<p>H\u00f4pital Caroline, chemin de Saint-Est\u00e8ve. Visites samedi et dimanche de 10h \u00e0 16h30, sur r\u00e9servation au 0826500500 et sur marseilleexperience.com.<\/p>\n<p>Un lieu iconique de Marseille ouvre ses portes<\/p>\n<p class=\" wall-content\">Une autre \u00ab\u2009ouverture exceptionnelle\u2009\u00bb, comme le promet la municipalit\u00e9. Tout le monde a d\u00e9j\u00e0 vu ou s\u2019est pos\u00e9 dans les jardins du <strong>palais du Pharo<\/strong> (7e), pour admirer la vue sur la mer et le Vieux-Port. Mais qui l\u2019a d\u00e9j\u00e0 visit\u00e9 et sait \u00e0 quoi il ressemble de l\u2019int\u00e9rieur\u2009?<\/p>\n<p class=\" wall-content\">\u00ab\u2009Gr\u00e2ce \u00e0 une visite guid\u00e9e de ce monument marseillais qui, au fil des si\u00e8cles, a su se r\u00e9inventer tout en gardant son \u00e2me\u2009\u00bb, le palais du Pharo n\u2019aura bient\u00f4t plus de secret pour vous.<\/p>\n<p>Palais du Pharo, 58 Bd Charles Livon. Visites dimanche de 9h \u00e0 12h et de 13h30 \u00e0 16h30 (derni\u00e8re admission \u00e0 15h30).<\/p>\n<p>La RTM veut se rapprocher de son public<\/p>\n<p class=\" wall-content\">Souvent prise pour cible en raison de la salet\u00e9 dans le m\u00e9tro ou des retards de ses rames, <a href=\"https:\/\/actu.fr\/tag\/rtm\" rel=\"nofollow noopener\" target=\"_blank\">la R\u00e9gie des transports m\u00e9tropolitains<\/a> a d\u00e9cid\u00e9 de d\u00e9voiler ses coulisses aux usagers et curieux, \u00ab\u2009le temps d\u2019un zoom <strong>sur [ces] bus et trams, d\u2019hier \u00e0 demain<\/strong>\u2009\u00bb.<\/p>\n<p class=\" wall-content\">Dans <strong>son nouvel atelier de Saint-Marguerite Dromel<\/strong> (9e), il sera possible de profiter d\u2019une \u00ab\u2009exposition sur le mat\u00e9riel roulant\u2009\u00bb et d\u2019\u00e9changer avec le personnel de la RTM.<\/p>\n<p>Visites de l\u2019exposition (32 boulevard Schloesing, en face du McDonalds), samedi et dimanche de 9h \u00e0 18h. R\u00e9servation sur <a href=\"https:\/\/www.rtm-jep.fr\/\" rel=\"nofollow noopener\" target=\"_blank\">jep-rtm.fr.<\/a>Le savon, un embl\u00e8me de Marseille<\/p>\n<p class=\" wall-content\">Comment ne pas terminer par cet embl\u00e8me de Marseille\u2009? Depuis <strong>plus de 100\u00a0ans<\/strong>, le savon de Marseille s\u2019est impos\u00e9 comme un incontournable. Comme \u00e0 chaque \u00e9dition, les principales savonneries, situ\u00e9es dans leur grande majorit\u00e9 dans <a href=\"https:\/\/actu.fr\/tag\/quartiers-nord\" rel=\"nofollow noopener\" target=\"_blank\">les quartiers Nord<\/a> de la ville ouvrent leurs portes pour faire d\u00e9couvrir leur savoir-faire.<\/p>\n<p class=\" wall-content\">Parmi elles, \u00ab\u2009La Savonnerie du Midi (15e) est <strong>l\u2019une des derni\u00e8res savonneries de Marseille produisant l\u2019authentique<\/strong> Savon de Marseille selon la m\u00e9thode traditionnelle\u2009\u00bb.<\/p>\n<p>Savonnerie du Midi, 72 rue Augustin Roux. Visites samedi et dimanche de 11h \u00e0 17h.<\/p>\n<p>Une activit\u00e9 bonus<\/p>\n<p class=\" wall-content\">actu Marseille a d\u00e9cid\u00e9 de vous proposer une derni\u00e8re activit\u00e9, tant elle est iconique. Elle ne se situe pas \u00e0 Marseille, mais \u00e0 <a href=\"https:\/\/actu.fr\/provence-alpes-cote-d-azur\/cassis_13022\" rel=\"nofollow noopener\" target=\"_blank\">Cassis<\/a>. Durant ce week-end, <strong>le 2CV M\u00e9hari Club Cassis<\/strong>, le plus grand club de France, ouvre ses portes et \u00ab\u2009invite le public \u00e0 d\u00e9couvrir ses ateliers et son savoir-faire exceptionnel lors de visites guid\u00e9es gratuites\u2009\u00bb.<\/p>\n<p>2CV M\u00e9hari Club Cassis, quartier le Bregadan. Visites uniquement vendredi \u00e0 9h30 et 14h30. R\u00e9servation obligatoire par mail\u2009: <a href=\"https:\/\/actu.fr\/cdn-cgi\/l\/email-protection\" class=\"__cf_email__\" data-cfemail=\"d8bbb4b9aab998b5bdb0b9aab1bbb4adbaf6bbb7b5\" rel=\"nofollow noopener\" target=\"_blank\">[email\u00a0protected]<\/a>.<\/p>\n<p class=\" wall-content\">Personnalisez votre actualit\u00e9 en ajoutant vos villes et m\u00e9dias en favori avec <a href=\"https:\/\/moncompte.actu.fr\" title=\"D\u00e9couvez Mon Actu\" rel=\"nofollow noopener\" data-trk=\"{&quot;cta&quot;:{&quot;action&quot;:&quot;https:\\\/\\\/moncompte.actu.fr&quot;,&quot;category&quot;:&quot;mon compte&quot;,&quot;from&quot;:&quot;article footer&quot;,&quot;name&quot;:&quot;Mon actu&quot;,&quot;type&quot;:&quot;cta&quot;}}\" target=\"_blank\">Mon Actu<\/a>.<\/p>\n","protected":false},"excerpt":{"rendered":"Par Thibault Nadal Publi\u00e9 le 18 sept. 2025 \u00e0 6h04 Un moment de f\u00eate et de partage. Du&hellip;\n","protected":false},"author":2,"featured_media":156206,"comment_status":"","ping_status":"","sticky":false,"template":"","format":"standard","meta":{"footnotes":""},"categories":[2814],"tags":[1111,11,1777,674,1011,27,47275,1652,884,12,882,25,10783],"class_list":{"0":"post-399115","1":"post","2":"type-post","3":"status-publish","4":"format-standard","5":"has-post-thumbnail","7":"category-marseille","8":"tag-actu","9":"tag-actualites","10":"tag-eu","11":"tag-europe","12":"tag-fr","13":"tag-france","14":"tag-journees-europeennes-du-patrimoine","15":"tag-loisirs-culture","16":"tag-marseille","17":"tag-news","18":"tag-provence-alpes-cote-dazur","19":"tag-republique-francaise","20":"tag-rtm"},"share_on_mastodon":{"url":"https:\/\/pubeurope.com\/@fr\/115223479161157342","error":""},"_links":{"self":[{"href":"https:\/\/www.europesays.com\/fr\/wp-json\/wp\/v2\/posts\/399115","targetHints":{"allow":["GET"]}}],"collection":[{"href":"https:\/\/www.europesays.com\/fr\/wp-json\/wp\/v2\/posts"}],"about":[{"href":"https:\/\/www.europesays.com\/fr\/wp-json\/wp\/v2\/types\/post"}],"author":[{"embeddable":true,"href":"https:\/\/www.europesays.com\/fr\/wp-json\/wp\/v2\/users\/2"}],"replies":[{"embeddable":true,"href":"https:\/\/www.europesays.com\/fr\/wp-json\/wp\/v2\/comments?post=399115"}],"version-history":[{"count":0,"href":"https:\/\/www.europesays.com\/fr\/wp-json\/wp\/v2\/posts\/399115\/revisions"}],"wp:featuredmedia":[{"embeddable":true,"href":"https:\/\/www.europesays.com\/fr\/wp-json\/wp\/v2\/media\/156206"}],"wp:attachment":[{"href":"https:\/\/www.europesays.com\/fr\/wp-json\/wp\/v2\/media?parent=399115"}],"wp:term":[{"taxonomy":"category","embeddable":true,"href":"https:\/\/www.europesays.com\/fr\/wp-json\/wp\/v2\/categories?post=399115"},{"taxonomy":"post_tag","embeddable":true,"href":"https:\/\/www.europesays.com\/fr\/wp-json\/wp\/v2\/tags?post=399115"}],"curies":[{"name":"wp","href":"https:\/\/api.w.org\/{rel}","templated":true}]}}