{"id":399116,"date":"2025-09-18T04:45:11","date_gmt":"2025-09-18T04:45:11","guid":{"rendered":"https:\/\/www.europesays.com\/fr\/399116\/"},"modified":"2025-09-18T04:45:11","modified_gmt":"2025-09-18T04:45:11","slug":"a-marseille-une-ecole-dinfirmiers-dans-la-tourmente","status":"publish","type":"post","link":"https:\/\/www.europesays.com\/fr\/399116\/","title":{"rendered":"\u00e0 Marseille, une \u00e9cole d\u2019infirmiers dans la tourmente"},"content":{"rendered":"<p><strong>R\u00c9CIT &#8211; <\/strong>L\u2019Institut de formation en soins infirmiers Croix-Rouge de Marseille est point\u00e9 du doigt par ses propres \u00e9tudiants. Ils accusent l\u2019\u00e9tablissement de lourds dysfonctionnements qui auraient entra\u00een\u00e9 l\u2019\u00e9chec de nombre d\u2019entre eux.<\/p>\n<p class=\"fig-paragraph\">Des cours assur\u00e9s dans des pr\u00e9fabriqu\u00e9s au milieu de trafiquants, des salles de classe insalubres fr\u00e9quent\u00e9es par des pigeons et\u00a0<a href=\"http:\/\/www.lefigaro.fr\/actualite-france\/j-etais-au-bord-du-gouffre-quand-les-stages-de-formation-en-soins-infirmiers-brisent-des-vocations-20221114\" data-fig-type=\"Article\" data-gtm-custom-categorie=\"navigation\" data-gtm-custom-action=\"crossclick\" data-gtm-custom-label=\"Contextuel\" data-gtm-event=\"customEventSPE\" data-fig-domain=\"LEFIGARO\" rel=\"nofollow noopener\" target=\"_blank\">des stages qui nuisent au bien-\u00eatre des \u00e9tudiants<\/a>. L\u2019addition est sal\u00e9e pour les \u00e9l\u00e8ves de l\u2019Institut de formation en soins infirmiers (IFSI) Croix-Rouge de Marseille, un \u00e9tablissement de formation priv\u00e9 subventionn\u00e9 par la r\u00e9gion PACA \u00e0 hauteur de 6,4 millions d\u2019euros par an et qui accueille 800 \u00e9l\u00e8ves, dont 200 par cycle de formation.<\/p>\n<p class=\"fig-paragraph\">Un effectif consid\u00e9rablement r\u00e9duit au moment de la remise des dipl\u00f4mes, entre \u00ab30 et 40%\u00bb des \u00e9tudiants issus de chaque promotion est d\u00e9clar\u00e9 \u00abperdu, abandonnant ou redoublant\u00bb, selon un collectif\u2026<\/p>\n<p class=\"fig-premium-paywall__infos\">\n        Cet article est r\u00e9serv\u00e9 aux abonn\u00e9s.        Il vous reste 91% \u00e0 d\u00e9couvrir.\n    <\/p>\n<p>                <img  data- alt=\"Le Figaro\" class=\"fig-img--complete fig-img\"\/><\/p>\n<p class=\"fig-premium-paywall__title\">Vous avez envie de lire la suite ?<\/p>\n<p class=\"fig-premium-paywall__subtitle\">D\u00e9bloquez tous les articles imm\u00e9diatement.<\/p>\n<p class=\"fig-premium-paywall__connect\">\n                D\u00e9j\u00e0 abonn\u00e9\u00a0?                <a class=\"fig-premium-paywall__connect-link\" href=\"https:\/\/connect.lefigaro.fr\/login?client=horizon_web&amp;type=main&amp;redirect_uri=https%3A%2F%2Fwww.lefigaro.fr%2Fmarseille%2Finsecurite-taux-d-echec-alarmant-et-direction-menacante-a-marseille-une-ecole-d-infirmiers-dans-la-tourmente-20250918\" data-js-gtm=\"{&quot;customCategorie&quot;: &quot;conversion&quot;, &quot;customAction&quot;: &quot;before_Landing_Connexion_paywall_manuel&quot;, &quot;customLabel&quot;: &quot;bGVmaWdhcm8uZnJfXzFmMDkzOWRjLTgwZWMtNmFiOC1hOWYzLTMzYjQzMmJmMzIyMV9fTmV3c0ZsYXNo_Ins\u00e9curit\u00e9, taux d\u2019\u00e9chec \u00abalarmant\u00bb et direction mena\u00e7ante\u00a0: \u00e0 Marseille, une \u00e9cole d\u2019infirmiers dans la tourmente_196&quot;, &quot;customIDSPE&quot;: &quot;bGVmaWdhcm8uZnJfXzFmMDkzOWRjLTgwZWMtNmFiOC1hOWYzLTMzYjQzMmJmMzIyMV9fTmV3c0ZsYXNo&quot;, &quot;event&quot;: &quot;customEventSPE&quot;}\" rel=\"nofollow noopener\" target=\"_blank\"><br \/>\n                    Connectez-vous<br \/>\n                <\/a>\n            <\/p>\n","protected":false},"excerpt":{"rendered":"R\u00c9CIT &#8211; L\u2019Institut de formation en soins infirmiers Croix-Rouge de Marseille est point\u00e9 du doigt par ses propres&hellip;\n","protected":false},"author":2,"featured_media":399117,"comment_status":"","ping_status":"","sticky":false,"template":"","format":"standard","meta":{"footnotes":""},"categories":[2814],"tags":[1111,11,1122,1777,674,1011,27,22301,884,12,882,25],"class_list":{"0":"post-399116","1":"post","2":"type-post","3":"status-publish","4":"format-standard","5":"has-post-thumbnail","7":"category-marseille","8":"tag-actu","9":"tag-actualites","10":"tag-ecole","11":"tag-eu","12":"tag-europe","13":"tag-fr","14":"tag-france","15":"tag-infirmiers","16":"tag-marseille","17":"tag-news","18":"tag-provence-alpes-cote-dazur","19":"tag-republique-francaise"},"share_on_mastodon":{"url":"https:\/\/pubeurope.com\/@fr\/115223483192744870","error":""},"_links":{"self":[{"href":"https:\/\/www.europesays.com\/fr\/wp-json\/wp\/v2\/posts\/399116","targetHints":{"allow":["GET"]}}],"collection":[{"href":"https:\/\/www.europesays.com\/fr\/wp-json\/wp\/v2\/posts"}],"about":[{"href":"https:\/\/www.europesays.com\/fr\/wp-json\/wp\/v2\/types\/post"}],"author":[{"embeddable":true,"href":"https:\/\/www.europesays.com\/fr\/wp-json\/wp\/v2\/users\/2"}],"replies":[{"embeddable":true,"href":"https:\/\/www.europesays.com\/fr\/wp-json\/wp\/v2\/comments?post=399116"}],"version-history":[{"count":0,"href":"https:\/\/www.europesays.com\/fr\/wp-json\/wp\/v2\/posts\/399116\/revisions"}],"wp:featuredmedia":[{"embeddable":true,"href":"https:\/\/www.europesays.com\/fr\/wp-json\/wp\/v2\/media\/399117"}],"wp:attachment":[{"href":"https:\/\/www.europesays.com\/fr\/wp-json\/wp\/v2\/media?parent=399116"}],"wp:term":[{"taxonomy":"category","embeddable":true,"href":"https:\/\/www.europesays.com\/fr\/wp-json\/wp\/v2\/categories?post=399116"},{"taxonomy":"post_tag","embeddable":true,"href":"https:\/\/www.europesays.com\/fr\/wp-json\/wp\/v2\/tags?post=399116"}],"curies":[{"name":"wp","href":"https:\/\/api.w.org\/{rel}","templated":true}]}}