{"id":399119,"date":"2025-09-18T04:47:17","date_gmt":"2025-09-18T04:47:17","guid":{"rendered":"https:\/\/www.europesays.com\/fr\/399119\/"},"modified":"2025-09-18T04:47:17","modified_gmt":"2025-09-18T04:47:17","slug":"direct-greve-du-18-septembre-blocages-manifestation-suivez-la-journee-de-mobilisation-a-lyon","status":"publish","type":"post","link":"https:\/\/www.europesays.com\/fr\/399119\/","title":{"rendered":"Direct. Gr\u00e8ve du 18 septembre. Blocages, manifestation&#8230; Suivez la journ\u00e9e de mobilisation \u00e0 Lyon"},"content":{"rendered":"<p>            Par<br \/>\n        <strong><br \/>\n            <a href=\"https:\/\/actu.fr\/auteur\/redaction-lyon\" title=\"Consulter tous les articles de R\u00e9daction Lyon\" target=\"_blank\" rel=\"noopener\">R\u00e9daction Lyon<\/a><br \/>\n        <\/strong><\/p>\n<p>        Publi\u00e9 le<\/p>\n<p>            18 sept. 2025 \u00e0 6h04<br \/>\n        ; mis \u00e0 jour le 18 sept. 2025 \u00e0 6h46    <\/p>\n<p><strong>Notre direct avec Anthony Soudani, Julien Sournies, Th\u00e9o Zuili et Nicolas Zaugra<\/strong><\/p>\n<p class=\" wall-content\">Nouvelle journ\u00e9e de possibles blocages, de gr\u00e8ve et de <a href=\"https:\/\/actu.fr\/auvergne-rhone-alpes\/lyon_69123\/greve-du-18-septembre-a-lyon-voici-le-parcours-et-les-horaires-de-la-manifestation_63172198.html\" target=\"_blank\" rel=\"noopener\">manifestations<\/a> ce jeudi 18 septembre 2025 \u00e0 <a href=\"https:\/\/actu.fr\/auvergne-rhone-alpes\/lyon_69123\" target=\"_blank\" rel=\"noopener\">Lyon<\/a> et dans le Rh\u00f4ne. Une large intersyndicale appelle \u00e0 manifester contre Emmanuel Macron apr\u00e8s un premier jour test du mouvement <a href=\"https:\/\/actu.fr\/auvergne-rhone-alpes\/lyon_69123\/bloquons-tout-a-lyon-la-soiree-vire-encore-a-la-violence-des-affrontements-en-presqu-ile_63146789.html\" target=\"_blank\" rel=\"noopener\">\u00ab\u00a0Bloquons tout\u00a0\u00bb<\/a> le 10 septembre dernier. Suivez cette nouvelle journ\u00e9e sociale en direct sur actu Lyon avec nos journalistes mobilis\u00e9s.<\/p>\n<p>L&rsquo;essentiel<\/p>\n<ul>\n<li>Un premier rendez-vous est donn\u00e9 \u00e0 6h30 par des membres de l&rsquo;ultra gauche place des Archives \u00e0 Perrache pour d&rsquo;\u00e9ventuels blocages de la M7.<\/li>\n<li>A 11h, les syndicats organisent une manifestation qui s&rsquo;annonce tr\u00e8s suivie \u00e0 la Manufacture des Tabacs. Le cort\u00e8ge va d\u00e9filer jusqu&rsquo;\u00e0 la place Bellecour.<\/li>\n<li>La s\u00e9curit\u00e9 sera maximale. Entre 400 et 500 casseurs sont attendus. 1 300 policiers et gendarmes, des blind\u00e9s de la gendarmerie, des drones et un h\u00e9licopt\u00e8re seront mobilis\u00e9s.<\/li>\n<\/ul>\n<p>6h42 : De nombreux policiers place des Archives<\/p>\n<p class=\" wall-content\">Plusieurs policiers sont d\u00e9j\u00e0 en place au niveau de la place des Archives et dans le secteur de Perrache pour \u00e9viter de possibles blocages de la M7.\u00a0<\/p>\n<p class=\" wall-content\">\n<p class=\" wall-content\">Des manifestants se sont rassembl\u00e9s place Carnot devant le centre d\u2019\u00e9changes Perrache.<\/p>\n<p>    <img   decoding=\"async\" loading=\"lazy\" src=\"https:\/\/www.europesays.com\/fr\/wp-content\/uploads\/2025\/09\/manif-18-septembre-place-carnot-lyon-960x640.jpeg\" alt=\"Moins d'une centaine de personnes se trouvent place Carnot avant 7h.\" width=\"960\" height=\"640\"\/><br \/>\n    Moins d\u2019une centaine de personnes se trouvent place Carnot avant 7h. (\u00a9Anthony Soudani\/ actu Lyon)6h20 : Les magasins se barricadent dans le 7e et le 2e<\/p>\n<p class=\" wall-content\">D\u00e8s mercredi soir, plusieurs dizaines de commerces se barricadaient sur le parcours de la manifestation sur le cours Gambetta dans le 7e. Banques, assurances, agence d\u2019emploi, Mcdonald\u2019s de la Guilloti\u00e8re\u2026 Tous ces magasins se sont prot\u00e9g\u00e9s avec des planches en bois ou de m\u00e9tal.<\/p>\n<p class=\" wall-content\">Dans le 2e, des enseignes autour de Bellecour, rue de la R\u00e9publique ou rue Edouard Herriot \u00e9galement.<\/p>\n<p>Votre r\u00e9gion, votre actu !<\/p>\n<p>Recevez chaque jour les infos qui comptent pour vous.<\/p>\n<p>\t<a href=\"https:\/\/actu.fr\/newsletter\" class=\"ac-btn ac-btn--corner ac-btn--medium ac-btn--blue800\" target=\"_blank\" rel=\"noopener\">S&rsquo;incrire<\/a><\/p>\n<p class=\" wall-content\"><strong>6h : Blocages, manifestation, s\u00e9curit\u00e9, TCL\u2026 Le point<\/strong><\/p>\n<p class=\" wall-content\">Ce matin d\u00e8s 6h30, de potentiels <a href=\"https:\/\/actu.fr\/auvergne-rhone-alpes\/lyon_69123\/greve-du-18-septembre-des-bloquages-annonces-des-le-matin-a-lyon-a-quoi-s-attendre_63176629.html\" target=\"_blank\" rel=\"noopener\">blocages de la M7 \u00e0 Perrache<\/a> \u00e0 l\u2019entr\u00e9e de Lyon sont possibles \u00e0 l\u2019appel de Lyon Insurrection.<\/p>\n<p class=\" wall-content\">La manifestation syndicale d\u00e9bute \u00e0 11h de la Manufacture des Tabacs jusqu\u2019\u00e0 la place Bellecour en passant par le 7e arrondissement.<\/p>\n<p class=\" wall-content\">\n<p class=\" wall-content\">400 \u00e0 500 casseurs sont redout\u00e9s dans le cort\u00e8ge, un nombre qui \u00ab\u00a0inqui\u00e8te\u00a0\u00bb les autorit\u00e9s. Un \u00e9norme dispositif de s\u00e9curit\u00e9 est annonc\u00e9.\u00a0<\/p>\n<p class=\" wall-content\">Le <a href=\"https:\/\/actu.fr\/auvergne-rhone-alpes\/lyon_69123\/greve-du-18-septembre-a-lyon-des-perturbations-sur-le-reseau-tcl-a-quoi-s-attendre_63171763.html\" target=\"_blank\" rel=\"noopener\">r\u00e9seau TCL est touch\u00e9 par la gr\u00e8ve<\/a> ce jeudi : des lignes de tramways et de bus sont perturb\u00e9es. Le cort\u00e8ge devrait toucher la circulation de bus et de m\u00e9tro, qui pourraient \u00eatre stopp\u00e9s par mesure de s\u00e9curit\u00e9.<\/p>\n<p class=\" wall-content\">Personnalisez votre actualit\u00e9 en ajoutant vos villes et m\u00e9dias en favori avec <a href=\"https:\/\/moncompte.actu.fr\" title=\"D\u00e9couvez Mon Actu\" rel=\"nofollow noopener\" data-trk=\"{&quot;cta&quot;:{&quot;action&quot;:&quot;https:\\\/\\\/moncompte.actu.fr&quot;,&quot;category&quot;:&quot;mon compte&quot;,&quot;from&quot;:&quot;article footer&quot;,&quot;name&quot;:&quot;Mon actu&quot;,&quot;type&quot;:&quot;cta&quot;}}\" target=\"_blank\">Mon Actu<\/a>.<\/p>\n","protected":false},"excerpt":{"rendered":"Par R\u00e9daction Lyon Publi\u00e9 le 18 sept. 2025 \u00e0 6h04 ; mis \u00e0 jour le 18 sept. 2025&hellip;\n","protected":false},"author":2,"featured_media":399120,"comment_status":"","ping_status":"","sticky":false,"template":"","format":"standard","meta":{"footnotes":""},"categories":[1889],"tags":[1111,11,2430,47212,1777,674,1011,27,52713,2428,1272,12,25,104],"class_list":{"0":"post-399119","1":"post","2":"type-post","3":"status-publish","4":"format-standard","5":"has-post-thumbnail","7":"category-lyon","8":"tag-actu","9":"tag-actualites","10":"tag-auvergne-rhone-alpes","11":"tag-bloquons-tout","12":"tag-eu","13":"tag-europe","14":"tag-fr","15":"tag-france","16":"tag-greve-du-18-septembre","17":"tag-lyon","18":"tag-manifestations","19":"tag-news","20":"tag-republique-francaise","21":"tag-societe"},"share_on_mastodon":{"url":"https:\/\/pubeurope.com\/@fr\/115223491073601917","error":""},"_links":{"self":[{"href":"https:\/\/www.europesays.com\/fr\/wp-json\/wp\/v2\/posts\/399119","targetHints":{"allow":["GET"]}}],"collection":[{"href":"https:\/\/www.europesays.com\/fr\/wp-json\/wp\/v2\/posts"}],"about":[{"href":"https:\/\/www.europesays.com\/fr\/wp-json\/wp\/v2\/types\/post"}],"author":[{"embeddable":true,"href":"https:\/\/www.europesays.com\/fr\/wp-json\/wp\/v2\/users\/2"}],"replies":[{"embeddable":true,"href":"https:\/\/www.europesays.com\/fr\/wp-json\/wp\/v2\/comments?post=399119"}],"version-history":[{"count":0,"href":"https:\/\/www.europesays.com\/fr\/wp-json\/wp\/v2\/posts\/399119\/revisions"}],"wp:featuredmedia":[{"embeddable":true,"href":"https:\/\/www.europesays.com\/fr\/wp-json\/wp\/v2\/media\/399120"}],"wp:attachment":[{"href":"https:\/\/www.europesays.com\/fr\/wp-json\/wp\/v2\/media?parent=399119"}],"wp:term":[{"taxonomy":"category","embeddable":true,"href":"https:\/\/www.europesays.com\/fr\/wp-json\/wp\/v2\/categories?post=399119"},{"taxonomy":"post_tag","embeddable":true,"href":"https:\/\/www.europesays.com\/fr\/wp-json\/wp\/v2\/tags?post=399119"}],"curies":[{"name":"wp","href":"https:\/\/api.w.org\/{rel}","templated":true}]}}