{"id":399137,"date":"2025-09-18T04:58:09","date_gmt":"2025-09-18T04:58:09","guid":{"rendered":"https:\/\/www.europesays.com\/fr\/399137\/"},"modified":"2025-09-18T04:58:09","modified_gmt":"2025-09-18T04:58:09","slug":"pompe-royale-et-manifestations-pour-la-visite-de-trump-au-royaume-uni","status":"publish","type":"post","link":"https:\/\/www.europesays.com\/fr\/399137\/","title":{"rendered":"Pompe royale et manifestations pour la visite de Trump au Royaume-Uni"},"content":{"rendered":"\n<p>\u201cDonald Trump a eu droit aux fastes royaux \u2013 cort\u00e8ges, cadeaux et d\u00e9fil\u00e9 a\u00e9rien \u2013 lors de la premi\u00e8re journ\u00e9e de sa deuxi\u00e8me visite d\u2019\u00c9tat au Royaume-Uni\u201d, une journ\u00e9e qui s\u2019est achev\u00e9e par un banquet d\u2019\u00c9tat, bien loin \u201cde ses d\u00e9tracteurs\u201d, <a class=\"ithalc\" data-ithal=\"lien_externe\" data-ithalc=\"[nav_article]\" target=\"_blank\" href=\"https:\/\/www.theguardian.com\/us-news\/2025\/sep\/18\/trump-administration-news-updates-latest-today\" rel=\"noopener\">rapporte <strong>The Guardian<\/strong>.<\/a><\/p>\n<p>Car apr\u00e8s avoir atterri en h\u00e9licopt\u00e8re dans le parc du ch\u00e2teau de Windsor mercredi matin, \u201cTrump a rejoint le roi Charles en cal\u00e8che, mais le cort\u00e8ge est rest\u00e9 dans le domaine royal et hors de port\u00e9e du public\u201d, alors que des milliers de personnes \u201cexprimaient leur col\u00e8re \u00e0 Londres lors d\u2019une manifestation de la Coalition Stop Trump\u201d, note le quotidien britannique.<\/p>\n<p><a class=\"ithalc\" data-ithal=\"lien_externe\" data-ithalc=\"[nav_article]\" target=\"_blank\" href=\"https:\/\/www.nytimes.com\/2025\/09\/17\/world\/europe\/trump-uk-state-visit-banquet-royals.html\" rel=\"noopener\">Mais pour le <strong>New York Times<\/strong><\/a>, il y a fort \u00e0 parier que le pr\u00e9sident am\u00e9ricain n\u2019\u00e9tait gu\u00e8re pr\u00e9occup\u00e9 par les d\u00e9fil\u00e9s londoniens, \u201cplus heureux que jamais\u201d \u00e0 la table du banquet, trait\u00e9 \u201ccomme un roi par un vrai roi\u201d et entour\u00e9 de \u201cquelques-unes des personnes les plus riches, les plus influentes et les mieux connect\u00e9es au monde\u201d \u2013 parmi lesquelles le patron d\u2019Apple, Tim Cook, et le magnat de la presse Rupert Murdoch.<\/p>\n<p>Cette soir\u00e9e \u201csemblait \u00eatre un nouveau sommet pour M. Trump\u201d, ajoute le quotidien new-yorkais, \u201cune d\u00e9monstration \u00e9clatante des puissants de ce monde se surpassant pour s\u2019attirer (ou conserver) les bonnes gr\u00e2ces d\u2019un pr\u00e9sident dont le second mandat a \u00e9t\u00e9 marqu\u00e9 par des d\u00e9monstrations de force brute\u201d.<\/p>\n<p>               Trump \u201cn\u2019est pas le bienvenu\u201d       <\/p>\n<p>Le roi Charles III a prononc\u00e9 le premier discours. \u201cLe lien qui unit nos deux nations est v\u00e9ritablement remarquable\u201d, a d\u00e9clar\u00e9 le souverain. \u201cEn renouant ce lien ce soir, nous le faisons avec une confiance in\u00e9branlable en notre amiti\u00e9 et en notre engagement commun pour l\u2019ind\u00e9pendance et la libert\u00e9\u201d.<\/p>\n<p>Donald Trump, lui non plus, n\u2019a gu\u00e8re l\u00e9sin\u00e9 sur les compliments et les superlatifs, d\u00e9clarant notamment que \u201cdepuis des d\u00e9cennies, Sa Majest\u00e9 le Roi a incarn\u00e9 la force d\u2019\u00e2me, la noblesse et l\u2019esprit de la monarchie et du peuple britanniques\u201d.<\/p>\n<p><a class=\"ithalc\" data-ithal=\"lien_externe\" data-ithalc=\"[nav_article]\" target=\"_blank\" href=\"https:\/\/www.telegraph.co.uk\/royal-family\/2025\/09\/17\/president-trump-state-visit-king-queen\/\" rel=\"noopener\">Le <strong>Daily Telegraph<\/strong> reconna\u00eet<\/a> avoir appr\u00e9ci\u00e9 le ton adopt\u00e9 mercredi par le pr\u00e9sident am\u00e9ricain, souvent impr\u00e9visible. \u201cTant\u00f4t bonimenteur de foire, tant\u00f4t dirigeant \u00e0 la m\u00e2choire de granit, tant\u00f4t commentateur de Fox News\u201d, c\u2019est pour une fois \u201cl\u2019homme d\u2019\u00c9tat\u201d qui s\u2019est exprim\u00e9 mercredi soir \u00e0 Windsor, estime le quotidien conservateur. \u201cIl a jou\u00e9 la bonne partition dans la bonne tonalit\u00e9\u201d.<\/p>\n<p>Les milliers de personnes manifestant \u00e0 Londres pendant ces agapes \u00e9taient loin de partager cet avis et tenaient \u00e0 faire passer le message que Donald Trump \u201cn\u2019\u00e9tait pas le bienvenu\u201d, <a class=\"ithalc\" data-ithal=\"lien_externe\" data-ithalc=\"[nav_article]\" target=\"_blank\" href=\"https:\/\/www.bbc.com\/news\/articles\/cj9zve281k3o\" rel=\"noopener\">observe la <strong>BBC<\/strong>.<\/a> \u201cCertains manifestants portaient des pancartes sur lesquelles \u00e9taient inscrits des slogans tels que \u2018non au racisme\u2019, \u2018non \u00e0 Trump\u2019 et \u2018arr\u00eatez d\u2019armer Isra\u00ebl\u2019\u201d.<\/p>\n<p>\u201cD\u2019autres portaient des versions plus petites du dirigeable Baby Trump de 6\u00a0m\u00e8tres qui avait survol\u00e9 la foule lors des manifestations contre la premi\u00e8re visite d\u2019\u00c9tat du pr\u00e9sident en 2019\u201d, ajoute le diffuseur britannique.<\/p>\n<p>               \u201cFlatter l\u2019ego\u201d de Trump       <\/p>\n<p>Et si le pr\u00e9sident am\u00e9ricain \u201cne s\u2019adressera \u00e0 aucun moment \u00e0 la foule ni ne se d\u00e9placera dans le centre de Londres\u201d lors de sa visite, les manifestations \u201cesp\u00e8rent qu\u2019il les verra au moins \u00e0 la t\u00e9l\u00e9vision et souhaitent que les dirigeants britanniques ressentent leur col\u00e8re face \u00e0 l\u2019octroi \u00e0 Trump d\u2019une deuxi\u00e8me visite d\u2019\u00c9tat sans pr\u00e9c\u00e9dent\u201d, <a class=\"ithalc\" data-ithal=\"lien_externe\" data-ithalc=\"[nav_article]\" target=\"_blank\" href=\"https:\/\/www.washingtonpost.com\/world\/2025\/09\/17\/trump-britain-protests-epstein-visit\/\" rel=\"noopener\">remarque le <strong>Washington Post<\/strong>.<\/a><\/p>\n<p>Pour les d\u00e9tracteurs de Donald Trump, cette deuxi\u00e8me visite est \u201clargement per\u00e7ue comme une mani\u00e8re de flatter l\u2019ego du pr\u00e9sident et de tenter de limiter ses menaces de droits de douane sur les produits britanniques et de l\u2019emp\u00eacher de couper l\u2019aide \u00e0 l\u2019Ukraine\u201d, souligne le quotidien am\u00e9ricain.<\/p>\n<p>Jeudi, le locataire de la Maison-Blanche s\u2019entretiendra avec le Premier ministre britannique Keir Starmer et \u201cil est probable que plusieurs points de divergence potentiels surgissent, notamment sur Isra\u00ebl\u201d mais \u201cStarmer esp\u00e8re que la visite sera ax\u00e9e sur les investissements au Royaume-Uni\u201d, <a class=\"ithalc\" data-ithal=\"lien_externe\" data-ithalc=\"[nav_article]\" target=\"_blank\" href=\"https:\/\/www.thetimes.com\/uk\/royal-family\/article\/donald-trump-in-uk-visit-king-charles-p5l23shmh\" rel=\"noopener\">observe <strong>The Times<\/strong>.<\/a><\/p>\n<p>\u201cLe gouvernement a d\u00e9clar\u00e9 que le Royaume-Uni avait obtenu 150\u00a0milliards de livres (173\u00a0milliards d\u2019euros) d\u2019investissements de la part d\u2019entreprises am\u00e9ricaines, dont 90\u00a0milliards (104\u00a0milliards d\u2019euros) du gestionnaire d\u2019actifs Blackstone, ainsi que d\u2019importants investissements technologiques\u201d, ajoute le titre britannique.<\/p>\n","protected":false},"excerpt":{"rendered":"\u201cDonald Trump a eu droit aux fastes royaux \u2013 cort\u00e8ges, cadeaux et d\u00e9fil\u00e9 a\u00e9rien \u2013 lors de la&hellip;\n","protected":false},"author":2,"featured_media":399138,"comment_status":"","ping_status":"","sticky":false,"template":"","format":"standard","meta":{"footnotes":""},"categories":[1588],"tags":[11,3822,581,75,1777,674,545,12,316,473,1853,4409,770,1851,1850,1852],"class_list":{"0":"post-399137","1":"post","2":"type-post","3":"status-publish","4":"format-standard","5":"has-post-thumbnail","7":"category-royaume-uni","8":"tag-actualites","9":"tag-amu00e9riques","10":"tag-charles-iii","11":"tag-donald-trump","12":"tag-eu","13":"tag-europe","14":"tag-famille-royale-britannique","15":"tag-news","16":"tag-politique","17":"tag-royaume-uni","18":"tag-royaume-uni-de-grande-bretagne-et-dirlande-du-nord","19":"tag-ru00e9veil","20":"tag-u00e9tats-unis","21":"tag-uk","22":"tag-united-kingdom","23":"tag-united-kingdom-of-great-britain-and-northern-ireland"},"share_on_mastodon":{"url":"https:\/\/pubeurope.com\/@fr\/115223534467165841","error":""},"_links":{"self":[{"href":"https:\/\/www.europesays.com\/fr\/wp-json\/wp\/v2\/posts\/399137","targetHints":{"allow":["GET"]}}],"collection":[{"href":"https:\/\/www.europesays.com\/fr\/wp-json\/wp\/v2\/posts"}],"about":[{"href":"https:\/\/www.europesays.com\/fr\/wp-json\/wp\/v2\/types\/post"}],"author":[{"embeddable":true,"href":"https:\/\/www.europesays.com\/fr\/wp-json\/wp\/v2\/users\/2"}],"replies":[{"embeddable":true,"href":"https:\/\/www.europesays.com\/fr\/wp-json\/wp\/v2\/comments?post=399137"}],"version-history":[{"count":0,"href":"https:\/\/www.europesays.com\/fr\/wp-json\/wp\/v2\/posts\/399137\/revisions"}],"wp:featuredmedia":[{"embeddable":true,"href":"https:\/\/www.europesays.com\/fr\/wp-json\/wp\/v2\/media\/399138"}],"wp:attachment":[{"href":"https:\/\/www.europesays.com\/fr\/wp-json\/wp\/v2\/media?parent=399137"}],"wp:term":[{"taxonomy":"category","embeddable":true,"href":"https:\/\/www.europesays.com\/fr\/wp-json\/wp\/v2\/categories?post=399137"},{"taxonomy":"post_tag","embeddable":true,"href":"https:\/\/www.europesays.com\/fr\/wp-json\/wp\/v2\/tags?post=399137"}],"curies":[{"name":"wp","href":"https:\/\/api.w.org\/{rel}","templated":true}]}}