{"id":399149,"date":"2025-09-18T05:04:21","date_gmt":"2025-09-18T05:04:21","guid":{"rendered":"https:\/\/www.europesays.com\/fr\/399149\/"},"modified":"2025-09-18T05:04:21","modified_gmt":"2025-09-18T05:04:21","slug":"en-direct-greve-du-18-septembre-nous-serons-intraitables-face-aux-blocages-promet-bruno-retailleau","status":"publish","type":"post","link":"https:\/\/www.europesays.com\/fr\/399149\/","title":{"rendered":"EN DIRECT &#8211; Gr\u00e8ve du 18 septembre : \u00ab\u00a0Nous serons intraitables\u00a0\u00bb face aux blocages, promet Bruno Retailleau"},"content":{"rendered":"<ul class=\"jsx-862013697 ArticleChapo__List\">\n<li class=\"jsx-862013697 ArticleChapo__List_Item flex\">Entre 600.000 et 900.000 manifestants sont attendus dans toute la France jeudi lors de la journ\u00e9e de gr\u00e8ve du 18 septembre, selon les pr\u00e9visions mercredi de la place Beauvau.<\/li>\n<li class=\"jsx-862013697 ArticleChapo__List_Item flex\">Suivez les derni\u00e8res informations.<\/li>\n<\/ul>\n<p data-module=\"article-paragraph\" class=\"jsx-3046738180 Paragraph Paragraph__End\">Entre 600.000 et 900.000 manifestants sont attendus dans toute la France jeudi <a href=\"https:\/\/www.tf1info.fr\/actualite\/greves-manifestations-blocages-vers-une-forte-mobilisation-jeudi-18-septembre-2025-14342\/\" target=\"_blank\" rel=\"noopener\">lors de la journ\u00e9e de gr\u00e8ve du 18 septembre<\/a>, selon les pr\u00e9visions mercredi du minist\u00e8re de l&rsquo;Int\u00e9rieur. Les autorit\u00e9s s&rsquo;attendent ainsi \u00e0 une mobilisation tr\u00e8s importante, estim\u00e9e entre 600.000 et 900.000 personnes pour la France, dont entre 50.000 et 100.000 personnes \u00e0 Paris. Le 10 septembre, lors du mouvement \u00ab\u00a0Bloquons tout\u00a0\u00bb, le minist\u00e8re de l&rsquo;Int\u00e9rieur avait d\u00e9nombr\u00e9 200.000 manifestants sur tout le territoire. Les <a href=\"https:\/\/www.tf1info.fr\/economie\/video-les-greves-contre-la-reforme-des-retraites-ont-coute-500-millions-d-euros-a-la-sncf-2264955.html\" target=\"_blank\" rel=\"noopener\">manifestations contre les retraites en 2023<\/a> avaient r\u00e9guli\u00e8rement r\u00e9uni un million de manifestants, dont un pic \u00e0 1,4 million.<\/p>\n<p>Minute par minuteD\u00c9J\u00c0 DES ACCROCHAGES07:03<\/p>\n<p>\u00c0 Paris, les forces de l&rsquo;ordre sont d\u00e9j\u00e0 \u00e0 pied d&rsquo;ordre. Elles ont notamment effectu\u00e9 une charge sur des bloqueurs d&rsquo;un d\u00e9p\u00f4t de bus, dans le XXe arrondissement. Des grenades lacrymog\u00e8nes ont aussi \u00e9t\u00e9 utilis\u00e9es.\u00a0<\/p>\n<p>18 septembre : premi\u00e8res \u00e9chauffour\u00e9es \u00e0 ParisSource : TF1 Info<\/p>\n<p><img decoding=\"async\" src=\"https:\/\/www.europesays.com\/fr\/wp-content\/uploads\/2025\/09\/18-septembre-premieres-echauffourees-a-paris-22e67f-0@1x.jpeg\" alt=\"18 septembre : premi\u00e8res \u00e9chauffour\u00e9es \u00e0 Paris\" loading=\"lazy\" importance=\"low\" fetchpriority=\"low\" class=\"\"\/><img decoding=\"async\" src=\"https:\/\/www.tf1info.fr\/images\/icons\/player-logo-play.svg\" alt=\"Logo lecture\" class=\"jsx-d0de44c05fe3042c PlayerLazyload__Play\"\/>\u00ab\u00a0HAINE ANTI-FLIC\u00a0\u00bb07:00<\/p>\n<p>\u00ab\u00a0Les partis politiques qui mettent une cible dans le dos de nos gendarmes, c&rsquo;est inadmissible\u00a0\u00bb, fustige Bruno Retailleau sur LCI. \u00ab\u00a0Des individus, anim\u00e9s par une haine &lsquo;anti-flic&rsquo;, voudront atteindre \u00e0 leur int\u00e9grit\u00e9 physique, ce n&rsquo;est pas supportable\u00a0\u00bb, poursuit le ministre de l&rsquo;Int\u00e9rieur d\u00e9missionnaire.\u00a0<\/p>\n<blockquote data-testid=\"EmbedTwitter\" id=\"tweet-1968535932920869304-:R3j29lkpcmj9n79m:\" class=\"jsx-aeff1a1c40f54d7a twitter-tweet flex justify-center items-center\"><p>\u25b6\ufe0f 18 septembre : \u00ab Des individus, anim\u00e9s par une haine &lsquo;anti-flic&rsquo;, voudront atteindre \u00e0 leur int\u00e9grit\u00e9 physique, ce n&rsquo;est pas supportable \u00bb d\u00e9clare  @BrunoRetailleau pic.twitter.com\/WTPcKmpI0R \u2014 LCI (@LCI)  September 18, 2025<\/p><\/blockquote>\n<p>\u00ab\u00a0PAS BESOIN DE BLOCAGE\u00a0\u00bb06:58<\/p>\n<p>\u00ab\u00a0Thermom\u00e8tre des mobilisations sociales sur ma circonscription, \u00e0 5 heures du matin le centre RATP de Pleyel Saint-Denis compte 80\/85 % de gr\u00e9vistes ! Pas besoin de blocage aujourd&rsquo;hui, quasi aucun bus ne sort\u00a0\u00bb, affirme \u00c9ric Coquerel. \u00ab\u00a0Ce 18 septembre s\u2019annonce massif\u00a0\u00bb, note le d\u00e9put\u00e9 LFI.\u00a0<\/p>\n<blockquote data-testid=\"EmbedTwitter\" id=\"tweet-1968530554652913664-:R3j39lkpcmj9n79m:\" class=\"jsx-aeff1a1c40f54d7a twitter-tweet flex justify-center items-center\"><p>Thermom\u00e8tre des mobilisations sociales sur ma circonscription, \u00e0 5 heures du matin le centre RATP de Pleyel Saint-Denis compte 80\/85 % de gr\u00e9vistes ! Pas besoin de blocage aujourd hui, quasi aucun bus ne sort. Ce  #18septembre s\u2019annonce massif.  pic.twitter.com\/eryrfeFwjn \u2014 Eric Coquerel (@ericcoquerel)  September 18, 2025<\/p><\/blockquote>\n<p>BRUNO RETAILLEAU SUR LCI06:55<\/p>\n<p>Retrouvez l&rsquo;intervention du ministre de l&rsquo;Int\u00e9rieur d\u00e9missionnaire \u00e0 Paris ce matin, aux c\u00f4t\u00e9s des forces de l&rsquo;ordre.<\/p>\n<p>18 septembre : Bruno Retailleau s&rsquo;exprimeSource : TF1 Info<\/p>\n<p><img decoding=\"async\" src=\"https:\/\/www.europesays.com\/fr\/wp-content\/uploads\/2025\/09\/18-septembre-bruno-retailleau-s-exprime-61aa40-0@1x.jpeg\" alt=\"18 septembre : Bruno Retailleau s'exprime\" loading=\"lazy\" importance=\"low\" fetchpriority=\"low\" class=\"\"\/><img decoding=\"async\" src=\"https:\/\/www.tf1info.fr\/images\/icons\/player-logo-play.svg\" alt=\"Logo lecture\" class=\"jsx-d0de44c05fe3042c PlayerLazyload__Play\"\/>DES \u00ab\u00a0D\u00c9BLOCAGES\u00a0\u00bb DE D\u00c9P\u00d4TS DE BUS A PARIS06:48<\/p>\n<p>\u00c9voquant des \u00ab\u00a0blocages\u00a0\u00bb, Bruno Retailleau a \u00e9voqu\u00e9 \u00ab\u00a0sur Paris et autour de Paris, des d\u00e9p\u00f4ts de bus \u00e0 Aubervilliers et Saint-Denis par exemple. On a d\u00e9j\u00e0 d\u00e9bloqu\u00e9 un certain nombre de blocages. D&rsquo;autres tentatives sont en cours, elles subiront le m\u00eame sort : nous d\u00e9bloquerons les d\u00e9p\u00f4ts\u00a0\u00bb, a annonc\u00e9 le \u00ab\u00a0premier flic de France\u00a0\u00bb.<\/p>\n<p>LES FORCES DE L&rsquo;ORDRE SERONT \u00ab\u00a0TR\u00c8S R\u00c9ACTIVES\u00a0\u00bb06:40<\/p>\n<p>Le ministre de l&rsquo;Int\u00e9rieur d\u00e9missionnaire a aussi point\u00e9 la pr\u00e9sence, anticip\u00e9e par les renseignements, de \u00ab\u00a0groupuscules nombreux\u00a0\u00bb, notamment des \u00ab\u00a0casseurs\u00a0\u00bb, ce jeudi. \u00ab\u00a08.000 individus dangereux\u00a0\u00bb sont redout\u00e9s. Les forces de l&rsquo;ordre anticipent d&rsquo;ailleurs \u00ab\u00a0des tentatives de blocage\u00a0\u00bb. Dans ce contexte, \u00ab\u00a0nous serons intraitables\u00a0\u00bb, promet-il. \u00ab\u00a0La consigne, c&rsquo;est d&rsquo;\u00eatre tr\u00e8s r\u00e9actif\u00a0\u00bb.<\/p>\n<p>RETAILLEAU SALUE LE \u00ab\u00a0COURAGE\u00a0\u00bb DES FORCES DE L&rsquo;ORDRE06:38<\/p>\n<p>Aupr\u00e8s des forces de l&rsquo;ordre \u00e0 Paris ce matin, Bruno Retailleau a annonc\u00e9 \u00eatre \u00ab\u00a0venu saluer leur courage\u00a0\u00bb. Il a soulign\u00e9 le \u00ab\u00a0droit \u00e0 la manifestation, qui est un droit constitutionnel\u00a0\u00bb, ajoutant qu&rsquo;il est du devoir de l&rsquo;\u00c9tat de \u00ab\u00a0prot\u00e9ger ce droit\u00a0\u00bb, \u00ab\u00a0de faire en sorte que les manifestants qui souhaitent s&rsquo;exprimer (\u2026) puissent le faire.\u00a0\u00bb<\/p>\n<p>RETAILLEAU SUR LE TERRAIN06:24<\/p>\n<p>Peu apr\u00e8s 6h ce matin, le ministre de l&rsquo;Int\u00e9rieur d\u00e9missionnaire, Bruno Retailleau, \u00e9tait d\u00e9j\u00e0 sur le terrain \u00e0 Paris, avant une journ\u00e9e qui s&rsquo;annonce dense pour les forces de l&rsquo;ordre. Le \u00ab\u00a0premier flic de France\u00a0\u00bb a notamment pass\u00e9 en revue une partie des troupes mobilis\u00e9es.<\/p>\n<p>Bruno Retailleau passe les troupes en revue &#8211; 18 septembre 2025Source : TF1 Info<\/p>\n<p><img decoding=\"async\" src=\"https:\/\/www.europesays.com\/fr\/wp-content\/uploads\/2025\/09\/bruno-retailleau-sur-le-terrain-18-septembre-2025-f8de6a-0@1x.jpeg\" alt=\"Bruno Retailleau passe les troupes en revue - 18 septembre 2025\" loading=\"lazy\" importance=\"low\" fetchpriority=\"low\" class=\"\"\/><img decoding=\"async\" src=\"https:\/\/www.tf1info.fr\/images\/icons\/player-logo-play.svg\" alt=\"Logo lecture\" class=\"jsx-d0de44c05fe3042c PlayerLazyload__Play\"\/>LA RATP SE PR\u00c9PARE06:13<\/p>\n<p>No\u00eblle Ly est ce matin \u00e0 Paris dans le 20e arrondissement \u00e0 un d\u00e9p\u00f4t de bus de la RATP, o\u00f9 les agents se pr\u00e9parent \u00e0 une gr\u00e8ve qui pourrait \u00eatre historique.<\/p>\n<p>LCI \u00e0 Paris avec la RATP &#8211; 18 septembre 2025Source : TF1 Info<\/p>\n<p><img decoding=\"async\" src=\"https:\/\/www.europesays.com\/fr\/wp-content\/uploads\/2025\/09\/lci-a-paris-avec-la-ratp-18-septembre-2025-5d371c-0@1x.jpeg\" alt=\"LCI \u00e0 Paris avec la RATP - 18 septembre 2025\" loading=\"lazy\" importance=\"low\" fetchpriority=\"low\" class=\"\"\/><img decoding=\"async\" src=\"https:\/\/www.tf1info.fr\/images\/icons\/player-logo-play.svg\" alt=\"Logo lecture\" class=\"jsx-d0de44c05fe3042c PlayerLazyload__Play\"\/>LCI \u00c0 RENNES06:08<\/p>\n<p>\u00c0 Rennes (Ille-et-Vilaine) ce matin \u00e0 6h, la journaliste Emma Barrier constate que de nombreux commerces se sont barricad\u00e9s. La manifestation, elle, d\u00e9butera \u00e0 13h dans la ville.<\/p>\n<p>18 septembre : LCI \u00e0 Rennes \u00e0 6hSource : TF1 Info<\/p>\n<p><img decoding=\"async\" src=\"https:\/\/www.europesays.com\/fr\/wp-content\/uploads\/2025\/09\/18-septembre-lci-a-rennes-a-6h-527e4a-0@1x.jpeg\" alt=\"18 septembre : LCI \u00e0 Rennes \u00e0 6h\" loading=\"lazy\" importance=\"low\" fetchpriority=\"low\" class=\"\"\/><img decoding=\"async\" src=\"https:\/\/www.tf1info.fr\/images\/icons\/player-logo-play.svg\" alt=\"Logo lecture\" class=\"jsx-d0de44c05fe3042c PlayerLazyload__Play\"\/>BONJOUR \u00c0 TOUS06:02<\/p>\n<p>Bonjour \u00e0 toutes et \u00e0 tous et bienvenue dans ce direct du 18 septembre consacr\u00e9 \u00e0 cette journ\u00e9e de manifestations, de gr\u00e8ve et de blocages.<\/p>\n<p data-module=\"article-paragraph\" class=\"jsx-3046738180 Paragraph Paragraph__End\">\u00c0 Paris, o\u00f9 la manifestation intersyndicale doit s&rsquo;\u00e9lancer de la place de la Bastille, en passant par la place de la R\u00e9publique jusqu&rsquo;\u00e0 celle de la Nation, il pourrait y \u00e9galement avoir un millier de militants radicaux. Les services de renseignement attendent jusqu&rsquo;\u00e0 8.000 individus \u00e0 risque sur l&rsquo;ensemble du territoire. Environ 80.000 policiers et gendarmes sont mobilis\u00e9s sur l&rsquo;ensemble du territoire, appuy\u00e9s par vingt-quatre Centaures (dont huit \u00e0 Paris), les v\u00e9hicules blind\u00e9s de la gendarmerie, et dix engins lanceurs d&rsquo;eau (deux \u00e0 Paris).<\/p>\n<p><a href=\"https:\/\/www.tf1info.fr\/transports\/greve-du-18-septembre-2025-metros-rer-tgv-avions-a-quoi-s-attendre-dans-les-transports-2395142.html\" rel=\"noopener\" class=\"jsx-3308031228 Link flex\" target=\"_blank\"><img decoding=\"async\" src=\"https:\/\/www.europesays.com\/fr\/wp-content\/uploads\/2025\/09\/greve-sncf-illustration-2-f66cc7-0@1x.jpeg\" alt=\"MIGUEL MEDINA \/ AFP\" loading=\"lazy\" importance=\"low\" fetchpriority=\"low\" class=\"\" aria-hidden=\"true\"\/><\/p>\n<p class=\"jsx-3657663356 ReadMoreArticle__Title\">Lire aussi<\/p>\n<p class=\"jsx-3657663356\">Gr\u00e8ve du 18 septembre : TGV, m\u00e9tros, avions&#8230; \u00c0 quoi s&rsquo;attendre dans les transports ?<\/p>\n<p><\/a><\/p>\n<p data-module=\"article-paragraph\" class=\"jsx-3046738180 Paragraph Paragraph__End\">Les points d&rsquo;attention pour les forces de l&rsquo;ordre restent, comme lors du mouvement \u00ab\u00a0Bloquons Tout\u00a0\u00bb, les villes de Rennes, Nantes, Toulouse, Dijon, Lyon, Montpellier ou encore Bordeaux. Les organisations syndicales appellent \u00e0 faire gr\u00e8ve et manifester pour contester des mesures budg\u00e9taires qualifi\u00e9es de \u00ab\u00a0brutales\u00a0\u00bb annonc\u00e9es cet \u00e9t\u00e9 et que le nouveau Premier ministre S\u00e9bastien Lecornu n&rsquo;a pour l&rsquo;heure pas \u00e9cart\u00e9es.<\/p>\n<p>La r\u00e9daction de TF1info<\/p>\n<p><script async src=\"https:\/\/platform.twitter.com\/widgets.js\" charset=\"utf-8\"><\/script><\/p>\n","protected":false},"excerpt":{"rendered":"Entre 600.000 et 900.000 manifestants sont attendus dans toute la France jeudi lors de la journ\u00e9e de gr\u00e8ve&hellip;\n","protected":false},"author":2,"featured_media":399150,"comment_status":"","ping_status":"","sticky":false,"template":"","format":"standard","meta":{"footnotes":""},"categories":[4],"tags":[1111,11,1921,52895,1997,1011,27,18677,1922,2428,1272,766,12,626,25,53087,11067,2312,133,4530],"class_list":{"0":"post-399149","1":"post","2":"type-post","3":"status-publish","4":"format-standard","5":"has-post-thumbnail","7":"category-france","8":"tag-actu","9":"tag-actualites","10":"tag-article-video","11":"tag-blocages-vers-une-forte-mobilisation-le-18-septembre","12":"tag-bordeaux","13":"tag-fr","14":"tag-france","15":"tag-greves","16":"tag-info","17":"tag-lyon","18":"tag-manifestations","19":"tag-nantes","20":"tag-news","21":"tag-paris","22":"tag-republique-francaise","23":"tag-sebastien-chenu","24":"tag-sebastien-lecornu","25":"tag-toulouse","26":"tag-video","27":"tag-video-politique"},"share_on_mastodon":{"url":"https:\/\/pubeurope.com\/@fr\/115223558670928751","error":""},"_links":{"self":[{"href":"https:\/\/www.europesays.com\/fr\/wp-json\/wp\/v2\/posts\/399149","targetHints":{"allow":["GET"]}}],"collection":[{"href":"https:\/\/www.europesays.com\/fr\/wp-json\/wp\/v2\/posts"}],"about":[{"href":"https:\/\/www.europesays.com\/fr\/wp-json\/wp\/v2\/types\/post"}],"author":[{"embeddable":true,"href":"https:\/\/www.europesays.com\/fr\/wp-json\/wp\/v2\/users\/2"}],"replies":[{"embeddable":true,"href":"https:\/\/www.europesays.com\/fr\/wp-json\/wp\/v2\/comments?post=399149"}],"version-history":[{"count":0,"href":"https:\/\/www.europesays.com\/fr\/wp-json\/wp\/v2\/posts\/399149\/revisions"}],"wp:featuredmedia":[{"embeddable":true,"href":"https:\/\/www.europesays.com\/fr\/wp-json\/wp\/v2\/media\/399150"}],"wp:attachment":[{"href":"https:\/\/www.europesays.com\/fr\/wp-json\/wp\/v2\/media?parent=399149"}],"wp:term":[{"taxonomy":"category","embeddable":true,"href":"https:\/\/www.europesays.com\/fr\/wp-json\/wp\/v2\/categories?post=399149"},{"taxonomy":"post_tag","embeddable":true,"href":"https:\/\/www.europesays.com\/fr\/wp-json\/wp\/v2\/tags?post=399149"}],"curies":[{"name":"wp","href":"https:\/\/api.w.org\/{rel}","templated":true}]}}