{"id":399163,"date":"2025-09-18T05:14:11","date_gmt":"2025-09-18T05:14:11","guid":{"rendered":"https:\/\/www.europesays.com\/fr\/399163\/"},"modified":"2025-09-18T05:14:11","modified_gmt":"2025-09-18T05:14:11","slug":"marlene-schiappa-bientot-maman-je-sais-que-cest-cyril-hanouna-manque-de-faire-une-enorme-bourde-en-direct","status":"publish","type":"post","link":"https:\/\/www.europesays.com\/fr\/399163\/","title":{"rendered":"Marl\u00e8ne Schiappa bient\u00f4t maman : \u201cJe sais que c\u2019est\u2026\u201d, Cyril Hanouna manque de faire une \u00e9norme bourde en direct"},"content":{"rendered":"<p data-start=\"517\" data-end=\"795\">Comme chaque soir, <a href=\"https:\/\/www.closermag.fr\/people\/pour-la-grosse-jean-michel-aphatie-en-remet-une-couche-sur-cyril-hanouna-juste-avant-la-sortie-de-son-livre-3579682\" target=\"_blank\" rel=\"noopener\"><br \/>\nCyril Hanouna<\/a> et sa bande \u00e9taient aux commandes de <a href=\"https:\/\/www.closermag.fr\/people\/si-je-te-montre-ma-bte-jean-marie-bigard-repart-dans-ses-travers-et-meme-cyril-hanouna-est-gene-3580476\" target=\"_blank\" rel=\"noopener\"><br \/>\nTout beau, tout n9uf<\/a><br \/>\nsur W9, ce mercredi 17 septembre. Fid\u00e8le \u00e0 son habitude,<br \/>\nl\u2019animateur a pris le temps de saluer ses chroniqueurs, dont<br \/>\n<a href=\"https:\/\/www.closermag.fr\/politique\/il-a-pu-deja-dealer-marlene-schiappa-fait-des-revelations-sur-sebastien-lecornu-dans-tbt9-3578325\" target=\"_blank\" rel=\"noopener\"><br \/>\nMarl\u00e8ne Schiappa<\/a>, qui s\u2019approche doucemen<strong>t du terme de<br \/>\nsa <a href=\"https:\/\/www.closermag.fr\/people\/marlene-schiappa-tres-enceinte-avec-son-compagnon-elle-soffre-une-seance-photos-de-touriste-3567372\" target=\"_blank\" rel=\"noopener\"><br \/>\ngrossesse<\/a>.<\/strong><\/p>\n<p data-start=\"797\" data-end=\"1058\">Mais si l\u2019ex-ministre s\u2019est<br \/>\nconfi\u00e9e avec humour sur ses d\u00e9boires m\u00e9dicaux du matin, le moment a<br \/>\npris une tournure inattendue ! Tout avait commenc\u00e9 tranquillement.<br \/>\n\u201cMarl\u00e8ne Schiappa, quel<br \/>\nbonheur de vous voir, comment \u00e7a va ?\u201d lui a lanc\u00e9 Cyril<br \/>\nHanouna. <a href=\"https:\/\/www.closermag.fr\/people\/marlene-schiappa-enceinte-et-attaquee-sur-son-physique-une-fausse-couche-sa-reponse-parfaite-3568217\" target=\"_blank\" rel=\"noopener\"><br \/>\nL\u2019ancienne secr\u00e9taire d\u2019\u00c9tat<\/a> a alors racont\u00e9 sa m\u00e9saventure du<br \/>\njour : \u201cJ\u2019ai fait une prise<br \/>\nde sang, ce matin, mais c\u2019\u00e9tait un \u00e9chec terrible, ils ne<br \/>\ntrouvaient pas de veine, <strong>je me suis faite percer de<br \/>\npartout.<\/strong> Donc j\u2019ai fini par partir, je vous<br \/>\navoue.\u201d<\/p>\n<p>Cyril Hanouna s\u2019emballe en<br \/>\ndirect sur le sexe du b\u00e9b\u00e9<\/p>\n<p data-start=\"1506\" data-end=\"1822\">Sous le regard interloqu\u00e9 de<br \/>\nl\u2019animateur face \u00e0 son bras couvert de bleus, elle a conclu avec<br \/>\nhumour : \u201cEn tout cas, je<br \/>\nn\u2019accouche pas aujourd\u2019hui !\u201d Mais Hanouna ne s\u2019est pas arr\u00eat\u00e9<br \/>\nl\u00e0. \u201cOn ne sait toujours pas<br \/>\nsi c\u2019est une fille ou un gar\u00e7on. Vous, vous le savez, mais nous, on<br \/>\nne le sait pas\u201d, a-t-il lanc\u00e9. Marl\u00e8ne Schiappa a gard\u00e9 le<br \/>\nmyst\u00e8re : \u201cC\u2019est toujours la<br \/>\nsurprise.\u201d Une r\u00e9ponse qui a inspir\u00e9 l\u2019animateur, persuad\u00e9<br \/>\nd\u2019avoir devin\u00e9 : \u201cMoi,<br \/>\n<strong>je sais que c\u2019est une fille.<\/strong> Je le sens ! Les<br \/>\nfilles, elles sont toujours vers le haut, elles nous poussent vers<br \/>\nle haut. Les gar\u00e7ons, eux, ils sont fain\u00e9ants !\u201d<\/p>\n<p data-start=\"2132\" data-end=\"2468\">Et d\u2019improviser un sketch :<br \/>\n\u201cLes filles, elles ont envie<br \/>\nd\u2019en d\u00e9coudre ! Les gar\u00e7ons, eux, ils s\u2019en foutent. Peut-\u00eatre que<br \/>\nle gars, il est en train de jouer \u00e0 la Play pendant qu\u2019on se parle.<br \/>\nIl est tranquille, <strong>il est sur Fortnite, il s\u2019en bat les<br \/>\nyeuks !<\/strong>\u201d De quoi d\u00e9clencher un fou rire g\u00e9n\u00e9ral sur<br \/>\nle plateau.<\/p>\n<p>Marl\u00e8ne Schiappa enceinte \u00e0 42 ans : le pr\u00e9nom confi\u00e9 \u00e0 ses<br \/>\nabonn\u00e9s<\/p>\n<p data-start=\"2544\" data-end=\"2951\">Cette s\u00e9quence s\u2019ajoute \u00e0 la<br \/>\ncuriosit\u00e9 qui entoure cette grossesse inattendue. En mai dernier,<br \/>\nMarl\u00e8ne Schiappa annon\u00e7ait avec \u00e9motion sur Instagram attendre un<br \/>\ntroisi\u00e8me enfant \u00e0 42 ans. \u201cAvec Matthias, nous avons l\u2019immense joie d\u2019attendre un b\u00e9b\u00e9<br \/>\n! Apr\u00e8s des \u00e9preuves et des moments difficiles, avoir cette chance<br \/>\ninou\u00efe, \u00e0 42 ans, de <strong>vivre une grossesse inesp\u00e9r\u00e9e et tant<br \/>\nattendue, c\u2019est incroyable<\/strong>.\u201d Tr\u00e8s proche de sa<br \/>\ncommunaut\u00e9, elle n\u2019avait pas h\u00e9sit\u00e9 \u00e0 <a href=\"https:\/\/www.closermag.fr\/politique\/marlene-schiappa-enceinte-a-42-ans-pour-le-choix-du-prenom-elle-demande-de-laide-a-ses-abonnes-3550305\" target=\"_blank\" rel=\"noopener\"><br \/>\nsolliciter ses abonn\u00e9s<\/a> : \u201cJ\u2019ai beau avoir pr\u00e9sid\u00e9 dix ans Maman travaille, je suis<br \/>\npreneuse de tous vos conseils [\u2026] Pour finir j\u2019ai une pens\u00e9e pour<br \/>\ntoutes les femmes et tous les parents qui ont essay\u00e9 ou essayent<br \/>\nd\u2019avoir un b\u00e9b\u00e9. Nous, on nous avait dit que c\u2019\u00e9tait impossible. Et<br \/>\nnous voil\u00e0.\u201d<\/p>\n<p data-start=\"3311\" data-end=\"3673\">Et elle a m\u00eame demand\u00e9 un coup<br \/>\nde main pour trouver le pr\u00e9nom du futur b\u00e9b\u00e9. Sur Instagram, elle a<br \/>\npartag\u00e9 une s\u00e9lection des propositions re\u00e7ues : <strong>Victor,<br \/>\nChlo\u00e9, Oscar, Ombeline, Aliocha, Liam, Mila, Charles-Louis<\/strong><br \/>\nou encore <strong>Inaya<\/strong>. \u201cMerci pour toutes vos id\u00e9es de pr\u00e9noms\u201d, a-t-elle<br \/>\nr\u00e9pondu, sans pour autant r\u00e9v\u00e9ler son choix. Entre confidences<br \/>\npersonnelles et humour assum\u00e9, Marl\u00e8ne Schiappa vit cette grossesse<br \/>\navec spontan\u00e9it\u00e9, m\u00eame quand Cyril Hanouna, fid\u00e8le \u00e0 son style,<br \/>\nflirte dangereusement avec la bourde en plein direct.<\/p>\n","protected":false},"excerpt":{"rendered":"Comme chaque soir, Cyril Hanouna et sa bande \u00e9taient aux commandes de Tout beau, tout n9uf sur W9,&hellip;\n","protected":false},"author":2,"featured_media":399164,"comment_status":"","ping_status":"","sticky":false,"template":"","format":"standard","meta":{"footnotes":""},"categories":[1359],"tags":[548,1083,58,28944,59,1011,27,33875,973,9456,22497,49534],"class_list":{"0":"post-399163","1":"post","2":"type-post","3":"status-publish","4":"format-standard","5":"has-post-thumbnail","7":"category-people","8":"tag-article-simple","9":"tag-cyril-hanouna","10":"tag-divertissement","11":"tag-enceinte","12":"tag-entertainment","13":"tag-fr","14":"tag-france","15":"tag-marlene-schiappa","16":"tag-people","17":"tag-revelations","18":"tag-tout-beau","19":"tag-tout-n9uf"},"share_on_mastodon":{"url":"https:\/\/pubeurope.com\/@fr\/115223597074576322","error":""},"_links":{"self":[{"href":"https:\/\/www.europesays.com\/fr\/wp-json\/wp\/v2\/posts\/399163","targetHints":{"allow":["GET"]}}],"collection":[{"href":"https:\/\/www.europesays.com\/fr\/wp-json\/wp\/v2\/posts"}],"about":[{"href":"https:\/\/www.europesays.com\/fr\/wp-json\/wp\/v2\/types\/post"}],"author":[{"embeddable":true,"href":"https:\/\/www.europesays.com\/fr\/wp-json\/wp\/v2\/users\/2"}],"replies":[{"embeddable":true,"href":"https:\/\/www.europesays.com\/fr\/wp-json\/wp\/v2\/comments?post=399163"}],"version-history":[{"count":0,"href":"https:\/\/www.europesays.com\/fr\/wp-json\/wp\/v2\/posts\/399163\/revisions"}],"wp:featuredmedia":[{"embeddable":true,"href":"https:\/\/www.europesays.com\/fr\/wp-json\/wp\/v2\/media\/399164"}],"wp:attachment":[{"href":"https:\/\/www.europesays.com\/fr\/wp-json\/wp\/v2\/media?parent=399163"}],"wp:term":[{"taxonomy":"category","embeddable":true,"href":"https:\/\/www.europesays.com\/fr\/wp-json\/wp\/v2\/categories?post=399163"},{"taxonomy":"post_tag","embeddable":true,"href":"https:\/\/www.europesays.com\/fr\/wp-json\/wp\/v2\/tags?post=399163"}],"curies":[{"name":"wp","href":"https:\/\/api.w.org\/{rel}","templated":true}]}}