{"id":399165,"date":"2025-09-18T05:16:11","date_gmt":"2025-09-18T05:16:11","guid":{"rendered":"https:\/\/www.europesays.com\/fr\/399165\/"},"modified":"2025-09-18T05:16:11","modified_gmt":"2025-09-18T05:16:11","slug":"on-a-une-responsabilite-en-tant-que-dessinateur-confie-alex-w-inker","status":"publish","type":"post","link":"https:\/\/www.europesays.com\/fr\/399165\/","title":{"rendered":"\u00ab On a une responsabilit\u00e9 en tant que dessinateur \u00bb, confie\u00a0Alex W. Inker"},"content":{"rendered":"<p>Krimi  (\u00e9ditions Sarbacane), c\u2019est l\u2019histoire d\u2019un policier dans l\u2019Allemagne des ann\u00e9es 20-30 qui interpelle le r\u00e9alisateur Fritz Lang. Les deux hommes se connaissent depuis l\u2019enqu\u00eate sur le meurtre de la femme du cin\u00e9aste et le premier voudrait que le second s\u2019inspire de l\u2019affaire en cours, dite du \u201cvampire de D\u00fcsseldorf\u201d, pour son prochain film. Qui s\u2019intitulera M. Le Maudit.<\/p>\n<blockquote class=\"question\"><p>Alex, qu\u2019est-ce qui vous a plu dans ce projet ?<\/p><\/blockquote>\n<p>C\u2019est une BD qui aborde le cin\u00e9ma, l\u2019expressionnisme allemand. Mais aussi le mensonge : M. Le Maudit, c\u2019est le c\u0153ur du projet mais \u00e7a ne s\u2019est pas pass\u00e9 comme \u00e7a. Dans ce sc\u00e9nario, il y a l\u2019id\u00e9e de raconter des histoires, de mentir. C\u2019est ce que font les cr\u00e9ateurs, les cin\u00e9astes comme Fritz Lang. Mais les mensonges, c\u2019est aussi ce qui a amen\u00e9 les nazis au pouvoir quelques ann\u00e9es plus tard.<\/p>\n<p>Ce contenu est bloqu\u00e9 car vous n&rsquo;avez pas accept\u00e9 les cookies et autres traceurs.<\/p>\n<p>En cliquant sur \u00ab J\u2019accepte \u00bb, les cookies et autres traceurs seront d\u00e9pos\u00e9s et vous pourrez visualiser les contenus  (<a href=\"\" class=\"consentModule_policy\" target=\"_blank\" title=\"Consulter la politique de protection des donn\u00e9es du fournisseur\">plus d&rsquo;informations<\/a>).<\/p>\n<p>En cliquant sur \u00ab J\u2019accepte tous les cookies \u00bb, vous autorisez des d\u00e9p\u00f4ts de cookies et autres traceurs pour le stockage de vos donn\u00e9es sur nos sites et applications \u00e0 des fins de personnalisation et de ciblage publicitaire.<\/p>\n<p class=\"consentModule_secondaryText\">Vous gardez la possibilit\u00e9 de retirer votre consentement \u00e0 tout moment en consultant notre <a href=\"https:\/\/www.estrepublicain.fr\/protection-des-donnees\" target=\"_blank\" title=\"Consulter notre politique de protection des donn\u00e9es\" rel=\"noopener\">politique de protection des donn\u00e9es<\/a>. <br \/>&#13;<br \/>\n            <a href=\"https:\/\/www.estrepublicain.fr\/culture-loisirs\/2025\/09\/18\/javascript:Didomi.notice.show()\" class=\"consentModule_cmp\" target=\"_blank\" rel=\"noopener\">G\u00e9rer mes choix<\/a>&#13;\n        <\/p>\n<p>&#13;<br \/>\n                        J&rsquo;accepte&#13;<br \/>\n            J&rsquo;accepte tous les cookies&#13;\n        <\/p>\n<blockquote class=\"question\"><p>Le style graphique semble coller \u00e0 l\u2019esth\u00e9tique du cin\u00e9ma de cette \u00e9poque\u2026<\/p><\/blockquote>\n<p>J\u2019ai pu travailler beaucoup d\u2019axes diff\u00e9rents dans Krimi, comment travailler les noir et blanc du cin\u00e9ma, avec des outils propres \u00e0 la BD. J\u2019ai travaill\u00e9 au fusain pour retrouver les lumi\u00e8res vapoteuses de ce cin\u00e9ma. Je ne voulais pas faire du cin\u00e9ma de papier.<\/p>\n<blockquote class=\"question\"><p>Dessiner des viols et des meurtres, ce n\u2019est pas \u00e9vident\u2026<\/p><\/blockquote>\n<p>C\u2019est une vraie question. Si tu dessines un viol, de la p\u00e9dophilie et que tu commences \u00e0 vouloir y donner une esth\u00e9tique \u00e9rotisante\u2026 il y a un gros probl\u00e8me. Il faut trouver le filtre pour \u00e9viter la moindre concupiscence dans l\u2019\u0153il du lecteur. Je suis all\u00e9 voir ce qui se faisait dans le courant de la Nouvelle Objectivit\u00e9 en Allemagne, avec le peintre Gerd Antz, qui travaillait avec des figurines, et du c\u00f4t\u00e9 de la r\u00e9alisatrice Lotte Reininger, qui a fait le premier long-m\u00e9trage d\u2019animation en papier d\u00e9coup\u00e9 en 1926 : Les aventures du Prince Ahmed. Je me suis dit ok, avec des silhouettes, on montre de fa\u00e7on assez frontale les faits. Sans avoir cette notion esth\u00e9tisante que je mets dans d\u2019autres pages, avec les danseuses de cabaret. Quand tu es un bon dessinateur, tu sais ce que tu peux rendre sexy et ce que tu d\u00e9cides de ne pas rendre sexy. On a une responsabilit\u00e9 en tant que dessinateur.<\/p>\n","protected":false},"excerpt":{"rendered":"Krimi (\u00e9ditions Sarbacane), c\u2019est l\u2019histoire d\u2019un policier dans l\u2019Allemagne des ann\u00e9es 20-30 qui interpelle le r\u00e9alisateur Fritz Lang.&hellip;\n","protected":false},"author":2,"featured_media":399166,"comment_status":"","ping_status":"","sticky":false,"template":"","format":"standard","meta":{"footnotes":""},"categories":[1357],"tags":[1379,1687,58,14384,59,1011,27,1380,2410,22383,50320,53088],"class_list":{"0":"post-399165","1":"post","2":"type-post","3":"status-publish","4":"format-standard","5":"has-post-thumbnail","7":"category-livres","8":"tag-books","9":"tag-culture-loisirs","10":"tag-divertissement","11":"tag-edition-pontarlier-haut-doubs","12":"tag-entertainment","13":"tag-fr","14":"tag-france","15":"tag-livres","16":"tag-livres-bd","17":"tag-livres-dans-la-boucle","18":"tag-pontarlier","19":"tag-pontarlier-ville-25a"},"share_on_mastodon":{"url":"https:\/\/pubeurope.com\/@fr\/115223604990266567","error":""},"_links":{"self":[{"href":"https:\/\/www.europesays.com\/fr\/wp-json\/wp\/v2\/posts\/399165","targetHints":{"allow":["GET"]}}],"collection":[{"href":"https:\/\/www.europesays.com\/fr\/wp-json\/wp\/v2\/posts"}],"about":[{"href":"https:\/\/www.europesays.com\/fr\/wp-json\/wp\/v2\/types\/post"}],"author":[{"embeddable":true,"href":"https:\/\/www.europesays.com\/fr\/wp-json\/wp\/v2\/users\/2"}],"replies":[{"embeddable":true,"href":"https:\/\/www.europesays.com\/fr\/wp-json\/wp\/v2\/comments?post=399165"}],"version-history":[{"count":0,"href":"https:\/\/www.europesays.com\/fr\/wp-json\/wp\/v2\/posts\/399165\/revisions"}],"wp:featuredmedia":[{"embeddable":true,"href":"https:\/\/www.europesays.com\/fr\/wp-json\/wp\/v2\/media\/399166"}],"wp:attachment":[{"href":"https:\/\/www.europesays.com\/fr\/wp-json\/wp\/v2\/media?parent=399165"}],"wp:term":[{"taxonomy":"category","embeddable":true,"href":"https:\/\/www.europesays.com\/fr\/wp-json\/wp\/v2\/categories?post=399165"},{"taxonomy":"post_tag","embeddable":true,"href":"https:\/\/www.europesays.com\/fr\/wp-json\/wp\/v2\/tags?post=399165"}],"curies":[{"name":"wp","href":"https:\/\/api.w.org\/{rel}","templated":true}]}}