{"id":399179,"date":"2025-09-18T05:24:19","date_gmt":"2025-09-18T05:24:19","guid":{"rendered":"https:\/\/www.europesays.com\/fr\/399179\/"},"modified":"2025-09-18T05:24:19","modified_gmt":"2025-09-18T05:24:19","slug":"le-macbook-tactile-serait-imminent","status":"publish","type":"post","link":"https:\/\/www.europesays.com\/fr\/399179\/","title":{"rendered":"Le MacBook tactile serait imminent"},"content":{"rendered":"<p>Un changement fondamental serait bien pr\u00e9vu par Apple pour ses prochains MacBook : l\u2019arriv\u00e9e d\u2019un \u00e9cran tactile.<\/p>\n<p><a target=\"_blank\" href=\"https:\/\/images.frandroid.com\/wp-content\/uploads\/2025\/04\/apple-macbook-air-m4-13-design-3.jpeg\" class=\"article-content__figure\" rel=\"nofollow noopener\"><img fetchpriority=\"high\" decoding=\"async\" loading=\"eager\" width=\"1200\" height=\"802\" src=\"https:\/\/www.europesays.com\/fr\/wp-content\/uploads\/2025\/09\/apple-macbook-air-m4-13-design-3.jpeg\" alt=\"\" class=\"wp-image-2587055 wp-image wp-image\"  \/><\/a>Source : Chlo\u00e9 Pertuis pour Frandroid<\/p>\n<p>En 2012, le patron d\u2019Apple Tim Cook qualifiait l\u2019id\u00e9e de m\u00e9langer un ordinateur portable et l\u2019\u00e9cran tactile d\u2019une tablette comme la fusion improbable <a target=\"_blank\" href=\"https:\/\/abcnews.go.com\/blogs\/technology\/2012\/04\/tim-cook-on-windows-8-converging-a-toaster-and-a-refrigerator\" rel=\"nofollow noopener\">d\u2019un r\u00e9frig\u00e9rateur et d\u2019un grille-pain<\/a>.<\/p>\n<p>En 2026, Apple s\u2019appr\u00eaterait \u00e0 lancer son premier r\u00e9frig\u00e9rateur grille-pain. Les premiers MacBook \u00e0 \u00e9cran tactile entreraient bient\u00f4t en production.<\/p>\n<p>Un changement de paradigme et un effet de gamme<\/p>\n<p>D\u2019apr\u00e8s l\u2019analyste Ming-Chi Kuo, les MacBook Pro Oled dont la production en s\u00e9rie est pr\u00e9vue pour la fin de l\u2019ann\u00e9e 2026, int\u00e9greront une couche tactile.<\/p>\n<blockquote class=\"wp-block-quote is-layout-flow wp-block-quote-is-layout-flow\">\n<p>Les mod\u00e8les MacBook seront \u00e9quip\u00e9s pour la premi\u00e8re fois d\u2019un \u00e9cran tactile, ce qui rendra la fronti\u00e8re avec l\u2019iPad encore plus floue. Ce changement semble refl\u00e9ter l\u2019observation \u00e0 long terme par Apple du comportement des utilisateurs d\u2019iPad, indiquant que dans certains cas, les commandes tactiles peuvent am\u00e9liorer \u00e0 la fois la productivit\u00e9 et l\u2019exp\u00e9rience utilisateur globale.<\/p>\n<\/blockquote>\n<p>C\u2019est un changement important dans la philosophie d\u2019Apple. Jusqu\u2019\u00e0 pr\u00e9sent, l\u2019\u00e9cran tactile \u00e9tait r\u00e9serv\u00e9 aux iPad et marquait la diff\u00e9rence d\u2019interaction avec le MacBook et son combo trackpad et clavier.<\/p>\n<p>Ces derni\u00e8res ann\u00e9es, Apple a commenc\u00e9 \u00e0 travers les mises \u00e0 jour d\u2019iPadOS \u00e0 rapprocher de plus en plus l\u2019iPad d\u2019un MacBook. La marque semble pr\u00eate \u00e0 faire le chemin inverse et rapprocher le MacBook de l\u2019iPad.<\/p>\n<p>Avec ce changement, la firme pourra aussi cr\u00e9er un effet de gamme avec le MacBook \u00ab pas cher \u00bb pr\u00e9vu pour les mois prochains. Ce dernier, qui <a href=\"https:\/\/www.frandroid.com\/marques\/apple\/2758807_un-macbook-a-moins-de-800-e-avant-la-fin-de-lannee-pourquoi-cest-de-plus-en-plus-probable\" rel=\"nofollow noopener\" target=\"_blank\">devrait \u00eatre \u00e9quip\u00e9 d\u2019une puce d\u2019iPhone<\/a> et ramener le MacBook sous la barre des 1000 euros, voir des 900 euros, ne devrait pas proposer l\u2019\u00e9cran tactile.<\/p>\n","protected":false},"excerpt":{"rendered":"Un changement fondamental serait bien pr\u00e9vu par Apple pour ses prochains MacBook : l\u2019arriv\u00e9e d\u2019un \u00e9cran tactile. Source&hellip;\n","protected":false},"author":2,"featured_media":399180,"comment_status":"","ping_status":"","sticky":false,"template":"","format":"standard","meta":{"footnotes":""},"categories":[7],"tags":[270,1011,27,43,40,41,39,42,44],"class_list":{"0":"post-399179","1":"post","2":"type-post","3":"status-publish","4":"format-standard","5":"has-post-thumbnail","7":"category-sciences-et-technologies","8":"tag-breaking","9":"tag-fr","10":"tag-france","11":"tag-science","12":"tag-science-and-technology","13":"tag-sciences","14":"tag-sciences-et-technologies","15":"tag-technologies","16":"tag-technology"},"share_on_mastodon":{"url":"https:\/\/pubeurope.com\/@fr\/115223636454341943","error":""},"_links":{"self":[{"href":"https:\/\/www.europesays.com\/fr\/wp-json\/wp\/v2\/posts\/399179","targetHints":{"allow":["GET"]}}],"collection":[{"href":"https:\/\/www.europesays.com\/fr\/wp-json\/wp\/v2\/posts"}],"about":[{"href":"https:\/\/www.europesays.com\/fr\/wp-json\/wp\/v2\/types\/post"}],"author":[{"embeddable":true,"href":"https:\/\/www.europesays.com\/fr\/wp-json\/wp\/v2\/users\/2"}],"replies":[{"embeddable":true,"href":"https:\/\/www.europesays.com\/fr\/wp-json\/wp\/v2\/comments?post=399179"}],"version-history":[{"count":0,"href":"https:\/\/www.europesays.com\/fr\/wp-json\/wp\/v2\/posts\/399179\/revisions"}],"wp:featuredmedia":[{"embeddable":true,"href":"https:\/\/www.europesays.com\/fr\/wp-json\/wp\/v2\/media\/399180"}],"wp:attachment":[{"href":"https:\/\/www.europesays.com\/fr\/wp-json\/wp\/v2\/media?parent=399179"}],"wp:term":[{"taxonomy":"category","embeddable":true,"href":"https:\/\/www.europesays.com\/fr\/wp-json\/wp\/v2\/categories?post=399179"},{"taxonomy":"post_tag","embeddable":true,"href":"https:\/\/www.europesays.com\/fr\/wp-json\/wp\/v2\/tags?post=399179"}],"curies":[{"name":"wp","href":"https:\/\/api.w.org\/{rel}","templated":true}]}}