{"id":39919,"date":"2025-04-20T22:01:10","date_gmt":"2025-04-20T22:01:10","guid":{"rendered":"https:\/\/www.europesays.com\/fr\/39919\/"},"modified":"2025-04-20T22:01:10","modified_gmt":"2025-04-20T22:01:10","slug":"pluie-nuages-soleil-a-quoi-sattendre-cote-meteo-cette-semaine-en-seine-maritime","status":"publish","type":"post","link":"https:\/\/www.europesays.com\/fr\/39919\/","title":{"rendered":"Pluie, nuages, soleil ? A quoi s&rsquo;attendre c\u00f4t\u00e9 m\u00e9t\u00e9o cette semaine en Seine-Maritime\u00a0?"},"content":{"rendered":"<p>            Par<br \/>\n        <strong><br \/>\n            <a href=\"https:\/\/actu.fr\/auteur\/vanessa-leroy\" title=\"Consulter tous les articles de Vanessa Leroy\" target=\"_blank\" rel=\"noopener\">Vanessa Leroy<\/a><br \/>\n        <\/strong><\/p>\n<p>        Publi\u00e9 le<\/p>\n<p>            20 avr. 2025 \u00e0 15h34        <\/p>\n<p>La semaine <strong>du 21 avril 2025<\/strong> marque la fin des vacances scolaires. Apr\u00e8s deux semaines de repos, les \u00e9l\u00e8ves vont retrouver le chemin de l\u2019\u00e9cole ce mardi. Alors <strong>quel temps fera-t-il<\/strong> en <a href=\"https:\/\/actu.fr\/76actu\/\" target=\"_blank\" rel=\"noopener\">Seine-Maritime<\/a> entre lundi et dimanche ? 76actu faut le point sur les pr\u00e9visions m\u00e9t\u00e9o.<\/p>\n<p>Une semaine plut\u00f4t grise\u2026<\/p>\n<p class=\" wall-content\">C\u2019est malheureusement <strong>sous les nuages et les averses<\/strong> que la majeure partie de la semaine se d\u00e9roulera. Si le soleil tentera des perc\u00e9es ci et l\u00e0 \u2013 notamment mardi et vendredi \u2013 , il ne devrait pas faire vraiment le poids face \u00e0 la grisaille.<\/p>\n<p class=\" wall-content\">Il faudra <strong>attendre la fin de semaine pour que le ciel ensoleill\u00e9 s\u2019impose<\/strong>. D\u00e8s vendredi apr\u00e8s-midi, M\u00e9t\u00e9o France pr\u00e9voit en effet une am\u00e9lioration qui devrait se confirmer pour le week-end.<\/p>\n<p class=\" wall-content\"><strong>C\u00f4t\u00e9 temp\u00e9ratures<\/strong>, comptez entre 9 et 15\u00b0C le matin et entre 12 et 17\u00b0C.<\/p>\n<p>Et apr\u00e8s ?<\/p>\n<p class=\" wall-content\">Quelle est la <strong>tendance pour la semaine suivante<\/strong> ? Selon M\u00e9t\u00e9o France, \u00ab\u00a0la semaine est g\u00e9n\u00e9ralement s\u00e8che\u00a0\u00bb. \u00ab\u00a0Des averses peuvent parfois se d\u00e9velopper en journ\u00e9e sur le sud du pays et principalement en montagne. Les temp\u00e9ratures sont l\u00e9g\u00e8rement au-dessus des normales de saison.\u00a0\u00bb<\/p>\n<p>Suivez l\u2019actualit\u00e9 du <a href=\"https:\/\/www.whatsapp.com\/channel\/0029VaFqJYE8aKvLBwVrEe0o\" target=\"_blank\" rel=\"noopener\">Havre<\/a> et de <a href=\"https:\/\/www.whatsapp.com\/channel\/0029VaKfnf99hXF2ddApFB1D\" target=\"_blank\" rel=\"noopener\">Rouen<\/a> sur nos cha\u00eenes WhatsApp et sur <a href=\"https:\/\/www.tiktok.com\/@76actu.fr?lang=fr\" target=\"_blank\" rel=\"noopener\">notre compte TikTok<\/a>Vid\u00e9os : en ce moment sur Actu<\/p>\n<p class=\" wall-content\">Suivez toute l\u2019actualit\u00e9 de vos villes et m\u00e9dias favoris en vous inscrivant \u00e0 <a href=\"https:\/\/moncompte.actu.fr\" title=\"D\u00e9couvez Mon Actu\" rel=\"nofollow noopener\" data-trk=\"{&quot;cta&quot;:{&quot;action&quot;:&quot;https:\\\/\\\/moncompte.actu.fr&quot;,&quot;category&quot;:&quot;mon compte&quot;,&quot;from&quot;:&quot;article footer&quot;,&quot;name&quot;:&quot;Mon actu&quot;,&quot;type&quot;:&quot;cta&quot;}}\" target=\"_blank\">Mon Actu<\/a>.<\/p>\n<p>                    <script async src=\"\/\/www.tiktok.com\/embed.js\"><\/script><\/p>\n","protected":false},"excerpt":{"rendered":"Par Vanessa Leroy Publi\u00e9 le 20 avr. 2025 \u00e0 15h34 La semaine du 21 avril 2025 marque la&hellip;\n","protected":false},"author":2,"featured_media":39920,"comment_status":"","ping_status":"","sticky":false,"template":"","format":"standard","meta":{"footnotes":""},"categories":[9587],"tags":[1111,11,1129,1777,674,1011,27,2357,12,5161,25,9590,104],"class_list":{"0":"post-39919","1":"post","2":"type-post","3":"status-publish","4":"format-standard","5":"has-post-thumbnail","7":"category-rouen","8":"tag-actu","9":"tag-actualites","10":"tag-climat","11":"tag-eu","12":"tag-europe","13":"tag-fr","14":"tag-france","15":"tag-meteo-france","16":"tag-news","17":"tag-normandie","18":"tag-republique-francaise","19":"tag-rouen","20":"tag-societe"},"share_on_mastodon":{"url":"https:\/\/pubeurope.com\/@fr\/114372548015997844","error":""},"_links":{"self":[{"href":"https:\/\/www.europesays.com\/fr\/wp-json\/wp\/v2\/posts\/39919","targetHints":{"allow":["GET"]}}],"collection":[{"href":"https:\/\/www.europesays.com\/fr\/wp-json\/wp\/v2\/posts"}],"about":[{"href":"https:\/\/www.europesays.com\/fr\/wp-json\/wp\/v2\/types\/post"}],"author":[{"embeddable":true,"href":"https:\/\/www.europesays.com\/fr\/wp-json\/wp\/v2\/users\/2"}],"replies":[{"embeddable":true,"href":"https:\/\/www.europesays.com\/fr\/wp-json\/wp\/v2\/comments?post=39919"}],"version-history":[{"count":0,"href":"https:\/\/www.europesays.com\/fr\/wp-json\/wp\/v2\/posts\/39919\/revisions"}],"wp:featuredmedia":[{"embeddable":true,"href":"https:\/\/www.europesays.com\/fr\/wp-json\/wp\/v2\/media\/39920"}],"wp:attachment":[{"href":"https:\/\/www.europesays.com\/fr\/wp-json\/wp\/v2\/media?parent=39919"}],"wp:term":[{"taxonomy":"category","embeddable":true,"href":"https:\/\/www.europesays.com\/fr\/wp-json\/wp\/v2\/categories?post=39919"},{"taxonomy":"post_tag","embeddable":true,"href":"https:\/\/www.europesays.com\/fr\/wp-json\/wp\/v2\/tags?post=39919"}],"curies":[{"name":"wp","href":"https:\/\/api.w.org\/{rel}","templated":true}]}}