{"id":399190,"date":"2025-09-18T05:30:22","date_gmt":"2025-09-18T05:30:22","guid":{"rendered":"https:\/\/www.europesays.com\/fr\/399190\/"},"modified":"2025-09-18T05:30:22","modified_gmt":"2025-09-18T05:30:22","slug":"podcast-radio-scoop-explore-episode-3-chantage-a-la-mairie-de-saint-etienne","status":"publish","type":"post","link":"https:\/\/www.europesays.com\/fr\/399190\/","title":{"rendered":"PODCAST &#8211; Radio SCOOP Explore, \u00e9pisode 3 : \u00ab\u00a0Chantage \u00e0 la mairie de Saint-\u00c9tienne\u00a0\u00bb"},"content":{"rendered":"<p>Nouveaut\u00e9 de la rentr\u00e9e : chaque semaine, la r\u00e9daction de Radio SCOOP vous propose un \u00e9pisode de 5 \u00e0 8 minutes pour creuser un sujet d&rsquo;actualit\u00e9 locale. \u00c9pisode 3 : chantage \u00e0 la mairie de Saint-\u00c9tienne. Un retour sur \u00ab\u00a0l&rsquo;affaire Ga\u00ebl Perdriau\u00a0\u00bb.<\/p>\n<p>C&rsquo;est l&rsquo;histoire d&rsquo;une folle machination. Lundi 22 septembre, \u00e0 Lyon, s&rsquo;ouvrira le proc\u00e8s d&rsquo;une incroyable affaire de chantage pr\u00e9sum\u00e9 \u00e0 la mairie de Saint-\u00c9tienne.<\/p>\n<p>Pour comprendre cette histoire rocambolesque, le troisi\u00e8me \u00e9pisode de Radio SCOOP Explore vous faire revivre tous les rebondissements de <b>\u00ab\u00a0l&rsquo;affaire Perdriau\u00a0\u00bb<\/b>.<\/p>\n<p>Un complot \u00e0 la mairie de Saint-\u00c9tienne ?<\/p>\n<p>Tout commence <b>en ao\u00fbt 2022<\/b>. En cette fin d&rsquo;\u00e9t\u00e9, <b>Mediapart <\/b>publie une enqu\u00eate qui va faire l&rsquo;effet d&rsquo;une bombe : <b>Ga\u00ebl Perdriau<\/b>, le maire de Saint-\u00c9tienne et plusieurs membres de son entourage, sont accus\u00e9s d&rsquo;avoir organis\u00e9 un complot contre <b>Gilles Artigues<\/b>.<\/p>\n<p>Ce premier adjoint, consid\u00e9r\u00e9 comme un rival potentiel, va alors se faire pi\u00e9ger. Il se retrouve dans une chambre d&rsquo;h\u00f4tel \u00e0 Paris, en compagnie d&rsquo;un escort-boy, film\u00e9 \u00e0 son insu.<\/p>\n<p>La vid\u00e9o compromettante aurait ensuite \u00e9t\u00e9 utilis\u00e9e comme moyen de pression contre Gilles Artigues\u2026<\/p>\n<p>L&rsquo;\u00e9pisode 3 du podcast Radio SCOOP Explore est \u00e0 <a class=\"url\" href=\"https:\/\/www.radioscoop.com\/player\/\" target=\"_blank\" rel=\"noopener\">\u00e9couter ici<\/a> (\u00e0 retrouver dans la liste des podcasts).<br \/><b>Intervenants :<\/b> Antton Rouget, journaliste pour Mediapart ; Gilles Rossary-Lenglet, membre pr\u00e9sum\u00e9 du complot et auteur des r\u00e9v\u00e9lations ; Ma\u00eetre Jean-F\u00e9lix Luciani, avocat de Ga\u00ebl Perdriau ; Ma\u00eetre Andr\u00e9 Buffard, avocat de Gilles Artigues ; Archives (France 5, BFM TV, Radio SCOOP)<\/p>\n<p><img loading=\"lazy\" decoding=\"async\" src=\"https:\/\/www.europesays.com\/fr\/wp-content\/uploads\/2025\/09\/1758173422_221_img\" width=\"350\" height=\"200\" border=\"0\" title=\"Radio SCOOP Explore, le podcast de la r\u00c3\u00a9daction.\"\/><\/p>\n<p>\u25baSoci\u00e9t\u00e9<\/p>\n<p style=\"font-size: 22px;\"><b>[Podcast] Radio SCOOP Explore, \u00e9pisode 2 : Saint-Romain-en-Gal, le paradis des arch\u00e9ologues<\/b><\/p>\n<p>Nouveaut\u00e9 de la rentr\u00e9e : chaque semaine, la r\u00e9daction&#8230;<\/p>\n<p><\/p>\n","protected":false},"excerpt":{"rendered":"Nouveaut\u00e9 de la rentr\u00e9e : chaque semaine, la r\u00e9daction de Radio SCOOP vous propose un \u00e9pisode de 5&hellip;\n","protected":false},"author":2,"featured_media":399191,"comment_status":"","ping_status":"","sticky":false,"template":"","format":"standard","meta":{"footnotes":""},"categories":[9653],"tags":[1111,11,2430,8841,1777,674,1011,27,12,24321,3725,16338,53094,25,9920,4001,48100],"class_list":{"0":"post-399190","1":"post","2":"type-post","3":"status-publish","4":"format-standard","5":"has-post-thumbnail","7":"category-saint-etienne","8":"tag-actu","9":"tag-actualites","10":"tag-auvergne-rhone-alpes","11":"tag-chantage","12":"tag-eu","13":"tag-europe","14":"tag-fr","15":"tag-france","16":"tag-news","17":"tag-perdriau","18":"tag-podcast","19":"tag-radio-scoop","20":"tag-radio-scoop-explore","21":"tag-republique-francaise","22":"tag-saint-tienne","23":"tag-saint-etienne","24":"tag-sextape"},"share_on_mastodon":{"url":"https:\/\/pubeurope.com\/@fr\/115223660080664421","error":""},"_links":{"self":[{"href":"https:\/\/www.europesays.com\/fr\/wp-json\/wp\/v2\/posts\/399190","targetHints":{"allow":["GET"]}}],"collection":[{"href":"https:\/\/www.europesays.com\/fr\/wp-json\/wp\/v2\/posts"}],"about":[{"href":"https:\/\/www.europesays.com\/fr\/wp-json\/wp\/v2\/types\/post"}],"author":[{"embeddable":true,"href":"https:\/\/www.europesays.com\/fr\/wp-json\/wp\/v2\/users\/2"}],"replies":[{"embeddable":true,"href":"https:\/\/www.europesays.com\/fr\/wp-json\/wp\/v2\/comments?post=399190"}],"version-history":[{"count":0,"href":"https:\/\/www.europesays.com\/fr\/wp-json\/wp\/v2\/posts\/399190\/revisions"}],"wp:featuredmedia":[{"embeddable":true,"href":"https:\/\/www.europesays.com\/fr\/wp-json\/wp\/v2\/media\/399191"}],"wp:attachment":[{"href":"https:\/\/www.europesays.com\/fr\/wp-json\/wp\/v2\/media?parent=399190"}],"wp:term":[{"taxonomy":"category","embeddable":true,"href":"https:\/\/www.europesays.com\/fr\/wp-json\/wp\/v2\/categories?post=399190"},{"taxonomy":"post_tag","embeddable":true,"href":"https:\/\/www.europesays.com\/fr\/wp-json\/wp\/v2\/tags?post=399190"}],"curies":[{"name":"wp","href":"https:\/\/api.w.org\/{rel}","templated":true}]}}