{"id":399203,"date":"2025-09-18T05:39:13","date_gmt":"2025-09-18T05:39:13","guid":{"rendered":"https:\/\/www.europesays.com\/fr\/399203\/"},"modified":"2025-09-18T05:39:13","modified_gmt":"2025-09-18T05:39:13","slug":"direct-blocage-circulation-actions-suivez-la-greve-du-18-septembre-au-havre-et-a-rouen","status":"publish","type":"post","link":"https:\/\/www.europesays.com\/fr\/399203\/","title":{"rendered":"Direct. Blocage, circulation, actions&#8230; suivez la gr\u00e8ve du 18 septembre au Havre et \u00e0 Rouen"},"content":{"rendered":"<p>            Par<br \/>\n        <strong><br \/>\n            <a href=\"https:\/\/actu.fr\/auteur\/thomas-rideau\" title=\"Consulter tous les articles de Thomas Rideau\" target=\"_blank\" rel=\"noopener\">Thomas Rideau<\/a><br \/>\n        <\/strong><\/p>\n<p>        Publi\u00e9 le<\/p>\n<p>            18 sept. 2025 \u00e0 6h26<br \/>\n        ; mis \u00e0 jour le 18 sept. 2025 \u00e0 7h35    <\/p>\n<p>Est-ce que<strong> les manifestations seront importantes ?<\/strong> Des routes seront-elles bloqu\u00e9es ? Toute la journ\u00e9e, <strong>des actions<\/strong> sont pr\u00e9vues au <a href=\"https:\/\/actu.fr\/normandie\/le-havre_76351\" target=\"_blank\" rel=\"noopener\">Havre<\/a> et \u00e0 <a href=\"https:\/\/actu.fr\/normandie\/rouen_76540\" target=\"_blank\" rel=\"noopener\">Rouen (Seine-Maritime)<\/a>. \u00c9coles, transports, pharmacies, services publics\u2026 Les perturbations risquent d\u2019\u00eatre importantes. Suivez avec nous cette journ\u00e9e de mobilisation en direct.<\/p>\n<p class=\" wall-content\"><strong>07h30 \u2014 Des bacs \u00e0 l\u2019arr\u00eat<\/strong><\/p>\n<p class=\" wall-content\">En raison du mouvement social, plusieurs bacs pour traverser la Seine sont \u00e0 l\u2019arr\u00eat, informe <a href=\"https:\/\/www.inforoute76.fr\/\" target=\"_blank\" rel=\"noopener\">Inforoute76<\/a> : Dieppedalle, Petit-Couronne, Mesnil-sous-Jumi\u00e8ges. Le fonctionnement des autres pourraient \u00eatre perturb\u00e9.\u00a0<\/p>\n<p>    <img   decoding=\"async\" loading=\"lazy\" src=\"https:\/\/www.europesays.com\/fr\/wp-content\/uploads\/2025\/09\/bac-duclair-seine-maritime-rouen-960x640.jpg\" alt=\"Le fonctionnement des bacs pour traverser la Seine est perturb\u00e9, jeudi 18 septembre 2025. \" width=\"960\" height=\"640\"\/><br \/>\n    Le fonctionnement des bacs pour traverser la Seine est perturb\u00e9, jeudi 18 septembre 2025. (\u00a9Archives\/FM\/76actu)<\/p>\n<p class=\" wall-content\"><strong>07h10 \u2014 Perturbations dans les trains normands<\/strong><\/p>\n<p class=\" wall-content\">La circulation sur le r\u00e9seau Nomad est perturb\u00e9e. Retrouvez tous les d\u00e9tails ci-dessous :\u00a0<\/p>\n<p class=\" wall-content\">\n<p class=\" wall-content\"><strong>06h45 \u2014 \u00a0Les premiers blocages se mettent en place<\/strong><\/p>\n<p class=\" wall-content\">Dans l\u2019agglo havraise, les premiers manifestants arrivent au rond-point de la Br\u00e8que.\u00a0<\/p>\n<p>    <a href=\"https:\/\/www.facebook.com\/plugins\/post.php?href=https%3A%2F%2Fwww.facebook.com%2FInfosTraficLeHavre%2Fposts%2Fpfbid0f5rx8WfpjEPvrHSkkVK91UoscAeeUjv84LqmKNWntAAR1nB9hh5Nzg5x22pWonW9l&amp;show_text=true&amp;width=350\" title=\"Ouvrie le lien\" target=\"_blank\" rel=\"noopener\">Cliquez ici pour visualiser le contenu<\/a><\/p>\n<p class=\" wall-content\"><strong>06h00 \u2013 \u00c0 quoi s\u2019attendre \u00e0 Rouen et au\u00a0Havre\u2009?<\/strong><\/p>\n<p class=\" wall-content\"><strong>\u00c0 Rouen :<\/strong> une manifestation s\u2019\u00e9lancera depuis<strong> le Cour Clemenceau<\/strong> \u00e0 Rouen. Le rendez-vous est donn\u00e9 \u00e0 10h par l\u2019intersyndicale, pour un d\u00e9part \u00e0 10h30. Le cort\u00e8ge d\u00e9filera dans plusieurs rues de Rouen avant de s\u2019arr\u00eater en face de l\u2019h\u00f4tel de ville.<\/p>\n<p class=\" wall-content\">De tr\u00e8s nombreuses \u00e9coles seront ferm\u00e9es. La Ville de Rouen a recens\u00e9 sur\u00a0son site internet\u00a0la liste de toutes <a href=\"https:\/\/rouen.fr\/breve\/2025\/09\/perturbations-dans-ecoles-municipales-jeudi-18-septembre-2025\" target=\"_blank\" rel=\"noopener\">les \u00e9coles maternelles et \u00e9l\u00e9mentaires<\/a> impact\u00e9es.<\/p>\n<p>Votre r\u00e9gion, votre actu !<\/p>\n<p>Recevez chaque jour les infos qui comptent pour vous.<\/p>\n<p>\t<a href=\"https:\/\/actu.fr\/newsletter\" class=\"ac-btn ac-btn--corner ac-btn--medium ac-btn--blue800\" target=\"_blank\" rel=\"noopener\">S&rsquo;incrire<\/a><\/p>\n<p class=\" wall-content\"><strong>Au Havre :<\/strong> les actions <a href=\"https:\/\/actu.fr\/normandie\/le-havre_76351\/greve-du-18-septembre-manifestations-transports-ecoles-a-quoi-s-attendre-au-havre_63164172.html\" target=\"_blank\" rel=\"noopener\">seront plus matinales<\/a>. L\u2019Union locale d\u2019Harfleur appelle \u00e0 un premier rassemblement \u00e0<strong> 6h<\/strong>, places d\u2019armes \u00e0 Harfleur pour \u00ab\u2009une action\u2009\u00bb avec un retour sur la place harfleuraise pr\u00e9vue \u00e0 9h. \u00c0 10\u2009h, un rassemblement de l\u2019intersyndicale devant la maison des Syndicats est pr\u00e9vu au Havre, avant, \u00e0 <strong>10h30<\/strong>, le d\u00e9part de la manifestation qui ira cours de la r\u00e9publique, le quai Colbert, le quai Frissard, et retour \u00e0 la gare.<\/p>\n<p>Suivez l\u2019actualit\u00e9 sur notre cha\u00eene WhatsApp \u00e0 <a href=\"https:\/\/www.whatsapp.com\/channel\/0029VaKfnf99hXF2ddApFB1D\" target=\"_blank\" rel=\"noopener\">Rouen<\/a>, au <a href=\"https:\/\/www.whatsapp.com\/channel\/0029VaFqJYE8aKvLBwVrEe0o\" target=\"_blank\" rel=\"noopener\">Havre<\/a> et sur notre <a href=\"https:\/\/www.tiktok.com\/@76actu.fr?lang=fr\" target=\"_blank\" rel=\"noopener\">compte TikTok<\/a><\/p>\n<p class=\" wall-content\">Personnalisez votre actualit\u00e9 en ajoutant vos villes et m\u00e9dias en favori avec <a href=\"https:\/\/moncompte.actu.fr\" title=\"D\u00e9couvez Mon Actu\" rel=\"nofollow noopener\" data-trk=\"{&quot;cta&quot;:{&quot;action&quot;:&quot;https:\\\/\\\/moncompte.actu.fr&quot;,&quot;category&quot;:&quot;mon compte&quot;,&quot;from&quot;:&quot;article footer&quot;,&quot;name&quot;:&quot;Mon actu&quot;,&quot;type&quot;:&quot;cta&quot;}}\" target=\"_blank\">Mon Actu<\/a>.<\/p>\n<p>                    <script async src=\"\/\/www.tiktok.com\/embed.js\"><\/script><\/p>\n","protected":false},"excerpt":{"rendered":"Par Thomas Rideau Publi\u00e9 le 18 sept. 2025 \u00e0 6h26 ; mis \u00e0 jour le 18 sept. 2025&hellip;\n","protected":false},"author":2,"featured_media":399204,"comment_status":"","ping_status":"","sticky":false,"template":"","format":"standard","meta":{"footnotes":""},"categories":[9587],"tags":[1111,11,1777,674,1011,27,52713,1272,12,5161,25,9590,104],"class_list":{"0":"post-399203","1":"post","2":"type-post","3":"status-publish","4":"format-standard","5":"has-post-thumbnail","7":"category-rouen","8":"tag-actu","9":"tag-actualites","10":"tag-eu","11":"tag-europe","12":"tag-fr","13":"tag-france","14":"tag-greve-du-18-septembre","15":"tag-manifestations","16":"tag-news","17":"tag-normandie","18":"tag-republique-francaise","19":"tag-rouen","20":"tag-societe"},"share_on_mastodon":{"url":"https:\/\/pubeurope.com\/@fr\/115223695615786633","error":""},"_links":{"self":[{"href":"https:\/\/www.europesays.com\/fr\/wp-json\/wp\/v2\/posts\/399203","targetHints":{"allow":["GET"]}}],"collection":[{"href":"https:\/\/www.europesays.com\/fr\/wp-json\/wp\/v2\/posts"}],"about":[{"href":"https:\/\/www.europesays.com\/fr\/wp-json\/wp\/v2\/types\/post"}],"author":[{"embeddable":true,"href":"https:\/\/www.europesays.com\/fr\/wp-json\/wp\/v2\/users\/2"}],"replies":[{"embeddable":true,"href":"https:\/\/www.europesays.com\/fr\/wp-json\/wp\/v2\/comments?post=399203"}],"version-history":[{"count":0,"href":"https:\/\/www.europesays.com\/fr\/wp-json\/wp\/v2\/posts\/399203\/revisions"}],"wp:featuredmedia":[{"embeddable":true,"href":"https:\/\/www.europesays.com\/fr\/wp-json\/wp\/v2\/media\/399204"}],"wp:attachment":[{"href":"https:\/\/www.europesays.com\/fr\/wp-json\/wp\/v2\/media?parent=399203"}],"wp:term":[{"taxonomy":"category","embeddable":true,"href":"https:\/\/www.europesays.com\/fr\/wp-json\/wp\/v2\/categories?post=399203"},{"taxonomy":"post_tag","embeddable":true,"href":"https:\/\/www.europesays.com\/fr\/wp-json\/wp\/v2\/tags?post=399203"}],"curies":[{"name":"wp","href":"https:\/\/api.w.org\/{rel}","templated":true}]}}