{"id":399211,"date":"2025-09-18T05:43:13","date_gmt":"2025-09-18T05:43:13","guid":{"rendered":"https:\/\/www.europesays.com\/fr\/399211\/"},"modified":"2025-09-18T05:43:13","modified_gmt":"2025-09-18T05:43:13","slug":"la-programmation-de-la-47e-edition","status":"publish","type":"post","link":"https:\/\/www.europesays.com\/fr\/399211\/","title":{"rendered":"la programmation de la 47e \u00e9dition"},"content":{"rendered":"<p>            Par<br \/>\n        <strong><br \/>\n            <a href=\"https:\/\/actu.fr\/auteur\/brian-legoff\" title=\"Consulter tous les articles de Brian Le Goff\" rel=\"nofollow noopener\" target=\"_blank\">Brian Le Goff<\/a><br \/>\n        <\/strong><\/p>\n<p>        Publi\u00e9 le<\/p>\n<p>            18 sept. 2025 \u00e0 6h32        <\/p>\n<p>Les 47\u1d49 Rencontres <a href=\"https:\/\/actu.fr\/bretagne\/rennes_35238\/trans-musicales-2024-a-rennes-voici-les-artistes-a-ne-pas-manquer-sur-scene-en-decembre_61628344.html\" rel=\"nofollow noopener\" target=\"_blank\">Trans Musicales<\/a> arrivent dans moins de trois mois \u00e0 Rennes. Pendant cinq jours, le festival <strong>offre la possibilit\u00e9 au public de faire un tour du monde de la musique actuelle, et <\/strong><strong>de d\u00e9couvrir de nombreux artistes<\/strong> qui deviendront s\u00fbrement des t\u00eates d\u2019affiche. <strong>\u00c0 l\u2019image de Stromae, en 2009,<\/strong> accueilli alors qu\u2019il venait juste de sortir son premier titre iconique \u00ab\u2009Alors on danse\u2009\u00bb.<\/p>\n<p class=\" wall-content\">Mardi 16\u00a0septembre 2025, dans une salle de la Cit\u00e9 blind\u00e9e, en plein c\u0153ur de la capitale bretonne,<strong> Jean-Louis Brossard,<\/strong> cofondateur du festival et programmateur, <strong>Th\u00e9o Muller,<\/strong> charg\u00e9 de programmation, et <strong>Erwan Gouadec,<\/strong> directeur d\u00e9l\u00e9gu\u00e9, ont pr\u00e9sent\u00e9 40 noms qui composent entre autres l\u2019affiche de cette ann\u00e9e.<\/p>\n<p class=\" wall-content\">En 2025, ce ne sont pas moins de <strong>77 artistes, groupes ou DJs,<\/strong> venus de tous les continents et de <strong>40 origines<\/strong> g\u00e9ographiques et culturelles diff\u00e9rentes, qui ambianceront plusieurs lieux \u00e0 Rennes et aux alentours, notamment au Parc Expo pour les soir\u00e9es du jeudi, vendredi et samedi.<\/p>\n<p class=\" wall-content\"><a href=\"https:\/\/actu.fr\/rennes\/\" rel=\"nofollow noopener\" target=\"_blank\">Actu Rennes<\/a> vous pr\u00e9sente <strong>quelques-uns des artistes<\/strong> de cette programmation 2025.<\/p>\n<p>Manu Le Malin en B2B avec Somniac One<\/p>\n<p class=\" wall-content\">Il cl\u00f4turera le hall 5, le plus gros du festival, dimanche 7\u00a0d\u00e9cembre 2025 \u00e0 l\u2019aube, la \u00ab\u2009r\u00e9f\u00e9rence absolue\u2009\u00bb du hardcore en techno, <strong>Manu Le Malin<\/strong> se produira en back to back avec l\u2019artiste lituanienne <strong>Somniac One<\/strong>.<\/p>\n<p class=\" wall-content\">\n<p>Odoneila<\/p>\n<p class=\" wall-content\">Pour Th\u00e9o Muller, elle est<strong> \u00ab\u2009la nouvelle Th\u00e9odora de Rennes\u2009\u00bb<\/strong>. Entre le R&amp;B contemporain, hip-hop, rock et plus largement pop, l\u2019artiste Rennaise Odoneila \u00ab\u2009navigue entre chant, rap et souffle po\u00e9tique\u2009\u00bb, selon les organisateurs du festival.<\/p>\n<p class=\" wall-content\">\n<p>La Ni\u00f1a<\/p>\n<p class=\" wall-content\">Projet de la chanteuse et autrice-compositrice napolitaine<strong> Carola Moccia<\/strong>. Incorporant le <strong>dialecte napolitain sous influence espagnole<\/strong>, \u00ab\u2009elle fait dialoguer les traditions de sa ville avec la production musicale de notre \u00e9poque\u2009\u00bb sur des <strong>m\u00e9lodies et des rythmes<\/strong> napolitains, <strong>arabisants<\/strong> et plus largement m\u00e9diterran\u00e9ens.<\/p>\n<p class=\" wall-content\">\n<p>Votre r\u00e9gion, votre actu !<\/p>\n<p>Recevez chaque jour les infos qui comptent pour vous.<\/p>\n<p>\t<a href=\"https:\/\/actu.fr\/newsletter\" class=\"ac-btn ac-btn--corner ac-btn--medium ac-btn--blue800\" rel=\"nofollow noopener\" target=\"_blank\">S&rsquo;incrire<\/a><br \/>\nDeux cr\u00e9ations<\/p>\n<p class=\" wall-content\">Comme chaque ann\u00e9e depuis 1997,<strong> en coproduction avec L\u2019Aire Libre<\/strong> \u00e0 Saint-Jacques-de-la-Lande, le festival accompagne les cr\u00e9ations. Apr\u00e8s Zaho de Sagazan en 2022, Yam\u00ea en 2023 et Candeur Cyclone en 2024, ce sera<strong> pour la premi\u00e8re fois deux artistes qui m\u00e8neront leur projet de cr\u00e9ation en r\u00e9sidence<\/strong> dans ce lieu, \u00e0 la fois en solo, mais aussi ensemble, durant les cinq jours du festival\u2009:<\/p>\n<p class=\" wall-content\">Artiste d\u2019une g\u00e9n\u00e9ration dans laquelle<strong> les genres se m\u00e9langent,<\/strong> Asfar Shamsi a d\u00e9j\u00e0 sorti un premier EP en 2023, Au revoir F\u00e9vrier, puis sort en 2025 Le dilemme du h\u00e9risson, compos\u00e9 de neuf titres. Inscrite dans la mouvance d\u2019une <strong>pop \u00ab\u2009post-rap\u2009\u00bb<\/strong> sans fronti\u00e8res, elle pose, avec son <strong>dernier single 2006, un regard nostalgique<\/strong> sur une p\u00e9riode qui parle forc\u00e9ment \u00e0 toutes celles et <strong>ceux qui ont \u00ab\u2009pleur\u00e9 pour un penalty\u2009\u00bb<\/strong> manqu\u00e9 cette ann\u00e9e-l\u00e0.<\/p>\n<p class=\" wall-content\">\n<p class=\" wall-content\">Originaire de Reims, mais Lilloise de c\u0153ur, Lynx IRL est <strong>\u00ab\u2009une chose que l\u2019on voulait montrer\u2009\u00bb<\/strong> au festival, pr\u00e9cisent les programmateurs, qui la qualifient de <strong>rappeuse au flow agile<\/strong>. \u00ab\u2009Une v\u00e9ritable tornade sc\u00e9nique dont les textes suivent son credo \u00e0 la lettre\u2009: \u2018La curiosit\u00e9 d\u2019une enfant, l\u2019insolence d\u2019une ado et les angoisses d\u2019une adulte\u2019.\u2009\u00bb<\/p>\n<p class=\" wall-content\">\n<p class=\" wall-content\">Retrouvez <a href=\"https:\/\/www.lestrans.com\/programmation\/\" rel=\"nofollow noopener\" target=\"_blank\">l\u2019ensemble de la programmation sur le site du festival<\/a>.<\/p>\n<p>La billetterie ouverte<\/p>\n<p class=\" wall-content\">La billetterie est ouverte depuis mardi 16\u00a0septembre. Voici les tarifs (fors frais de location) pour cette ann\u00e9e 2025\u2009:<\/p>\n<ul class=\" wall-content\">\n<li><strong>Parc Expo \u2013 Pass 3\u00a0jours\u2009: 83\u00a0euros, tarif plein\u2009;<\/strong> 73\u00a0euros, tarif r\u00e9duit\u2009; 62\u00a0euros, carte curieuse\u2009; 35\u00a0euros, carte Sortir\u2009!\u2009;<\/li>\n<li><strong>Parc Expo \u2013 Pass week-end\u2009: 62\u00a0euros, tarif plein\u2009;<\/strong> 54\u00a0euros, tarif r\u00e9duit\u2009; 26\u00a0euros, carte Sortir\u2009!\u2009;<\/li>\n<li><strong>Parc Expo \u2013 Billet jeudi\u2009: 28\u00a0euros, tarif plein\u2009;<\/strong> 21\u00a0euros, tarif r\u00e9duit\u2009; 18\u00a0euros, carte curieuse\u2009; 9\u00a0euros, carte Sortir\u2009!\u2009;<\/li>\n<li><strong>Parc Expo \u2013 Billet vendredi ou samedi\u2009: 39\u00a0euros, tarif plein\u2009;<\/strong> 29\u00a0euros, tarif r\u00e9duit\u2009; 26\u00a0euros, carte curieuse\u2009; 13\u00a0euros, carte Sortir\u2009!\u2009;<\/li>\n<li><strong>Salle de la Cit\u00e9 \u2013 mercredi, soir\u00e9e d\u2019ouverture\u2009: 19\u00a0euros, tarif plein\u2009;<\/strong> 16\u00a0euros, tarif r\u00e9duit\u2009; 14\u00a0euros, carte curieuse\u2009; 5\u00a0euros, carte Sortir\u2009!\u2009;<\/li>\n<li><strong>L\u2019Aire Libre\u2009: 16\u00a0euros, tarif plein\u2009;<\/strong> 12\u00a0euros, tarif r\u00e9duit\u2009; 10\u00a0euros, carte curieuse\u2009; 6\u00a0euros, carte Sortir\u2009!\u2009;<\/li>\n<li>L<strong>e Libert\u00e9 et Les Champs Libres \u2013 jeudi, vendredi, samedi\u2009: gratuit.<\/strong><\/li>\n<\/ul>\n<p class=\" wall-content\"><a href=\"https:\/\/www.lestrans.com\/le-festival\/billetterie_trans\/\" rel=\"nofollow noopener\" target=\"_blank\">Acc\u00e8s \u00e0 la billetterie<\/a>.<\/p>\n<p class=\" wall-content\">Personnalisez votre actualit\u00e9 en ajoutant vos villes et m\u00e9dias en favori avec <a href=\"https:\/\/moncompte.actu.fr\" title=\"D\u00e9couvez Mon Actu\" rel=\"nofollow noopener\" data-trk=\"{&quot;cta&quot;:{&quot;action&quot;:&quot;https:\\\/\\\/moncompte.actu.fr&quot;,&quot;category&quot;:&quot;mon compte&quot;,&quot;from&quot;:&quot;article footer&quot;,&quot;name&quot;:&quot;Mon actu&quot;,&quot;type&quot;:&quot;cta&quot;}}\" target=\"_blank\">Mon Actu<\/a>.<\/p>\n","protected":false},"excerpt":{"rendered":"Par Brian Le Goff Publi\u00e9 le 18 sept. 2025 \u00e0 6h32 Les 47\u1d49 Rencontres Trans Musicales arrivent dans&hellip;\n","protected":false},"author":2,"featured_media":399212,"comment_status":"","ping_status":"","sticky":false,"template":"","format":"standard","meta":{"footnotes":""},"categories":[2821],"tags":[1111,11,829,1697,1777,674,849,1011,27,1652,873,12,584,25],"class_list":{"0":"post-399211","1":"post","2":"type-post","3":"status-publish","4":"format-standard","5":"has-post-thumbnail","7":"category-rennes","8":"tag-actu","9":"tag-actualites","10":"tag-bretagne","11":"tag-concert","12":"tag-eu","13":"tag-europe","14":"tag-festival","15":"tag-fr","16":"tag-france","17":"tag-loisirs-culture","18":"tag-musique","19":"tag-news","20":"tag-rennes","21":"tag-republique-francaise"},"share_on_mastodon":{"url":"https:\/\/pubeurope.com\/@fr\/115223711180475708","error":""},"_links":{"self":[{"href":"https:\/\/www.europesays.com\/fr\/wp-json\/wp\/v2\/posts\/399211","targetHints":{"allow":["GET"]}}],"collection":[{"href":"https:\/\/www.europesays.com\/fr\/wp-json\/wp\/v2\/posts"}],"about":[{"href":"https:\/\/www.europesays.com\/fr\/wp-json\/wp\/v2\/types\/post"}],"author":[{"embeddable":true,"href":"https:\/\/www.europesays.com\/fr\/wp-json\/wp\/v2\/users\/2"}],"replies":[{"embeddable":true,"href":"https:\/\/www.europesays.com\/fr\/wp-json\/wp\/v2\/comments?post=399211"}],"version-history":[{"count":0,"href":"https:\/\/www.europesays.com\/fr\/wp-json\/wp\/v2\/posts\/399211\/revisions"}],"wp:featuredmedia":[{"embeddable":true,"href":"https:\/\/www.europesays.com\/fr\/wp-json\/wp\/v2\/media\/399212"}],"wp:attachment":[{"href":"https:\/\/www.europesays.com\/fr\/wp-json\/wp\/v2\/media?parent=399211"}],"wp:term":[{"taxonomy":"category","embeddable":true,"href":"https:\/\/www.europesays.com\/fr\/wp-json\/wp\/v2\/categories?post=399211"},{"taxonomy":"post_tag","embeddable":true,"href":"https:\/\/www.europesays.com\/fr\/wp-json\/wp\/v2\/tags?post=399211"}],"curies":[{"name":"wp","href":"https:\/\/api.w.org\/{rel}","templated":true}]}}