{"id":399215,"date":"2025-09-18T05:45:14","date_gmt":"2025-09-18T05:45:14","guid":{"rendered":"https:\/\/www.europesays.com\/fr\/399215\/"},"modified":"2025-09-18T05:45:14","modified_gmt":"2025-09-18T05:45:14","slug":"au-parlement-europeen-dix-manieres-de-sindigner","status":"publish","type":"post","link":"https:\/\/www.europesays.com\/fr\/399215\/","title":{"rendered":"au Parlement europ\u00e9en, dix mani\u00e8res de s\u2019indigner"},"content":{"rendered":"<p>Samedi\u00a020 et dimanche 21\u00a0septembre, dans le cadre <a href=\"https:\/\/www.dna.fr\/culture-loisirs\/2025\/09\/13\/salome-saque-peuples-racines-guillaume-gallienne-les-bibliotheques-ideales-sont-de-retour\" target=\"_blank\" rel=\"noopener\">des Biblioth\u00e8ques id\u00e9ales<\/a> , les visiteurs pourront participer \u00e0 10 grands d\u00e9bats, concerts et lectures musicales tranquillement assis dans les fauteuils du grand h\u00e9micycle du <a href=\"https:\/\/www.dna.fr\/p\/parlement-europeen\" target=\"_blank\" rel=\"noopener\">Parlement europ\u00e9en<\/a> qui est, ne l\u2019oublions pas, le plus grand parlement d\u00e9mocratique au monde. Notre capacit\u00e9 d\u2019indignation est impossible \u00e0 rassasier\u00a0! <\/p>\n<p>Chacun des participants est invit\u00e9 \u00e0 venir directement au Parlement europ\u00e9en, \u00e0 Strasbourg, muni de sa pi\u00e8ce d\u2019identit\u00e9 pour pouvoir p\u00e9n\u00e9trer dans cette enceinte mythique et assister aux Biblioth\u00e8ques id\u00e9ales. <\/p>\n<p>Ce contenu est bloqu\u00e9 car vous n&rsquo;avez pas accept\u00e9 les cookies et autres traceurs.<\/p>\n<p>En cliquant sur \u00ab J\u2019accepte \u00bb, les cookies et autres traceurs seront d\u00e9pos\u00e9s et vous pourrez visualiser les contenus  (<a href=\"\" class=\"consentModule_policy\" target=\"_blank\" title=\"Consulter la politique de protection des donn\u00e9es du fournisseur\">plus d&rsquo;informations<\/a>).<\/p>\n<p>En cliquant sur \u00ab J\u2019accepte tous les cookies \u00bb, vous autorisez des d\u00e9p\u00f4ts de cookies et autres traceurs pour le stockage de vos donn\u00e9es sur nos sites et applications \u00e0 des fins de personnalisation et de ciblage publicitaire.<\/p>\n<p class=\"consentModule_secondaryText\">Vous gardez la possibilit\u00e9 de retirer votre consentement \u00e0 tout moment en consultant notre <a href=\"https:\/\/www.dna.fr\/protection-des-donnees\" target=\"_blank\" title=\"Consulter notre politique de protection des donn\u00e9es\" rel=\"noopener\">politique de protection des donn\u00e9es<\/a>. <br \/>&#13;<br \/>\n            <a href=\"https:\/\/www.dna.fr\/culture-loisirs\/2025\/09\/18\/javascript:Didomi.notice.show()\" class=\"consentModule_cmp\" target=\"_blank\" rel=\"noopener\">G\u00e9rer mes choix<\/a>&#13;\n        <\/p>\n<p>&#13;<br \/>\n                        J&rsquo;accepte&#13;<br \/>\n            J&rsquo;accepte tous les cookies&#13;\n        <\/p>\n<p>  1. Rencontre avec Rodo Tisnado, l\u2019architecte du Parlement europe\u0301en<\/p>\n<p> Il y a des ba\u0302timents qui marquent une e\u0301poque. Le Parlement europe\u0301en de Strasbourg en fait partie. Derrie\u0300re cette architecture de bois et de me\u0301tal, il y a un nom\u00a0: Rodo Tisnado. Sa venue a\u0300 Strasbourg est exceptionnelle. L\u2019architecte nous partage sa vision d\u2019une architecture au service de la de\u0301mocratie, pense\u0301e comme un espace de lumie\u0300re, de dialogue et d\u2019union. <\/p>\n<p> Samedi, \u00e0 11 \u00a0h.<\/p>\n<p>  2. Concert Cabaret 1920-1940 Voix e\u0301touffe\u0301es<\/p>\n<p>Tout vient du cabaret\u00a0! Les grands mouvements artistiques et la lutte contre les extre\u0301mismes. C\u2019est cette e\u0301volution du monde de la chanson aux confins du lyrique, de l\u2019instrumental et du populaire qui forme le programme de ce concert. Venez entendre <a href=\"https:\/\/www.dna.fr\/culture-loisirs\/2024\/01\/26\/une-musique-politique-au-forum-voix-etouffees\" target=\"_blank\" rel=\"noopener\">le magnifique orchestre des Voix e\u0301touffe\u0301es<\/a> sous la direction de Thomas Tacquet et des solistes prestigieux\u00a0!<\/p>\n<p>Samedi, \u00e0 12h.<\/p>\n<p>  3. Rencontre crois\u00e9e avec Salome\u0301 Saque\u0301 et Victoire Tuaillon, paroles de feu contre pense\u0301es re\u0301signe\u0301es<\/p>\n<p> Face a\u0300 la monte\u0301e inquie\u0301tante des extre\u0301mismes, la jeunesse engage\u0301e dit non au silence et a\u0300 la re\u0301signation. Deux figures fortes incarnent cette re\u0301sistance\u00a0: Salome\u0301 Saque\u0301 et Victoire Tuaillon. Elles refusent que la haine et la peur deviennent le re\u0301cit dominant. Elles sont la\u0300, elles agissent. <\/p>\n<p> Samedi, \u00e0 13h. <\/p>\n<p>  4. Rencontre crois\u00e9e avec Rokhaya Diallo, Nesrine Slaoui et Victoire Tuaillon, combatives et libres<\/p>\n<p> Autrices, journalistes, re\u0301alisatrices, elles sont engage\u0301es sur tous les fronts. Rokhaya Diallo et Nesrine Slaoui font bouger les lignes, bousculent les re\u0301cits, de\u0301noncent sexisme et racisme, et de\u0301fendent une e\u0301galite\u0301 concre\u0300te. Deux voix puissantes dans le paysage me\u0301diatique, re\u0301unies pour un dialogue important aux co\u0302te\u0301s de Victoire Tuaillon, dans l\u2019e\u0301crin de l\u2019he\u0301micycle. <\/p>\n<p>Samedi, \u00e0 14h30.<\/p>\n<p>  5. Rencontre avec <a href=\"https:\/\/www.dna.fr\/p\/kamel-daoud\" target=\"_blank\" rel=\"noopener\">Kamel Daoud<\/a>, il faut parfois trahir<\/p>\n<p> \u00ab\u00a0Toute prise de parole est une prise de risque.\u00a0\u00bb <a href=\"https:\/\/www.dna.fr\/culture-loisirs\/2024\/11\/04\/kamel-daoud-prix-goncourt-2024-pour-houris\" target=\"_blank\" rel=\"noopener\">Le prix Goncourt<\/a> Kamel Daoud incarne un courage de conviction. E\u0301crivain libre, il partagera depuis le Parlement europe\u0301en ses admirations litte\u0301raires et sa bibliothe\u0300que ide\u0301ale, entre refuge, re\u0301sistance et lucidite\u0301. Strasbourg l\u2019a invite\u0301 aux co\u0302te\u0301s de Boualem Sansal pour l\u2019inauguration de Strasbourg, Capitale mondiale du livre, Unesco 2024. Son retour est un e\u0301ve\u0301nement. <\/p>\n<p> Samedi, \u00e0 16h. <\/p>\n<p>  6. Rencontre avec Johann Chapoutot &amp; Daniel Schneidermann, Libres d\u2019obe\u0301ir<\/p>\n<p> Les racines du management moderne dans l\u2019organisation nazie. Dans Libres d\u2019obe\u0301ir (Casterman), Johann Chapoutot et Philippe Girard explorent l\u2019he\u0301ritage nazi du management moderne, entre autonomie encadre\u0301e et hie\u0301rarchie. Plus qu\u2019une lec\u0327on d\u2019histoire, c\u2019est une alerte citoyenne. Spe\u0301cialiste mondial du nazisme, Johann Chapoutot dialogue avec Daniel Schneidermann, journaliste critique-me\u0301dias. <\/p>\n<p><strong> Samedi, \u00e0 17h. <\/strong><\/p>\n<p>  7. Rencontre au sommet Les Peuples Racines<\/p>\n<p> Rencontre inspirante avec les peuples Maya, Betsimisaraka, Kariri-Xoco\u0301, Pe\u0301nan et Amazigh\u00a0: cinq cultures unies par la joie, la paix, la solidarite\u0301 et la pre\u0301servation des savoirs ancestraux pour un avenir durable. En partenariat <a href=\"https:\/\/www.dna.fr\/culture-loisirs\/2025\/09\/12\/peuples-racines-un-4-e-forum-et-un-off-pour-etre-en-joie-du-14-au-28-septembre\" target=\"_blank\" rel=\"noopener\">avec le Forum des Peuples Racines<\/a>. <\/p>\n<p> Dimanche, \u00e0 12h30. <\/p>\n<p>  8. Rencontre avec Delphine Horvilleur, comment se reparler\u00a0?<\/p>\n<p> Parce qu\u2019elle est une personnalite\u0301 influente du de\u0301bat public et intellectuel, la grande voix du judai\u0308sme, une femme engage\u0301e dans la de\u0301fense des valeurs qui de\u0301fend l\u2019universalisme et l\u2019e\u0301galite\u0301, ses prises de parole comptent. Profonde\u0301ment fe\u0301ministe, elle aime les \u0153uvres qui bousculent les certitudes et refusent les clo\u0302tures. Sa bibliothe\u0300que ide\u0301ale est un carrefour d\u2019horizons, d\u2019interrogations plus que de re\u0301ponses. <\/p>\n<p> Dimanche, \u00e0 14h. <\/p>\n<p>  9. Lecture crois\u00e9e Eric-Emmanuel Schmitt, Pierre Assouline, Abdennour Bidar &#8211; Fraternels ou fratricides\u00a0?<\/p>\n<p> Ces trois e\u0301crivains majeurs re\u0301unis au Parlement europe\u0301en liront une correspondance ine\u0301dite entre un juif, un chre\u0301tien et un musulman, pour penser la foi sans haine, ba\u0302tir des ponts entre les religions et dessiner un avenir fraternel. Indispensable\u00a0! En avant-premie\u0300re, de\u0301couvrez dans La traverse\u0301e des Temps\u00a0: Les deux royaumes  (Albin Michel) le nouvel opus d\u2019E\u0301ric-Emmanuel Schmitt. <\/p>\n<p> Dimanche, \u00e0 15h30. <\/p>\n<p>  10. Concert Les Fables de La Fontaine par Jacques Offenbach<\/p>\n<p> Jacques Offenbach de\u0301laisse la satire sociale pour les fables animalie\u0300res de La Fontaine. Six sayne\u0300tes pleines d\u2019humour et de the\u0301a\u0302tralite\u0301, salue\u0301es en leur temps par un public conquis. Rejoignez-nous pour ce concert, entre esprit et le\u0301ge\u0300rete\u0301 avec sur le plateau six musiciens et une come\u0301dienne sous les arrangements d\u2019 Aure\u0301lie Becuwe. En partenariat avec l\u2019Orchestre philharmonique de Strasbourg. <\/p>\n<p> Dimanche, \u00e0 17h30. <\/p>\n<p class=\"note\">Biblioth\u00e8ques id\u00e9ales au Parlement europ\u00e9en, samedi\u00a020 et dimanche 21\u00a0septembre. Entr\u00e9e libre et gratuite.<\/p>\n","protected":false},"excerpt":{"rendered":"Samedi\u00a020 et dimanche 21\u00a0septembre, dans le cadre des Biblioth\u00e8ques id\u00e9ales , les visiteurs pourront participer \u00e0 10 grands&hellip;\n","protected":false},"author":2,"featured_media":399216,"comment_status":"","ping_status":"","sticky":false,"template":"","format":"standard","meta":{"footnotes":""},"categories":[2820],"tags":[1111,11,6211,1687,2880,1777,674,107,1011,27,775,873,12,5486,25,640,2879],"class_list":{"0":"post-399215","1":"post","2":"type-post","3":"status-publish","4":"format-standard","5":"has-post-thumbnail","7":"category-strasbourg","8":"tag-actu","9":"tag-actualites","10":"tag-conference","11":"tag-culture-loisirs","12":"tag-edition-strasbourg","13":"tag-eu","14":"tag-europe","15":"tag-fil-info","16":"tag-fr","17":"tag-france","18":"tag-grand-est","19":"tag-musique","20":"tag-news","21":"tag-rencontre","22":"tag-republique-francaise","23":"tag-strasbourg","24":"tag-strasbourg-ville"},"share_on_mastodon":{"url":"https:\/\/pubeurope.com\/@fr\/115223719015241059","error":""},"_links":{"self":[{"href":"https:\/\/www.europesays.com\/fr\/wp-json\/wp\/v2\/posts\/399215","targetHints":{"allow":["GET"]}}],"collection":[{"href":"https:\/\/www.europesays.com\/fr\/wp-json\/wp\/v2\/posts"}],"about":[{"href":"https:\/\/www.europesays.com\/fr\/wp-json\/wp\/v2\/types\/post"}],"author":[{"embeddable":true,"href":"https:\/\/www.europesays.com\/fr\/wp-json\/wp\/v2\/users\/2"}],"replies":[{"embeddable":true,"href":"https:\/\/www.europesays.com\/fr\/wp-json\/wp\/v2\/comments?post=399215"}],"version-history":[{"count":0,"href":"https:\/\/www.europesays.com\/fr\/wp-json\/wp\/v2\/posts\/399215\/revisions"}],"wp:featuredmedia":[{"embeddable":true,"href":"https:\/\/www.europesays.com\/fr\/wp-json\/wp\/v2\/media\/399216"}],"wp:attachment":[{"href":"https:\/\/www.europesays.com\/fr\/wp-json\/wp\/v2\/media?parent=399215"}],"wp:term":[{"taxonomy":"category","embeddable":true,"href":"https:\/\/www.europesays.com\/fr\/wp-json\/wp\/v2\/categories?post=399215"},{"taxonomy":"post_tag","embeddable":true,"href":"https:\/\/www.europesays.com\/fr\/wp-json\/wp\/v2\/tags?post=399215"}],"curies":[{"name":"wp","href":"https:\/\/api.w.org\/{rel}","templated":true}]}}