{"id":399221,"date":"2025-09-18T05:48:13","date_gmt":"2025-09-18T05:48:13","guid":{"rendered":"https:\/\/www.europesays.com\/fr\/399221\/"},"modified":"2025-09-18T05:48:13","modified_gmt":"2025-09-18T05:48:13","slug":"a-nice-une-grande-braderie-sinstalle-trois-jours-dans-ce-centre-commercial","status":"publish","type":"post","link":"https:\/\/www.europesays.com\/fr\/399221\/","title":{"rendered":"\u00c0 Nice , une grande braderie s&rsquo;installe trois jours dans ce centre commercial"},"content":{"rendered":"<p>            Par<br \/>\n        <strong><br \/>\n            <a href=\"https:\/\/actu.fr\/auteur\/famenta-news\" title=\"Consulter tous les articles de Florine Amenta\" rel=\"nofollow noopener\" target=\"_blank\">Florine Amenta<\/a><br \/>\n        <\/strong><\/p>\n<p>        Publi\u00e9 le<\/p>\n<p>            18 sept. 2025 \u00e0 6h28        <\/p>\n<p>La saison des braderies est lanc\u00e9e ! Une dizaine de jours avant<strong> la grande braderie de Juan-les-Pins<\/strong> (du 26 au 28 septembre) et celle de <strong>Villefranche-sur-Mer<\/strong> le m\u00eame week-end, <a href=\"https:\/\/actu.fr\/nice\/\" rel=\"nofollow noopener\" target=\"_blank\">Nice<\/a> (<a href=\"https:\/\/actu.fr\/provence-alpes-cote-d-azur\/alpes-maritimes_06\" rel=\"nofollow noopener\" target=\"_blank\">Alpes-Maritimes<\/a>), aussi, organise sa braderie.\u00a0<\/p>\n<p>Des promos sur la mode, la d\u00e9co et la culture<\/p>\n<p class=\" wall-content\">Direction le centre commercial de la Plaine du Var, Nice Lingosti\u00e8re. <strong>Du jeudi 18 au samedi 20 septembre<\/strong>, la galerie marchande devient un lieu de f\u00eate. Pendant ces trois jours, la centaine de boutiques de mode, d\u00e9coration, chaussures, culture et alimentation proposeront des <strong>offres promotionnelles<\/strong>.\u00a0<\/p>\n<p>    <a href=\"https:\/\/www.facebook.com\/plugins\/post.php?href=https%3A%2F%2Fwww.facebook.com%2FCentreCommercialNiceLingostiere%2Fposts%2Fpfbid02QM5AaYBTGUUuck42HtZQLW6ssencJP95qgsEzPkkyYtSgY1EPNg1SwEvjVgeXzR2l&amp;show_text=true&amp;width=350\" title=\"Ouvrie le lien\" rel=\"nofollow noopener\" target=\"_blank\">Cliquez ici pour visualiser le contenu<\/a><\/p>\n<p class=\" wall-content\">L\u2019\u00e9v\u00e9nement est organis\u00e9 en partenariat avec la Ville de Nice. Le <strong>samedi 20 septembre<\/strong>, les visiteurs en recherche de bonnes affaires pourront aussi d\u00e9couvrir <strong>l\u2019association des Chiens Guides d\u2019Aveugles<\/strong>, pr\u00e9sente toute la journ\u00e9e sur place. Des b\u00e9n\u00e9voles seront pr\u00e9sents pour r\u00e9pondre \u00e0 toutes les questions et recueillir des dons.<\/p>\n<p class=\" wall-content\">Les boutiques du centre Lingosti\u00e8re sont ouvertes du<strong> lundi au samedi<\/strong> de <strong>9h \u00e0 20h<\/strong>. L\u2019enseigne Carrefour est ouverte du lundi au samedi de 8h \u00e0 21h et le dimanche de 8h \u00e0 12h30.<\/p>\n<p class=\" wall-content\">D\u00e8s les premiers jours de l\u2019automne, de nombreuses braderies sont organis\u00e9es dans les Alpes-Maritimes, comme <strong>le dimanche 5 octobre \u00e0 Vallauris<\/strong> et les <strong>17 et 18 octobre \u00e0 Cannes<\/strong>.<\/p>\n<p class=\" wall-content\">Personnalisez votre actualit\u00e9 en ajoutant vos villes et m\u00e9dias en favori avec <a href=\"https:\/\/moncompte.actu.fr\" title=\"D\u00e9couvez Mon Actu\" rel=\"nofollow noopener\" data-trk=\"{&quot;cta&quot;:{&quot;action&quot;:&quot;https:\\\/\\\/moncompte.actu.fr&quot;,&quot;category&quot;:&quot;mon compte&quot;,&quot;from&quot;:&quot;article footer&quot;,&quot;name&quot;:&quot;Mon actu&quot;,&quot;type&quot;:&quot;cta&quot;}}\" target=\"_blank\">Mon Actu<\/a>.<\/p>\n","protected":false},"excerpt":{"rendered":"Par Florine Amenta Publi\u00e9 le 18 sept. 2025 \u00e0 6h28 La saison des braderies est lanc\u00e9e ! Une&hellip;\n","protected":false},"author":2,"featured_media":399222,"comment_status":"","ping_status":"","sticky":false,"template":"","format":"standard","meta":{"footnotes":""},"categories":[2819],"tags":[1111,11,1261,215,1777,674,3696,1011,27,12,2401,882,25],"class_list":{"0":"post-399221","1":"post","2":"type-post","3":"status-publish","4":"format-standard","5":"has-post-thumbnail","7":"category-nice","8":"tag-actu","9":"tag-actualites","10":"tag-argent","11":"tag-commerce","12":"tag-eu","13":"tag-europe","14":"tag-evenements","15":"tag-fr","16":"tag-france","17":"tag-news","18":"tag-nice","19":"tag-provence-alpes-cote-dazur","20":"tag-republique-francaise"},"share_on_mastodon":{"url":"https:\/\/pubeurope.com\/@fr\/115223730898315104","error":""},"_links":{"self":[{"href":"https:\/\/www.europesays.com\/fr\/wp-json\/wp\/v2\/posts\/399221","targetHints":{"allow":["GET"]}}],"collection":[{"href":"https:\/\/www.europesays.com\/fr\/wp-json\/wp\/v2\/posts"}],"about":[{"href":"https:\/\/www.europesays.com\/fr\/wp-json\/wp\/v2\/types\/post"}],"author":[{"embeddable":true,"href":"https:\/\/www.europesays.com\/fr\/wp-json\/wp\/v2\/users\/2"}],"replies":[{"embeddable":true,"href":"https:\/\/www.europesays.com\/fr\/wp-json\/wp\/v2\/comments?post=399221"}],"version-history":[{"count":0,"href":"https:\/\/www.europesays.com\/fr\/wp-json\/wp\/v2\/posts\/399221\/revisions"}],"wp:featuredmedia":[{"embeddable":true,"href":"https:\/\/www.europesays.com\/fr\/wp-json\/wp\/v2\/media\/399222"}],"wp:attachment":[{"href":"https:\/\/www.europesays.com\/fr\/wp-json\/wp\/v2\/media?parent=399221"}],"wp:term":[{"taxonomy":"category","embeddable":true,"href":"https:\/\/www.europesays.com\/fr\/wp-json\/wp\/v2\/categories?post=399221"},{"taxonomy":"post_tag","embeddable":true,"href":"https:\/\/www.europesays.com\/fr\/wp-json\/wp\/v2\/tags?post=399221"}],"curies":[{"name":"wp","href":"https:\/\/api.w.org\/{rel}","templated":true}]}}