{"id":399224,"date":"2025-09-18T05:50:27","date_gmt":"2025-09-18T05:50:27","guid":{"rendered":"https:\/\/www.europesays.com\/fr\/399224\/"},"modified":"2025-09-18T05:50:27","modified_gmt":"2025-09-18T05:50:27","slug":"les-supporters-du-stade-rennais-interdits-de-paraitre-a-nantes-et-dans-sa-metropole","status":"publish","type":"post","link":"https:\/\/www.europesays.com\/fr\/399224\/","title":{"rendered":"Les supporters du Stade Rennais interdits de para\u00eetre \u00e0 Nantes et dans sa m\u00e9tropole"},"content":{"rendered":"<p>            Par<br \/>\n        <strong><br \/>\n            <a href=\"https:\/\/actu.fr\/auteur\/clemence-pays02-actu-fr\" title=\"Consulter tous les articles de Cl\u00e9mence Pays\" target=\"_blank\" rel=\"noopener\">Cl\u00e9mence Pays<\/a><br \/>\n        <\/strong><\/p>\n<p>        Publi\u00e9 le<\/p>\n<p>            18 sept. 2025 \u00e0 7h06        <\/p>\n<p>Sans surprise, <a href=\"https:\/\/actu.fr\/pays-de-la-loire\/nantes_44109\/fc-nantes-stade-rennais-la-date-du-derby-breton-devoilee-voici-quand-se-jouera-le-match_63104564.html\" target=\"_blank\" rel=\"noopener\">le derby Nantes-Rennes<\/a> \u2013 pr\u00e9vu samedi 20\u00a0septembre 2025, \u00e0 17h \u2013 fait l\u2019objet d\u2019un <strong>arr\u00eat\u00e9 pr\u00e9fectoral,<\/strong> \u00e0 l\u2019encontre des supporters du <a href=\"https:\/\/actu.fr\/tag\/stade-rennais\" target=\"_blank\" rel=\"noopener\">Stade Rennais F.C<\/a>. Cette rencontre est class\u00e9e \u00ab\u2009en <strong>match \u00e0 risque de niveau 4<\/strong> par la division nationale de lutte contre le hooliganisme\u2009\u00bb.<\/p>\n<p class=\" wall-content\">Ainsi, du vendredi 19\u00a0septembre, 18h, au dimanche 21\u00a0septembre, 8h, \u00ab\u2009il est interdit \u00e0 toute personne se pr\u00e9valant de la qualit\u00e9 de supporter du Stade Rennais Football Club ou se comportant comme tel de <strong>circuler, stationner sur la voie publique<\/strong> <strong>dans le p\u00e9rim\u00e8tre des 24\u00a0communes de Nantes M\u00e9tropole\u2009\u00bb.<\/strong><\/p>\n<p>P\u00e9tards, fumig\u00e8nes\u2026 interdits<\/p>\n<p class=\" wall-content\">L\u2019arr\u00eat\u00e9 pr\u00e9fectoral interdit \u00e9galement dans ce m\u00eame p\u00e9rim\u00e8tre, ainsi qu\u2019aux abords et au sein de la Beaujoire, \u00ab\u2009le transport et l\u2019utilisation de tous<strong> p\u00e9tards<\/strong> ou <strong>fumig\u00e8nes, drapeaux<\/strong> et <strong>banderoles<\/strong> dont les inscriptions appellent \u00e0 la provocation, \u00e0 la violence ou \u00e0 la haine et tout objet pouvant \u00eatre utilis\u00e9 comme projectile\u2009\u00bb.<\/p>\n<p class=\" wall-content\">\n<p class=\" wall-content\">Sur son site internet, le <a href=\"https:\/\/actu.fr\/tag\/fc-nantes\" target=\"_blank\" rel=\"noopener\">FC Nantes<\/a> pr\u00e9cise que \u00ab\u2009le Club se r\u00e9serve <strong>le droit de ne pas accepter [l\u2019] acc\u00e8s au stade<\/strong> en cas de non-respect de cette restriction\u2009\u00bb.<\/p>\n<p class=\" wall-content\">Personnalisez votre actualit\u00e9 en ajoutant vos villes et m\u00e9dias en favori avec <a href=\"https:\/\/moncompte.actu.fr\" title=\"D\u00e9couvez Mon Actu\" rel=\"nofollow noopener\" data-trk=\"{&quot;cta&quot;:{&quot;action&quot;:&quot;https:\\\/\\\/moncompte.actu.fr&quot;,&quot;category&quot;:&quot;mon compte&quot;,&quot;from&quot;:&quot;article footer&quot;,&quot;name&quot;:&quot;Mon actu&quot;,&quot;type&quot;:&quot;cta&quot;}}\" target=\"_blank\">Mon Actu<\/a>.<\/p>\n","protected":false},"excerpt":{"rendered":"Par Cl\u00e9mence Pays Publi\u00e9 le 18 sept. 2025 \u00e0 7h06 Sans surprise, le derby Nantes-Rennes \u2013 pr\u00e9vu samedi&hellip;\n","protected":false},"author":2,"featured_media":399225,"comment_status":"","ping_status":"","sticky":false,"template":"","format":"standard","meta":{"footnotes":""},"categories":[2818],"tags":[1111,11,1777,674,462,63,1011,27,766,12,2636,25,60,3087],"class_list":{"0":"post-399224","1":"post","2":"type-post","3":"status-publish","4":"format-standard","5":"has-post-thumbnail","7":"category-nantes","8":"tag-actu","9":"tag-actualites","10":"tag-eu","11":"tag-europe","12":"tag-fc-nantes","13":"tag-football","14":"tag-fr","15":"tag-france","16":"tag-nantes","17":"tag-news","18":"tag-pays-de-la-loire","19":"tag-republique-francaise","20":"tag-sports","21":"tag-stade-rennais"},"share_on_mastodon":{"url":"https:\/\/pubeurope.com\/@fr\/115223738682302691","error":""},"_links":{"self":[{"href":"https:\/\/www.europesays.com\/fr\/wp-json\/wp\/v2\/posts\/399224","targetHints":{"allow":["GET"]}}],"collection":[{"href":"https:\/\/www.europesays.com\/fr\/wp-json\/wp\/v2\/posts"}],"about":[{"href":"https:\/\/www.europesays.com\/fr\/wp-json\/wp\/v2\/types\/post"}],"author":[{"embeddable":true,"href":"https:\/\/www.europesays.com\/fr\/wp-json\/wp\/v2\/users\/2"}],"replies":[{"embeddable":true,"href":"https:\/\/www.europesays.com\/fr\/wp-json\/wp\/v2\/comments?post=399224"}],"version-history":[{"count":0,"href":"https:\/\/www.europesays.com\/fr\/wp-json\/wp\/v2\/posts\/399224\/revisions"}],"wp:featuredmedia":[{"embeddable":true,"href":"https:\/\/www.europesays.com\/fr\/wp-json\/wp\/v2\/media\/399225"}],"wp:attachment":[{"href":"https:\/\/www.europesays.com\/fr\/wp-json\/wp\/v2\/media?parent=399224"}],"wp:term":[{"taxonomy":"category","embeddable":true,"href":"https:\/\/www.europesays.com\/fr\/wp-json\/wp\/v2\/categories?post=399224"},{"taxonomy":"post_tag","embeddable":true,"href":"https:\/\/www.europesays.com\/fr\/wp-json\/wp\/v2\/tags?post=399224"}],"curies":[{"name":"wp","href":"https:\/\/api.w.org\/{rel}","templated":true}]}}