{"id":39923,"date":"2025-04-20T22:03:23","date_gmt":"2025-04-20T22:03:23","guid":{"rendered":"https:\/\/www.europesays.com\/fr\/39923\/"},"modified":"2025-04-20T22:03:23","modified_gmt":"2025-04-20T22:03:23","slug":"les-bons-plans-max-radio-du-21-04-au-27-04","status":"publish","type":"post","link":"https:\/\/www.europesays.com\/fr\/39923\/","title":{"rendered":"Les Bons Plans Max Radio du 21\/04 au 27\/04"},"content":{"rendered":"<p>Chaque semaine, retrouvez les meilleurs bons plans de Grenoble et Chamb\u00e9ry ! <br \/>Que vous soyez \u00e0 la recherche d&rsquo;activit\u00e9s, de sorties, d&rsquo;\u00e9v\u00e9nements ou de bonnes adresses, nous vous partageons tout ce qu&rsquo;il ne faut pas manquer.<\/p>\n<p>Les Bons Plans \u00e0 Grenoble :<\/p>\n<p> <b>Rendez-vous : jusqu&rsquo;au 26 avril, de 15h \u00e0 16h30, \u00e0 l&rsquo;Office de Tourisme Grenoble Alpes.<\/b><\/p>\n<p>Venez c\u00e9l\u00e9brer P\u00e2ques \u00e0 Grenoble avec une chasse aux \u0153ufs ludique et gourmande ! Entre histoires fascinantes et activit\u00e9s amusantes, d\u00e9couvrez le printemps \u00e0 travers le temps dans une aventure chocolat\u00e9e pour toute la famille au c\u0153ur de la ville !<\/p>\n<p><a class=\"url\" href=\"https:\/\/www.grenoble-tourisme.com\/fr\/decouvrir\/evenements\/agenda\/detail\/legendes-et-chocolats-laventure-de-paques-a-grenoble-7271805\/\" target=\"_blank\" rel=\"nofollow noopener\">En savoir plus.<\/a><\/p>\n<tr>\n<td class=\"defaut\"><a href=\"https:\/\/www.radioscoop.com\/agenda\/javascript:void(0)\" onclick=\"parent.RS.diaporama.addMedia(688917) ;\" rel=\"nofollow noopener\" target=\"_blank\"><img loading=\"lazy\" decoding=\"async\" src=\"https:\/\/www.europesays.com\/fr\/wp-content\/uploads\/2025\/04\/1745186590_762_img\" width=\"427\" height=\"640\" border=\"0\" title=\"ghhcy\"\/><\/a><\/td>\n<\/tr>\n<p> <b>Rendez-vous : du 22 avril au 24 avril, de 10h \u00e0 16h, au Petit Th\u00e9\u00e2tre.<\/b><\/p>\n<p>Le Cr\u00e9arc organise un stage d&rsquo;expression th\u00e9\u00e2trale pour adolescents.<\/p>\n<p>Ce stage s&rsquo;adresse aussi bien \u00e0 des d\u00e9butants qu&rsquo;\u00e0 celles et ceux qui ont d\u00e9j\u00e0 une pratique du th\u00e9\u00e2tre. Les participants travailleront sur la d\u00e9couverte et l&rsquo;approfondissement des techniques th\u00e9\u00e2trales.<br \/>Dans cette perspective, le travail sera organis\u00e9 de mani\u00e8re ludique autour des axes suivants :<br \/>\u2022 S&rsquo;approprier et d\u00e9velopper les outils du com\u00e9dien (conscience de son corps, qualit\u00e9 de mouvement, travail de la voix)<br \/>\u2022 Construire et incarner un personnage (langage corporel, relation \u00e0 l&rsquo;espace, relation aux autres personnages, histoire personnelle).<br \/>\u2022 Eveiller et structurer son imaginaire afin de fa\u00e7onner un univers fictif<\/p>\n<p><a class=\"url\" href=\"https:\/\/www.grenoble-tourisme.com\/fr\/decouvrir\/evenements\/agenda\/detail\/stage-dexpression-theatrale-pour-adolescents-7294825\/\" target=\"_blank\" rel=\"nofollow noopener\">En savoir plus.<\/a><\/p>\n<tr>\n<td class=\"defaut\"><a href=\"https:\/\/www.radioscoop.com\/agenda\/javascript:void(0)\" onclick=\"parent.RS.diaporama.addMedia(688918) ;\" rel=\"nofollow noopener\" target=\"_blank\"><img loading=\"lazy\" decoding=\"async\" src=\"https:\/\/www.europesays.com\/fr\/wp-content\/uploads\/2025\/04\/1745186592_793_img\" width=\"640\" height=\"640\" border=\"0\" title=\"hvyu\"\/><\/a><\/td>\n<\/tr>\n<p> <b>Rendez-vous : le 24 avril, de 21h \u00e0 1h, \u00e0 L&rsquo;Amperage.<\/b><\/p>\n<p>Tu as toujours r\u00eav\u00e9 de passer derri\u00e8re les platines ? C&rsquo;est ta chance ! Une soir\u00e9e Open Platine o\u00f9 10 DJs de la sc\u00e8ne locale feront vibrer la piste avec une s\u00e9lection \u00e9clectique : techno, break, hip-hop, house, rock, reggae\u2026 Tout est permis !<\/p>\n<p>?<br \/>U ne soir\u00e9e multi-style, impr\u00e9visible et vibrante<br \/>L&rsquo;occasion de d\u00e9couvrir de nouveaux talents locaux et\/ou des artistes confirm\u00e9s<br \/>Une ambiance conviviale et immersive, fid\u00e8le \u00e0 l&rsquo;esprit Early Bird<br \/>Un \u00e9v\u00e9nement qui soutient la diversit\u00e9 musicale et les jeunes artistes<br \/>Djs, &lsquo; !<br \/>Jouez sur un vrai syst\u00e8me son de club, avec des et un set up professionnel : 2x CDJ 3000 + 2x CDJ 2000 Nexus 2 + DJM 900 Nexus 2<br \/>Partagez votre set avec vos ami\u00b7e\u00b7s, votre famille\u2026 et tout le public de L&rsquo;Amp\u00e9rage !<br \/>Nemoz sera l&rsquo;host de la soir\u00e9e pour vous accompagner<br \/>Une opportunit\u00e9 pour vous essayer devant un public !<br \/>?<br \/>Inscription sur place entre 21h et 21h30<br \/>Premier\u00b7e arriv\u00e9\u00b7e, premier\u00b7e servi\u00b7e<br \/>Tous styles accept\u00e9s<br \/>Une attention particuli\u00e8re sera port\u00e9e \u00e0 la parit\u00e9 des artistes<br \/>Slots attribu\u00e9s par ordre d&rsquo;arriv\u00e9e et par esth\u00e9tique pour une coh\u00e9rence musicale<br \/>Et toujours\u2026<br \/>D\u00e8s que vous franchissez les portes de L&rsquo;Amp\u00e9rage, plongez dans l&rsquo;univers de l&rsquo;Early Bird : une ambiance unique, des zones chill, une d\u00e9co immersive et des projections pour accompagner vos d\u00e9couvertes sonores.<\/p>\n<p>Sur place (CB &amp; Cash )<br \/>&gt; Petit rappel<br \/>\u00ab\u00a0Prix libre\u00a0\u00bb \u00e7a ne veut pas dire gratuit. Le prix libre c&rsquo;est permettre \u00e0 chacun.e de participer \u00e0 un \u00e9v\u00e9nement sans que le prix ne soit un frein.<br \/>Chacun.e donne alors ce qu&rsquo;il veut, ce qu&rsquo;il peut en fonction de son envie de supporter l&rsquo;\u00e9v\u00e9nement.<br \/>L&rsquo;argent r\u00e9colt\u00e9 permet \u00e0 la salle de l&rsquo;Amp\u00e9rage de perdurer et de mettre en place de nouveaux projets, merci pour votre soutien !<br \/>? sur la bi\u00e8re blonde, les pintes seront au prix de 4\u20ac sur toutes les soir\u00e9es EB.<\/p>\n<p><a class=\"url\" href=\"https:\/\/www.grenoble-tourisme.com\/fr\/decouvrir\/evenements\/agenda\/detail\/early-bird-open-platine-7316364\/\" target=\"_blank\" rel=\"nofollow noopener\">Je prends ma place !<\/a><\/p>\n<tr>\n<td class=\"defaut\"><a href=\"https:\/\/www.radioscoop.com\/agenda\/javascript:void(0)\" onclick=\"parent.RS.diaporama.addMedia(688919) ;\" rel=\"nofollow noopener\" target=\"_blank\"><img loading=\"lazy\" decoding=\"async\" src=\"https:\/\/www.europesays.com\/fr\/wp-content\/uploads\/2025\/04\/1745186595_542_img\" width=\"640\" height=\"345\" border=\"0\" title=\"ygug\"\/><\/a><\/td>\n<\/tr>\n<p> <b>Rendez-vous : le 26 avril, de 15h \u00e0 20h.<\/b><\/p>\n<p>Avec les inoubliables chansons de Pascal Obispo et une mise en sc\u00e8ne \u00e9poustouflante de Giuliano Peparini, cette \u0153uvre captive les spectateurs par sa musique, ses d\u00e9cors somptueux et ses performances artistiques \u00e9blouissantes.<\/p>\n<p>Chaque repr\u00e9sentation est une exp\u00e9rience immersive, transportant le public \u00e0 travers les si\u00e8cles pour revivre cette histoire intemporelle avec \u00e9motion et fascination. Port\u00e9e par une distribution talentueuse , Les 10 Commandements, l&rsquo;Envie d&rsquo;aimer offre un spectacle inoubliable, m\u00ealants moments de recueillement et de jubilation.<br \/>Les chansons embl\u00e9matiques telles que \u00ab L&rsquo;envie d&rsquo;aimer \u00bb et \u00ab Mon fr\u00e8re \u00bb, r\u00e9sonnent avec puissance, touchant les c\u0153urs. Sur sc\u00e8ne, les artistes incarnent avec passion les personnages mythiques de Mo\u00efse, Rams\u00e8s et les autres, transportant le public dans un voyage \u00e0 travers l&rsquo;histoire .<br \/>Les 10 Commandements, l&rsquo;Envie d&rsquo;aimer promet une exp\u00e9rience inoubliable. Entre moments de suspense, d&rsquo;\u00e9motion et de grandeur, ce spectacle musical brille sur sc\u00e8ne, captivant les spectateurs dans un univers o\u00f9 la foi, l&rsquo;amour et le sacrifice prennent vie de mani\u00e8re magistrale.<\/p>\n<p><a class=\"url\" href=\"https:\/\/www.grenoble-tourisme.com\/fr\/decouvrir\/evenements\/agenda\/detail\/les-10-commandements-7212956\/\" target=\"_blank\" rel=\"nofollow noopener\">Je prends ma place !<\/a><\/p>\n<tr>\n<td class=\"defaut\"><a href=\"https:\/\/www.radioscoop.com\/agenda\/javascript:void(0)\" onclick=\"parent.RS.diaporama.addMedia(688921) ;\" rel=\"nofollow noopener\" target=\"_blank\"><img loading=\"lazy\" decoding=\"async\" src=\"https:\/\/www.europesays.com\/fr\/wp-content\/uploads\/2025\/04\/1745186596_515_img\" width=\"427\" height=\"640\" border=\"0\" title=\"gvvyj\"\/><\/a><\/td>\n<\/tr>\n<p> <b>Rendez-vous : le 26 avril et 27 avril, au Complexe Sportif Vieux Melchior.<\/b><\/p>\n<p>Phase qualificative des Championnats d&rsquo;Europe d&rsquo;Ultimate Flying Disc<\/p>\n<p>24 \u00e9quipes dont 8 f\u00e9minines, viennent de toute l&rsquo;Europe, pour jouer des matchs de la phase qualificative pour les championnats d&rsquo;Europe.<br \/>Les meilleures \u00e9quipes europ\u00e9eennes, dont les championnes d&rsquo;Europe en titre, viennent en d\u00e9coudre sur des matchs de 70 minutes.<br \/>L&rsquo;ultimate Flying Disc est un sport autoarbitr\u00e9, sans contact, o\u00f9 l&rsquo;objectif est d&rsquo;attraper le disque dans la zone d&rsquo;en-but sans perdre la possession.<\/p>\n<p><a class=\"url\" href=\"https:\/\/www.grenoble-tourisme.com\/fr\/decouvrir\/evenements\/agenda\/detail\/spring-tour-2025-7310567\/\" target=\"_blank\" rel=\"nofollow noopener\">Je prends ma place !<\/a><\/p>\n<tr>\n<td class=\"defaut\"><a href=\"https:\/\/www.radioscoop.com\/agenda\/javascript:void(0)\" onclick=\"parent.RS.diaporama.addMedia(688922) ;\" rel=\"nofollow noopener\" target=\"_blank\"><img loading=\"lazy\" decoding=\"async\" src=\"https:\/\/www.europesays.com\/fr\/wp-content\/uploads\/2025\/04\/1745186597_689_img\" width=\"450\" height=\"640\" border=\"0\" title=\"cthcg\"\/><\/a><\/td>\n<\/tr>\n<p><p>Les Bons Plans \u00e0 Chamb\u00e9ry :<\/p>\n<p><\/p>\n<p> <b>Rendez-vous : jusqu&rsquo;au 25 avril, de 10h \u00e0 12h, \u00e0 la Maison des Jeunes et de la Culture de Chamb\u00e9ry.<\/b><\/p>\n<p>Venez apprendre \u00e0 faire des tours de magie !<br \/>Un atelier o\u00f9 les enfants apprendront des tours de magie simples qu&rsquo;ils pourront reproduire facilement chez eux.<br \/>Ils d\u00e9couvriront \u00e9galement les bases de la mise en sc\u00e8ne qui maximise l&rsquo;impact des tours sur les spectateurs.<\/p>\n<p><a class=\"url\" href=\"https:\/\/www.chambery.fr\/agenda\/34111\/153-stage-magie-8-11-ans.htm?periode=254895\/\" target=\"_blank\" rel=\"nofollow noopener\">Je prends ma place !<\/a><\/p>\n<tr>\n<td class=\"defaut\"><a href=\"https:\/\/www.radioscoop.com\/agenda\/javascript:void(0)\" onclick=\"parent.RS.diaporama.addMedia(688923) ;\" rel=\"nofollow noopener\" target=\"_blank\"><img loading=\"lazy\" decoding=\"async\" src=\"https:\/\/www.europesays.com\/fr\/wp-content\/uploads\/2025\/04\/1745186598_554_img\" width=\"640\" height=\"427\" border=\"0\" title=\"cdhzjvc\"\/><\/a><\/td>\n<\/tr>\n<p> <b>Rendez-vous : le 25 avril, au Phare.<\/b><\/p>\n<p>\u00c0 l&rsquo;occasion de la 25\u00e8me journ\u00e9e de Liqui Moly StarLigue, le Chamb\u00e9ry Savoie Mont Blanc Handball re\u00e7oit Cr\u00e9teil Handball, un concurrent direct au classement g\u00e9n\u00e9ral.<br \/>Evoluant en Liqui Moly StarLigue, Chamb\u00e9ry Savoie Mont Blanc Handball est le club de handball professionnel de la r\u00e9gion. Pour sa 25\u00e8me journ\u00e9e de championnat, la Team Chamb\u00e9 re\u00e7oit Cr\u00e9teil Handball. Dans cette fin de saison o\u00f9 tous les points sont bons \u00e0 prendre pour le classement g\u00e9n\u00e9ral, les Chamb\u00e9riens auront besoin de vous pour les encourager. <br \/>Venez vibrer \u00e0 nos c\u00f4t\u00e9s et donner de la voix en r\u00e9servant votre place sur le site billetterie de la Team Chamb\u00e9 <br \/>(https:\/\/billetterie.teamchambe.com\/fr\/chambery_creteil_2425)<\/p>\n<p><a class=\"url\" href=\"https:\/\/www.chambery.fr\/agenda\/34003\/153-chambery-savoie-mont-blanc-handball-vs-creteil.htm?periode=254371\/\" target=\"_blank\" rel=\"nofollow noopener\">Je prends ma place !<\/a><\/p>\n<tr>\n<td class=\"defaut\"><a href=\"https:\/\/www.radioscoop.com\/agenda\/javascript:void(0)\" onclick=\"parent.RS.diaporama.addMedia(688924) ;\" rel=\"nofollow noopener\" target=\"_blank\"><img loading=\"lazy\" decoding=\"async\" src=\"https:\/\/www.europesays.com\/fr\/wp-content\/uploads\/2025\/04\/1745186600_492_img\" width=\"482\" height=\"640\" border=\"0\" title=\"gdyjjvhg\"\/><\/a><\/td>\n<\/tr>\n<p> <b>Rendez-vous : du 22 avril au 26 avril, de 9h \u00e0 20h, dans la Ville de Chamb\u00e9ry.<\/b><\/p>\n<p>Durant cette semaine, les commerces participants offrent des r\u00e9ductions et des offres sp\u00e9ciales pour marquer l&rsquo;arriv\u00e9e du printemps et faire d\u00e9couvrir le centre-ville aux consommateurs.<br \/>En parall\u00e8le, des animations sont mises en place.<\/p>\n<p><a class=\"url\" href=\"https:\/\/www.chambery.fr\/agenda\/33985\/153-semaine-commerciale-du-printemps.htm?periode=254306\/\" target=\"_blank\" rel=\"nofollow noopener\">Je prends ma place !<\/a><\/p>\n<tr>\n<td class=\"defaut\"><a href=\"https:\/\/www.radioscoop.com\/agenda\/javascript:void(0)\" onclick=\"parent.RS.diaporama.addMedia(688925) ;\" rel=\"nofollow noopener\" target=\"_blank\"><img loading=\"lazy\" decoding=\"async\" src=\"https:\/\/www.europesays.com\/fr\/wp-content\/uploads\/2025\/04\/1745186602_903_img\" width=\"452\" height=\"640\" border=\"0\" title=\"ghvhv\"\/><\/a><\/td>\n<\/tr>\n<p> <b>Rendez-vous : les jeudis \u00e0 la patinoire du Buisson Rond.<\/b><\/p>\n<p>Tous les mardis et jeudis soirs, la patinoire de Chamb\u00e9ry organise des soir\u00e9es musicales sur des rythmes actuels. Venez patiner, glisser et danser entre amis !<\/p>\n<p><a class=\"url\" href=\"https:\/\/www.savoie-mont-blanc.com\/fiches\/soiree-light-show-a-la-patinoire-6747905\/\" target=\"_blank\" rel=\"nofollow noopener\">Je prends ma place !<\/a><\/p>\n<tr>\n<td class=\"defaut\"><a href=\"https:\/\/www.radioscoop.com\/agenda\/javascript:void(0)\" onclick=\"parent.RS.diaporama.addMedia(662135) ;\" rel=\"nofollow noopener\" target=\"_blank\"><img loading=\"lazy\" decoding=\"async\" src=\"https:\/\/www.europesays.com\/fr\/wp-content\/uploads\/2025\/04\/1745186603_352_img\" width=\"640\" height=\"427\" border=\"0\" title=\"light show\"\/><\/a><\/td>\n<\/tr>\n<p><\/p>\n","protected":false},"excerpt":{"rendered":"Chaque semaine, retrouvez les meilleurs bons plans de Grenoble et Chamb\u00e9ry ! Que vous soyez \u00e0 la recherche&hellip;\n","protected":false},"author":2,"featured_media":39924,"comment_status":"","ping_status":"","sticky":false,"template":"","format":"standard","meta":{"footnotes":""},"categories":[9566],"tags":[1111,11,2430,677,12362,1777,674,1011,27,2731,12,7518,25],"class_list":{"0":"post-39923","1":"post","2":"type-post","3":"status-publish","4":"format-standard","5":"has-post-thumbnail","7":"category-grenoble","8":"tag-actu","9":"tag-actualites","10":"tag-auvergne-rhone-alpes","11":"tag-bons-plans","12":"tag-chambry","13":"tag-eu","14":"tag-europe","15":"tag-fr","16":"tag-france","17":"tag-grenoble","18":"tag-news","19":"tag-octobre","20":"tag-republique-francaise"},"share_on_mastodon":{"url":"https:\/\/pubeurope.com\/@fr\/114372555919694735","error":""},"_links":{"self":[{"href":"https:\/\/www.europesays.com\/fr\/wp-json\/wp\/v2\/posts\/39923","targetHints":{"allow":["GET"]}}],"collection":[{"href":"https:\/\/www.europesays.com\/fr\/wp-json\/wp\/v2\/posts"}],"about":[{"href":"https:\/\/www.europesays.com\/fr\/wp-json\/wp\/v2\/types\/post"}],"author":[{"embeddable":true,"href":"https:\/\/www.europesays.com\/fr\/wp-json\/wp\/v2\/users\/2"}],"replies":[{"embeddable":true,"href":"https:\/\/www.europesays.com\/fr\/wp-json\/wp\/v2\/comments?post=39923"}],"version-history":[{"count":0,"href":"https:\/\/www.europesays.com\/fr\/wp-json\/wp\/v2\/posts\/39923\/revisions"}],"wp:featuredmedia":[{"embeddable":true,"href":"https:\/\/www.europesays.com\/fr\/wp-json\/wp\/v2\/media\/39924"}],"wp:attachment":[{"href":"https:\/\/www.europesays.com\/fr\/wp-json\/wp\/v2\/media?parent=39923"}],"wp:term":[{"taxonomy":"category","embeddable":true,"href":"https:\/\/www.europesays.com\/fr\/wp-json\/wp\/v2\/categories?post=39923"},{"taxonomy":"post_tag","embeddable":true,"href":"https:\/\/www.europesays.com\/fr\/wp-json\/wp\/v2\/tags?post=39923"}],"curies":[{"name":"wp","href":"https:\/\/api.w.org\/{rel}","templated":true}]}}