{"id":399236,"date":"2025-09-18T05:57:10","date_gmt":"2025-09-18T05:57:10","guid":{"rendered":"https:\/\/www.europesays.com\/fr\/399236\/"},"modified":"2025-09-18T05:57:10","modified_gmt":"2025-09-18T05:57:10","slug":"a-marseille-le-conseil-metropolitain-reporte-en-raison-des-greves","status":"publish","type":"post","link":"https:\/\/www.europesays.com\/fr\/399236\/","title":{"rendered":"\u00c0 Marseille, le conseil m\u00e9tropolitain report\u00e9 en raison des gr\u00e8ves"},"content":{"rendered":"<p>Ce devait \u00eatre, ce jeudi 18 septembre \u00e0 13h30, le premier conseil de la M\u00e9tropole Aix-Marseille Provence de sa pr\u00e9sidente Martine Vassal (DVD) avec son costume de candidate \u00e0 la mairie de Marseille.\u00a0Ce qui promettait, malgr\u00e9 l&rsquo;ordre du jour essentiellement technique, des d\u00e9bats serr\u00e9s entre droite et gauche, apr\u00e8s les invectives r\u00e9centes sur les r\u00e9seaux sociaux.<\/p>\n<p>Mais la s\u00e9ance a finalement \u00e9t\u00e9<a href=\"https:\/\/www.laprovence.com\/article\/region\/1976959158298614\/18-septembre-transports-corteges-ecoles-pharmacies-vers-un-jeudi-noir-en-provence\" target=\"_blank\" rel=\"noopener\"> report\u00e9e<\/a> par Martine Vassal. Officiellement, elle estime \u00ab\u00a0n\u00e9cessaire que les <a href=\"https:\/\/www.laprovence.com\/article\/politique\/1946595872052914\/18-septembre-retailleau-attend-une-mobilisation-tres-tres-forte-et-un-risque-de-convergence-des-violents\" target=\"_blank\" rel=\"noopener\">maires du territoire<\/a> puissent \u00eatre pleinement disponibles dans leurs communes pour assurer la s\u00e9curit\u00e9 et la gestion de l&rsquo;ordre public\u00a0\u00bb en ce jour de mobilisations.<\/p>\n<p>On \u00e9voquait surtout le risque de ne pas obtenir le quorum (le nombre minimal d&rsquo;\u00e9lus pour d\u00e9lib\u00e9rer valablement) \u00e0 cause des bouchons annonc\u00e9s.<\/p>\n<p>Fin juin, une s\u00e9ance avait d\u00fb \u00eatre \u00e9court\u00e9e et reprogramm\u00e9e dans la foul\u00e9e faute de conseillers en nombre suffisant dans l&rsquo;h\u00e9micycle du Pharo.<\/p>\n","protected":false},"excerpt":{"rendered":"Ce devait \u00eatre, ce jeudi 18 septembre \u00e0 13h30, le premier conseil de la M\u00e9tropole Aix-Marseille Provence de&hellip;\n","protected":false},"author":2,"featured_media":399237,"comment_status":"","ping_status":"","sticky":false,"template":"","format":"standard","meta":{"footnotes":""},"categories":[2814],"tags":[17,1111,11,7516,154,1777,674,1011,27,18677,884,52535,12,316,882,13637,17516,25],"class_list":{"0":"post-399236","1":"post","2":"type-post","3":"status-publish","4":"format-standard","5":"has-post-thumbnail","7":"category-marseille","8":"tag-17","9":"tag-actu","10":"tag-actualites","11":"tag-conseil","12":"tag-des","13":"tag-eu","14":"tag-europe","15":"tag-fr","16":"tag-france","17":"tag-greves","18":"tag-marseille","19":"tag-metropolitain","20":"tag-news","21":"tag-politique","22":"tag-provence-alpes-cote-dazur","23":"tag-raison","24":"tag-reporte","25":"tag-republique-francaise"},"share_on_mastodon":{"url":"https:\/\/pubeurope.com\/@fr\/115223766205399750","error":""},"_links":{"self":[{"href":"https:\/\/www.europesays.com\/fr\/wp-json\/wp\/v2\/posts\/399236","targetHints":{"allow":["GET"]}}],"collection":[{"href":"https:\/\/www.europesays.com\/fr\/wp-json\/wp\/v2\/posts"}],"about":[{"href":"https:\/\/www.europesays.com\/fr\/wp-json\/wp\/v2\/types\/post"}],"author":[{"embeddable":true,"href":"https:\/\/www.europesays.com\/fr\/wp-json\/wp\/v2\/users\/2"}],"replies":[{"embeddable":true,"href":"https:\/\/www.europesays.com\/fr\/wp-json\/wp\/v2\/comments?post=399236"}],"version-history":[{"count":0,"href":"https:\/\/www.europesays.com\/fr\/wp-json\/wp\/v2\/posts\/399236\/revisions"}],"wp:featuredmedia":[{"embeddable":true,"href":"https:\/\/www.europesays.com\/fr\/wp-json\/wp\/v2\/media\/399237"}],"wp:attachment":[{"href":"https:\/\/www.europesays.com\/fr\/wp-json\/wp\/v2\/media?parent=399236"}],"wp:term":[{"taxonomy":"category","embeddable":true,"href":"https:\/\/www.europesays.com\/fr\/wp-json\/wp\/v2\/categories?post=399236"},{"taxonomy":"post_tag","embeddable":true,"href":"https:\/\/www.europesays.com\/fr\/wp-json\/wp\/v2\/tags?post=399236"}],"curies":[{"name":"wp","href":"https:\/\/api.w.org\/{rel}","templated":true}]}}