{"id":399238,"date":"2025-09-18T05:58:15","date_gmt":"2025-09-18T05:58:15","guid":{"rendered":"https:\/\/www.europesays.com\/fr\/399238\/"},"modified":"2025-09-18T05:58:15","modified_gmt":"2025-09-18T05:58:15","slug":"que-faire-a-marseille-ce-week-end-du-18-19-20-et-21-septembre","status":"publish","type":"post","link":"https:\/\/www.europesays.com\/fr\/399238\/","title":{"rendered":"Que faire \u00e0 Marseille ce week-end du 18, 19, 20 et 21 septembre ?"},"content":{"rendered":"<p>Festival&#8230; Des Sciences et des Arts au Mucem\u00a0<\/p>\n<p>Pour sa 6e \u00e9dition, le Festival des Sciences et des Arts propose le th\u00e8me \u00ab\u00a0Science et croyances\u00a0\u00bb, afin de mettre en lumi\u00e8re leur dialogue, mais aussi leurs contradictions.<\/p>\n<p>Sciences et pratiques artistiques s&rsquo;entrem\u00ealent ce jeudi 18 septembre et ce vendredi 19 septembre au <a href=\"https:\/\/www.laprovence.com\/article\/festival-davignon\/6742684537464\/festival-des-sciences-et-des-arts-2025-science-et-croyances\" target=\"_blank\" rel=\"noopener\">Festival des Sciences et des Arts<\/a> au Mucem. Avec cet apr\u00e8s-midi, une s\u00e9rie de conf\u00e9rences, lectures et ateliers en lien avec l&rsquo;exposition \u00a0Lire le ciel. Sous les \u00e9toiles en M\u00e9diterran\u00e9e.<\/p>\n<p>\u00c0 14h15, une table ronde aura lieu \u00e0 la crois\u00e9e de l&rsquo;astrophysique, des arts et des sciences humaines, pour explorer nos mani\u00e8res de lire le ciel, entre croyances, savoirs et imaginaires. On pourra aussi assister\u00a0\u00e0 une lecture th\u00e9\u00e2tralis\u00e9e, en partenariat avec La Cri\u00e9e, autour de la magie et des croyances dans les campagnes par la com\u00e9dienne Clara Lama Schmit. Sans oublier une visite guid\u00e9e de l&rsquo;expo Lire le Ciel.<\/p>\n<p>Ce vendredi 19 septembre, le public pourra entre autres assister \u00e0 une carte blanche<strong> <\/strong>du Centre International des Arts du Mouvement (CIAM) avec Les impromptus-How much we carry ? qui invite \u00e0 s&rsquo;arr\u00eater, se rencontrer, autour d&rsquo;une perche g\u00e9ante, en d\u00e9s\u00e9quilibre permanent. Ou en&#8230;<\/p>\n","protected":false},"excerpt":{"rendered":"Festival&#8230; Des Sciences et des Arts au Mucem\u00a0 Pour sa 6e \u00e9dition, le Festival des Sciences et des&hellip;\n","protected":false},"author":2,"featured_media":399239,"comment_status":"","ping_status":"","sticky":false,"template":"","format":"standard","meta":{"footnotes":""},"categories":[2814],"tags":[16187,5185,17,1111,11,251,1777,674,4560,1011,27,884,12,882,746,25,395,4064],"class_list":{"0":"post-399238","1":"post","2":"type-post","3":"status-publish","4":"format-standard","5":"has-post-thumbnail","7":"category-marseille","8":"tag-16187","9":"tag-5185","10":"tag-17","11":"tag-actu","12":"tag-actualites","13":"tag-culture","14":"tag-eu","15":"tag-europe","16":"tag-faire","17":"tag-fr","18":"tag-france","19":"tag-marseille","20":"tag-news","21":"tag-provence-alpes-cote-dazur","22":"tag-que","23":"tag-republique-francaise","24":"tag-septembre","25":"tag-week-end"},"share_on_mastodon":{"url":"https:\/\/pubeurope.com\/@fr\/115223770223146998","error":""},"_links":{"self":[{"href":"https:\/\/www.europesays.com\/fr\/wp-json\/wp\/v2\/posts\/399238","targetHints":{"allow":["GET"]}}],"collection":[{"href":"https:\/\/www.europesays.com\/fr\/wp-json\/wp\/v2\/posts"}],"about":[{"href":"https:\/\/www.europesays.com\/fr\/wp-json\/wp\/v2\/types\/post"}],"author":[{"embeddable":true,"href":"https:\/\/www.europesays.com\/fr\/wp-json\/wp\/v2\/users\/2"}],"replies":[{"embeddable":true,"href":"https:\/\/www.europesays.com\/fr\/wp-json\/wp\/v2\/comments?post=399238"}],"version-history":[{"count":0,"href":"https:\/\/www.europesays.com\/fr\/wp-json\/wp\/v2\/posts\/399238\/revisions"}],"wp:featuredmedia":[{"embeddable":true,"href":"https:\/\/www.europesays.com\/fr\/wp-json\/wp\/v2\/media\/399239"}],"wp:attachment":[{"href":"https:\/\/www.europesays.com\/fr\/wp-json\/wp\/v2\/media?parent=399238"}],"wp:term":[{"taxonomy":"category","embeddable":true,"href":"https:\/\/www.europesays.com\/fr\/wp-json\/wp\/v2\/categories?post=399238"},{"taxonomy":"post_tag","embeddable":true,"href":"https:\/\/www.europesays.com\/fr\/wp-json\/wp\/v2\/tags?post=399238"}],"curies":[{"name":"wp","href":"https:\/\/api.w.org\/{rel}","templated":true}]}}