{"id":399240,"date":"2025-09-18T05:59:10","date_gmt":"2025-09-18T05:59:10","guid":{"rendered":"https:\/\/www.europesays.com\/fr\/399240\/"},"modified":"2025-09-18T05:59:10","modified_gmt":"2025-09-18T05:59:10","slug":"lyon-des-tags-antisemites-decouverts-devant-une-ecole","status":"publish","type":"post","link":"https:\/\/www.europesays.com\/fr\/399240\/","title":{"rendered":"Lyon : des tags antis\u00e9mites d\u00e9couverts devant une \u00e9cole"},"content":{"rendered":"<p>Des inscriptions antis\u00e9mites ont \u00e9t\u00e9 d\u00e9couvertes dans la nuit du 14 au 15 septembre devant une \u00e9cole situ\u00e9e dans le 8e arrondissement de Lyon.<\/p>\n<p>Une plainte a \u00e9t\u00e9 d\u00e9pos\u00e9e apr\u00e8s la d\u00e9couverte de<b> tags antis\u00e9mites<\/b> devant l&rsquo;<b>Acad\u00e9mie 2A<\/b>, situ\u00e9e avenue Rockefeller<b> <\/b>\u00e0 Lyon.\u00a0<\/p>\n<p>Les auteurs recherch\u00e9s<\/p>\n<p>Cette fois, c&rsquo;est une pr\u00e9pa sp\u00e9cialis\u00e9e dans le domaine de la sant\u00e9 qui a \u00e9t\u00e9 vis\u00e9e par des inscriptions antis\u00e9mites, d&rsquo;apr\u00e8s <a class=\"url\" href=\"https:\/\/www.leprogres.fr\/faits-divers-justice\/2025\/09\/17\/des-tags-antisemites-decouverts-devant-une-ecole-je-suis-revolte-c-est-degueulasse\" target=\"_blank\" rel=\"noopener\">Le Progr\u00e8s<\/a>.<\/p>\n<p>Une <b>enqu\u00eate <\/b>a \u00e9t\u00e9 ouverte pour identifier les auteurs de ces tags. Ils devaient \u00eatre effac\u00e9s ce mercredi 17 septembre.\u00a0<\/p>\n<p><img loading=\"lazy\" decoding=\"async\" src=\"https:\/\/www.europesays.com\/fr\/wp-content\/uploads\/2025\/09\/1758175150_51_img\" width=\"350\" height=\"200\" border=\"0\" title=\"La gr\u00c3\u00a8ve du 18 septembre touchera aussi le trafic SNCF\"\/><\/p>\n<p>\u25baSoci\u00e9t\u00e9<\/p>\n<p style=\"font-size: 22px;\"><b>[DIRECT] Mobilisation du 18 septembre : le p\u00e9riph\u00e9rique d\u00e9bloqu\u00e9<\/b><\/p>\n<p>Une grande journ\u00e9e de gr\u00e8ve et de manifestations&#8230;<\/p>\n<p><\/p>\n","protected":false},"excerpt":{"rendered":"Des inscriptions antis\u00e9mites ont \u00e9t\u00e9 d\u00e9couvertes dans la nuit du 14 au 15 septembre devant une \u00e9cole situ\u00e9e&hellip;\n","protected":false},"author":2,"featured_media":257668,"comment_status":"","ping_status":"","sticky":false,"template":"","format":"standard","meta":{"footnotes":""},"categories":[1889],"tags":[53097,1111,11,53096,2430,1777,674,1011,27,21471,2428,12,25,21890],"class_list":{"0":"post-399240","1":"post","2":"type-post","3":"status-publish","4":"format-standard","5":"has-post-thumbnail","7":"category-lyon","8":"tag-acadmie-2a","9":"tag-actu","10":"tag-actualites","11":"tag-antismites","12":"tag-auvergne-rhone-alpes","13":"tag-eu","14":"tag-europe","15":"tag-fr","16":"tag-france","17":"tag-inscriptions","18":"tag-lyon","19":"tag-news","20":"tag-republique-francaise","21":"tag-tags"},"share_on_mastodon":{"url":"https:\/\/pubeurope.com\/@fr\/115223774400025699","error":""},"_links":{"self":[{"href":"https:\/\/www.europesays.com\/fr\/wp-json\/wp\/v2\/posts\/399240","targetHints":{"allow":["GET"]}}],"collection":[{"href":"https:\/\/www.europesays.com\/fr\/wp-json\/wp\/v2\/posts"}],"about":[{"href":"https:\/\/www.europesays.com\/fr\/wp-json\/wp\/v2\/types\/post"}],"author":[{"embeddable":true,"href":"https:\/\/www.europesays.com\/fr\/wp-json\/wp\/v2\/users\/2"}],"replies":[{"embeddable":true,"href":"https:\/\/www.europesays.com\/fr\/wp-json\/wp\/v2\/comments?post=399240"}],"version-history":[{"count":0,"href":"https:\/\/www.europesays.com\/fr\/wp-json\/wp\/v2\/posts\/399240\/revisions"}],"wp:featuredmedia":[{"embeddable":true,"href":"https:\/\/www.europesays.com\/fr\/wp-json\/wp\/v2\/media\/257668"}],"wp:attachment":[{"href":"https:\/\/www.europesays.com\/fr\/wp-json\/wp\/v2\/media?parent=399240"}],"wp:term":[{"taxonomy":"category","embeddable":true,"href":"https:\/\/www.europesays.com\/fr\/wp-json\/wp\/v2\/categories?post=399240"},{"taxonomy":"post_tag","embeddable":true,"href":"https:\/\/www.europesays.com\/fr\/wp-json\/wp\/v2\/tags?post=399240"}],"curies":[{"name":"wp","href":"https:\/\/api.w.org\/{rel}","templated":true}]}}