{"id":399245,"date":"2025-09-18T06:03:10","date_gmt":"2025-09-18T06:03:10","guid":{"rendered":"https:\/\/www.europesays.com\/fr\/399245\/"},"modified":"2025-09-18T06:03:10","modified_gmt":"2025-09-18T06:03:10","slug":"un-lycee-bloque-a-paris-plusieurs-stations-de-metro-fermees","status":"publish","type":"post","link":"https:\/\/www.europesays.com\/fr\/399245\/","title":{"rendered":"un lyc\u00e9e bloqu\u00e9 \u00e0 Paris, plusieurs stations de m\u00e9tro ferm\u00e9es"},"content":{"rendered":"<p>            Par<br \/>\n        <strong><br \/>\n            <a href=\"https:\/\/actu.fr\/auteur\/julie-bossart-actu-fr\" title=\"Consulter tous les articles de Julie Bossart\" target=\"_blank\" rel=\"noopener\">Julie Bossart<\/a><br \/>\n        <\/strong><\/p>\n<p>        Publi\u00e9 le<\/p>\n<p>            18 sept. 2025 \u00e0 7h00<br \/>\n        ; mis \u00e0 jour le 18 sept. 2025 \u00e0 7h56    <\/p>\n<p>Une semaine apr\u00e8s le \u00ab\u2009galop d\u2019essai\u2009\u00bb du mouvement <a href=\"https:\/\/actu.fr\/tag\/bloquons-tout\" target=\"_blank\" rel=\"noopener\">\u00ab\u2009Bloquons tout\u2009\u00bb<\/a>, marqu\u00e9 par des <a href=\"https:\/\/actu.fr\/ile-de-france\/paris_75056\/direct-mouvement-du-10-septembre-les-perturbations-blocages-et-violences-a-paris-et-en-ile-de-france_63139928.html\" target=\"_blank\" rel=\"noopener\">actions coup de poing \u00e0 Paris<\/a>, la journ\u00e9e de gr\u00e8ve nationale de ce jeudi 18\u00a0septembre 2025 s\u2019annonce massive, et muscl\u00e9e. Pr\u00e8s de 800\u2009000\u00a0personnes, selon les autorit\u00e9s, pourraient r\u00e9pondre \u00e0 l\u2019appel de l\u2019intersyndicale (CFDT, CGT, FO, CFE-CGC, CFTC, Unsa, FSU et Solidaires) contre les <a href=\"https:\/\/actu.fr\/economie\/direct-suppression-de-jours-feries-gel-des-retraites-suivez-les-annonces-de-francois-bayrou-sur-le-budget_62912955.html\" target=\"_blank\" rel=\"noopener\">mesures budg\u00e9taires<\/a> annonc\u00e9es cet \u00e9t\u00e9 par l\u2019ex-Premier ministre, Fran\u00e7ois Bayrou. La col\u00e8re est profonde, nourrie par <a href=\"https:\/\/actu.fr\/societe\/une-spirale-du-declassement-d-ou-vient-vraiment-la-colere-de-bloquons-tout-et-des-greves-de-septembre_63167463.html\" target=\"_blank\" rel=\"noopener\">la peur d\u2019un \u00ab\u2009d\u00e9classement\u2009\u00bb<\/a>.<br \/>Alors que pr\u00e8s de 250 cort\u00e8ges ont \u00e9t\u00e9 d\u00e9clar\u00e9s un peu partout en France, \u00e0 quoi faut-il s\u2019attendre aujourd\u2019hui \u00e0 <a href=\"https:\/\/actu.fr\/paris\/\" target=\"_blank\" rel=\"noopener\">Paris<\/a> et dans sa petite couronne\u2009? actu vous fait vivre l\u2019\u00e9volution de la situation en direct, juste apr\u00e8s ce court r\u00e9cap :\u00a0<\/p>\n<p>Ce qu\u2019il faut retenir<\/p>\n<ul class=\" wall-content\">\n<li><strong>Parcours<\/strong> \u2013 La journ\u00e9e s\u2019annonce hybride, entre actions coups de poing et cort\u00e8ges plus classiques. \u00c0 Paris, syndicats et pr\u00e9fecture de Police sont tomb\u00e9s d\u2019accord sur une heure de d\u00e9part, 14 heures, et un trajet \u00ab\u00a0officiel\u00a0\u00bb d\u00e9marrant place de la Bastille pour rejoindre celle de Nation. La carte est \u00e0 retrouver<a href=\"https:\/\/actu.fr\/ile-de-france\/paris_75056\/greve-du-18-septembre-a-paris-le-parcours-et-l-heure-de-depart-de-la-manifestation-detailles_63173739.html\" target=\"_blank\" rel=\"noopener\"> ici<\/a>.<\/li>\n<li><strong>Perturbations<\/strong> \u2013 La gr\u00e8ve sera fortement suivie dans les transports en commun, RATP et SNCF ayant annonc\u00e9 un <a href=\"https:\/\/actu.fr\/societe\/greve-du-18-septembre-dans-les-transports-jeudi-noir-redoute-dans-les-trains-bus-metros-ce-qui-nous-attend_63163738.html\" target=\"_blank\" rel=\"noopener\">\u00ab\u2009jeudi noir\u2009\u00bb<\/a>. Voici, ligne par ligne, les <a href=\"https:\/\/actu.fr\/ile-de-france\/paris_75056\/greve-ratp-et-sncf-du-18-septembre-ligne-par-ligne-quels-metro-rer-ou-train-circuleront-en-ile-de-france_63170000.html\" target=\"_blank\" rel=\"noopener\">perturbations pr\u00e9vues<\/a>. D\u2019autres secteurs vont se mobiliser, comme <a href=\"https:\/\/actu.fr\/ile-de-france\/paris_75056\/transports-ecoles-pharmacies-toutes-les-perturbations-a-paris-pour-la-greve-du-18-septembre_63174918.html\" target=\"_blank\" rel=\"noopener\">les \u00e9coles ou encore les pharmacies<\/a>.<\/li>\n<li><strong>S\u00e9curit\u00e9<\/strong> \u2013 Les autorit\u00e9s nationales et locales sont sur les charbons ardents face aux risques de \u00ab\u2009bloqueurs, de sabotage, de groupuscules d\u2019ultragauche qui <a href=\"https:\/\/actu.fr\/societe\/greve-du-18-septembre-80-000-policiers-et-gendarmes-24-blindes-centaures-un-dispositif-exceptionnel-deploye_63171655.html\" target=\"_blank\" rel=\"noopener\">veulent casser et qui sont des ultraviolents<\/a>\u2009\u00bb. Le pr\u00e9fet de Police de Paris, <a href=\"https:\/\/actu.fr\/tag\/laurent-nunez\" target=\"_blank\" rel=\"noopener\">Laurent Nu\u00f1ez<\/a>, s\u2019est dit \u00ab\u2009tr\u00e8s inquiet\u2009\u00bb de la pr\u00e9sence d\u2019un millier de radicaux dans le cort\u00e8ge qui pourrait rassembler entre 50 000 et 100 000 manifestants. \u00ab\u2009Compte tenu des messages anticonsommation v\u00e9hicul\u00e9s\u2009\u00bb, il a \u00e9t\u00e9 conseill\u00e9 \u00e0 des march\u00e9s et commer\u00e7ants de \u00ab\u2009relever leur niveau de protection\u2009\u00bb.<\/li>\n<\/ul>\n<p>Bienvenue dans notre live tenu par Sarah, In\u00e8s et la r\u00e9daction d\u2019actu Paris7h30. Journ\u00e9e noire dans les transports<\/p>\n<p class=\" wall-content\">Afin de faciliter vos d\u00e9placements, voici <a href=\"https:\/\/actu.fr\/ile-de-france\/paris_75056\/stations-de-metro-fermees-trafic-tres-perturbe-le-detail-de-la-greve-sncf-et-ratp-du-18-septembre-a-paris_63176333.html\" target=\"_blank\" rel=\"noopener\">le d\u00e9tail, ligne par ligne<\/a>, des perturbations pr\u00e9vues dans le m\u00e9tro, le RER, les bus, le tramway et le Transilien.<\/p>\n<p>7h04. Un lyc\u00e9e parisien d\u00e9j\u00e0 bloqu\u00e9, la d\u00e9put\u00e9e du 20\u00e8me sur place<\/p>\n<p class=\" wall-content\">Les lyc\u00e9ens sont d\u00e9j\u00e0 mobilis\u00e9s devant l\u2019\u00e9tablissement Maurice-Ravel, dans le 20\u1d49 arrondissement de Paris. Perch\u00e9s sur des poubelles, certains \u00e9l\u00e8ves, masque chirurgical sur le visage, brandissent des pancartes : \u00ab Bloque ton lyc\u00e9e contre l\u2019aust\u00e9rit\u00e9 \u00bb. La police est sur place. Sur place, des t\u00e9moins \u00e9voquent des tirs de LBD et de gaz lacrymog\u00e8nes. Le caf\u00e9 L\u2019Europe, situ\u00e9 juste \u00e0 c\u00f4t\u00e9 du lyc\u00e9e, a rang\u00e9 sa terrasse.<\/p>\n<p class=\" wall-content\">Danielle Simonnet, <a href=\"https:\/\/actu.fr\/ile-de-france\/paris_75056\/legislatives-2024-a-paris-la-dissidente-danielle-simonnet-annonce-sa-reelection-dans-la-15e-circonscription_61310063.html\" target=\"_blank\" rel=\"noopener\">d\u00e9put\u00e9e \u00e9cologiste du 20\u1d49<\/a>, s\u2019est rendue sur place. Elle \u00e9tait, quelques minutes plus t\u00f4t, du c\u00f4t\u00e9 du blocage du d\u00e9p\u00f4t de bus de la <a href=\"https:\/\/actu.fr\/tag\/ratp\" target=\"_blank\" rel=\"noopener\">RATP<\/a>, rue Lagny.<\/p>\n<p class=\" wall-content\">\n<p>6h13. \u00c0 Paris, le d\u00e9p\u00f4t de bus RATP Paris-Est \u2013 Lagny est bloqu\u00e9<\/p>\n<p class=\" wall-content\">Depuis l\u2019aube, plusieurs gr\u00e9vistes bloquent le d\u00e9p\u00f4t de bus de la RATP situ\u00e9 rue de Lagny, dans le 20\u1d49 arrondissement de Paris. Les forces de l\u2019ordre sont en train d\u2019intervenir pour tenter de mettre fin au blocage.<\/p>\n<p class=\" wall-content\">\n<p>6h00. \u00c0 Paris, plusieurs stations de m\u00e9tro sont ferm\u00e9es sur ordre de la pr\u00e9fecture de police<\/p>\n<p class=\" wall-content\">Les stations de m\u00e9tro suivantes sont ferm\u00e9es ce jeudi 18 septembre 2025 : Bastille, Concorde, Invalides, Op\u00e9ra, Place de Clichy, R\u00e9publique, S\u00e8vres-Babylone, Trocad\u00e9ro, Villiers. Les correspondances ne seront pas assur\u00e9es. Une mesure de s\u00e9curit\u00e9 demand\u00e9e par la <a href=\"https:\/\/actu.fr\/tag\/prefecture-de-police-de-paris\" target=\"_blank\" rel=\"noopener\">pr\u00e9fecture de police<\/a>.\u00a0<\/p>\n<p class=\" wall-content\">\n<p class=\" wall-content\">Personnalisez votre actualit\u00e9 en ajoutant vos villes et m\u00e9dias en favori avec <a href=\"https:\/\/moncompte.actu.fr\" title=\"D\u00e9couvez Mon Actu\" rel=\"nofollow noopener\" data-trk=\"{&quot;cta&quot;:{&quot;action&quot;:&quot;https:\\\/\\\/moncompte.actu.fr&quot;,&quot;category&quot;:&quot;mon compte&quot;,&quot;from&quot;:&quot;article footer&quot;,&quot;name&quot;:&quot;Mon actu&quot;,&quot;type&quot;:&quot;cta&quot;}}\" target=\"_blank\">Mon Actu<\/a>.<\/p>\n","protected":false},"excerpt":{"rendered":"Par Julie Bossart Publi\u00e9 le 18 sept. 2025 \u00e0 7h00 ; mis \u00e0 jour le 18 sept. 2025&hellip;\n","protected":false},"author":2,"featured_media":399246,"comment_status":"","ping_status":"","sticky":false,"template":"","format":"standard","meta":{"footnotes":""},"categories":[1888],"tags":[1111,1928,11,1927,1003,1777,674,1011,27,52713,1272,12,1926,626,1925,25,104],"class_list":{"0":"post-399245","1":"post","2":"type-post","3":"status-publish","4":"format-standard","5":"has-post-thumbnail","7":"category-paris","8":"tag-actu","9":"tag-actu-paris","10":"tag-actualites","11":"tag-actualites-paris","12":"tag-budget","13":"tag-eu","14":"tag-europe","15":"tag-fr","16":"tag-france","17":"tag-greve-du-18-septembre","18":"tag-manifestations","19":"tag-news","20":"tag-news-paris","21":"tag-paris","22":"tag-paris-news","23":"tag-republique-francaise","24":"tag-societe"},"share_on_mastodon":{"url":"https:\/\/pubeurope.com\/@fr\/115223789810541803","error":""},"_links":{"self":[{"href":"https:\/\/www.europesays.com\/fr\/wp-json\/wp\/v2\/posts\/399245","targetHints":{"allow":["GET"]}}],"collection":[{"href":"https:\/\/www.europesays.com\/fr\/wp-json\/wp\/v2\/posts"}],"about":[{"href":"https:\/\/www.europesays.com\/fr\/wp-json\/wp\/v2\/types\/post"}],"author":[{"embeddable":true,"href":"https:\/\/www.europesays.com\/fr\/wp-json\/wp\/v2\/users\/2"}],"replies":[{"embeddable":true,"href":"https:\/\/www.europesays.com\/fr\/wp-json\/wp\/v2\/comments?post=399245"}],"version-history":[{"count":0,"href":"https:\/\/www.europesays.com\/fr\/wp-json\/wp\/v2\/posts\/399245\/revisions"}],"wp:featuredmedia":[{"embeddable":true,"href":"https:\/\/www.europesays.com\/fr\/wp-json\/wp\/v2\/media\/399246"}],"wp:attachment":[{"href":"https:\/\/www.europesays.com\/fr\/wp-json\/wp\/v2\/media?parent=399245"}],"wp:term":[{"taxonomy":"category","embeddable":true,"href":"https:\/\/www.europesays.com\/fr\/wp-json\/wp\/v2\/categories?post=399245"},{"taxonomy":"post_tag","embeddable":true,"href":"https:\/\/www.europesays.com\/fr\/wp-json\/wp\/v2\/tags?post=399245"}],"curies":[{"name":"wp","href":"https:\/\/api.w.org\/{rel}","templated":true}]}}