{"id":399251,"date":"2025-09-18T06:06:21","date_gmt":"2025-09-18T06:06:21","guid":{"rendered":"https:\/\/www.europesays.com\/fr\/399251\/"},"modified":"2025-09-18T06:06:21","modified_gmt":"2025-09-18T06:06:21","slug":"austria-vienne-paris-fc-a-quelle-heure-sur-quelle-chaine-tv-voir-le-barrage-retour-de-ligue-des-champions","status":"publish","type":"post","link":"https:\/\/www.europesays.com\/fr\/399251\/","title":{"rendered":"Austria Vienne-Paris FC\u00a0: \u00e0 quelle heure, sur quelle cha\u00eene TV voir le barrage retour de Ligue des champions\u00a0?"},"content":{"rendered":"<p class=\"paragraph text_align_left lp-f-body-02\">Il faudra faire mieux pour voir un troisi\u00e8me club fran\u00e7ais engag\u00e9 en <a href=\"https:\/\/www.leparisien.fr\/sports\/football\/ligue-des-champions\/\" target=\"_blank\" rel=\"noreferrer nofollow noopener\">Ligue des champions<\/a> f\u00e9minine. Apr\u00e8s s\u2019\u00eatre quitt\u00e9s <a href=\"https:\/\/www.leparisien.fr\/sports\/football\/paris-fc\/paris-fc-austria-vienne-0-0-les-parisiennes-accrochees-en-barrage-aller-de-ligue-des-champions-11-09-2025-MGMXDCLA2JH6BPVQIWXG5MGCHM.php\" target=\"_blank\" rel=\"noreferrer nofollow noopener\">sur un score nul et vierge<\/a> au stade Jean-Bouin la semaine derni\u00e8re, le <a href=\"https:\/\/www.leparisien.fr\/sports\/football\/paris-fc\/\" target=\"_blank\" rel=\"noreferrer nofollow noopener\">Paris FC<\/a> et l\u2019Austria Vienne se retrouvent en Autriche pour le match retour de leur barrage de la C1. L\u2019ann\u00e9e pass\u00e9e, le PFC s\u2019\u00e9tait arr\u00eat\u00e9 \u00e0 ce stade de la comp\u00e9tition, stopp\u00e9 net par Manchester City (8-0 score cumul\u00e9).<\/p>\n<p class=\"paragraph text_align_left lp-f-body-02\">Apr\u00e8s avoir lanc\u00e9 leur saison sur une victoire contre Dijon samedi (2-0), les Parisiennes ont l\u2019occasion de rejoindre le Paris Saint-Germain et l\u2019OL et de retrouver la phase de groupes de la <a href=\"https:\/\/www.leparisien.fr\/sports\/football\/ligue-des-champions\/\" target=\"_blank\" rel=\"noreferrer nofollow noopener\">Ligue des champions<\/a>, deux ans apr\u00e8s leur unique participation.<\/p>\n<p class=\"paragraph text_align_left lp-f-body-02\"><b>Le coup d\u2019envoi du barrage retour de la Ligue des champions f\u00e9minine entre l\u2019Austria Vienne et le Paris FC f\u00e9minin est pr\u00e9vu ce jeudi 18 septembre, \u00e0 19h45. La rencontre sera \u00e0 suivre en direct sur la cha\u00eene YouTube du PFC.<\/b><\/p>\n","protected":false},"excerpt":{"rendered":"Il faudra faire mieux pour voir un troisi\u00e8me club fran\u00e7ais engag\u00e9 en Ligue des champions f\u00e9minine. Apr\u00e8s s\u2019\u00eatre&hellip;\n","protected":false},"author":2,"featured_media":399252,"comment_status":"","ping_status":"","sticky":false,"template":"","format":"standard","meta":{"footnotes":""},"categories":[1888],"tags":[11,1777,674,63,1011,27,447,12,626,25,60],"class_list":{"0":"post-399251","1":"post","2":"type-post","3":"status-publish","4":"format-standard","5":"has-post-thumbnail","7":"category-paris","8":"tag-actualites","9":"tag-eu","10":"tag-europe","11":"tag-football","12":"tag-fr","13":"tag-france","14":"tag-ligue-des-champions","15":"tag-news","16":"tag-paris","17":"tag-republique-francaise","18":"tag-sports"},"share_on_mastodon":{"url":"https:\/\/pubeurope.com\/@fr\/115223801537683949","error":""},"_links":{"self":[{"href":"https:\/\/www.europesays.com\/fr\/wp-json\/wp\/v2\/posts\/399251","targetHints":{"allow":["GET"]}}],"collection":[{"href":"https:\/\/www.europesays.com\/fr\/wp-json\/wp\/v2\/posts"}],"about":[{"href":"https:\/\/www.europesays.com\/fr\/wp-json\/wp\/v2\/types\/post"}],"author":[{"embeddable":true,"href":"https:\/\/www.europesays.com\/fr\/wp-json\/wp\/v2\/users\/2"}],"replies":[{"embeddable":true,"href":"https:\/\/www.europesays.com\/fr\/wp-json\/wp\/v2\/comments?post=399251"}],"version-history":[{"count":0,"href":"https:\/\/www.europesays.com\/fr\/wp-json\/wp\/v2\/posts\/399251\/revisions"}],"wp:featuredmedia":[{"embeddable":true,"href":"https:\/\/www.europesays.com\/fr\/wp-json\/wp\/v2\/media\/399252"}],"wp:attachment":[{"href":"https:\/\/www.europesays.com\/fr\/wp-json\/wp\/v2\/media?parent=399251"}],"wp:term":[{"taxonomy":"category","embeddable":true,"href":"https:\/\/www.europesays.com\/fr\/wp-json\/wp\/v2\/categories?post=399251"},{"taxonomy":"post_tag","embeddable":true,"href":"https:\/\/www.europesays.com\/fr\/wp-json\/wp\/v2\/tags?post=399251"}],"curies":[{"name":"wp","href":"https:\/\/api.w.org\/{rel}","templated":true}]}}