{"id":399253,"date":"2025-09-18T06:08:11","date_gmt":"2025-09-18T06:08:11","guid":{"rendered":"https:\/\/www.europesays.com\/fr\/399253\/"},"modified":"2025-09-18T06:08:11","modified_gmt":"2025-09-18T06:08:11","slug":"vos-colis-venus-de-chine-vont-ils-etre-retardes-comment-les-tensions-russie-pologne-bloquent-une-route-commerciale-majeure","status":"publish","type":"post","link":"https:\/\/www.europesays.com\/fr\/399253\/","title":{"rendered":"Vos colis venus de Chine vont-ils \u00eatre retard\u00e9s ? Comment les tensions Russie-Pologne bloquent une route commerciale majeure"},"content":{"rendered":"<p class=\"article-p mdl\">C\u2019est une cons\u00e9quence tout \u00e0 fait inattendue des tensions entre la Pologne et la Russie : la fermeture d\u2019une route commerciale essentielle entre la Chine et l\u2019Europe, une ligne de train. Pour raison de s\u00e9curit\u00e9, Varsovie a d\u00e9cid\u00e9 de fermer ses fronti\u00e8res avec la Bi\u00e9lorussie, alli\u00e9e de Moscou. D\u00e9cision qui fait suite aux incursions de drones en Pologne, et aux man\u0153uvres militaires conjointes entre la Bi\u00e9lorussie et Moscou. Du coup, les gigantesques trains en provenance de Chine sont <strong>bloqu\u00e9s en Bi\u00e9lorussie pour une dur\u00e9e ind\u00e9termin\u00e9e<\/strong>, et ne peuvent traverser la Pologne pour rejoindre l\u2019Europe occidentale o\u00f9 les clients attendent.<br \/>\u00a0<br \/>Car il y a bien une ligne de train entre la Chine et l\u2019Europe. Des trains qui chargent plus de 100 containers chacun, charg\u00e9s de produits Shein ou Temu, les sites de vente de v\u00eatements, de produits \u00e9lectroniques, de machines outil, y compris des produits fabriqu\u00e9s par les Occidentaux en Chine et r\u00e9export\u00e9s. Le trafic est en plein essor, parce que le train, s\u2019il est sensiblement plus cher que le bateau \u2013 10 \u00e0 12.000 euros le container \u2013\u00a0 est aussi beaucoup plus rapide. Une vingtaine de jours seulement pour parcourir les plus de 10.000 kilom\u00e8tres, contre au moins le double par la mer.<br \/>\u00a0<br \/>Cette ligne part des grandes m\u00e9tropoles de la Chine orientale, traverse le Xinjiang, la Chine musulmane, puis le Kazakhstan, puis la Russie, la Bi\u00e9lorussie, la Pologne, l\u2019Allemagne. C\u2019est l\u2019une des art\u00e8res de la fameuse route de la Soie chinoise, ce r\u00e9seau de liaisons plan\u00e9taires que la Chine cherche \u00e0 mettre en place. Et c\u2019est, depuis deux jours, une nouvelle art\u00e8re commerciale vitale bloqu\u00e9e pour des raisons g\u00e9opolitiques.<\/p>\n<p>            \u00ab\u00a0La Terre n&rsquo;est plus plate\u00a0\u00bb<\/p>\n<p class=\"article-p mdl\">D&rsquo;autres axes sont en effet r\u00e9guli\u00e8rement bloqu\u00e9s. Les attaques de Houtis, ces rebelles y\u00e9m\u00e9nites arm\u00e9s par l\u2019Iran, ont ralenti consid\u00e9rablement le transit des navires en mer Rouge, l\u00e0 encore un point de passage critique entre l\u2019Asie et l\u2019Europe. Il y a six mois, on se souvient du quasi-arr\u00eat du gigantesque trafic maritime sur le Pacifique entre la Chine et les \u00c9tats-Unis, \u00e0 cause des d\u00e9cisions de Trump. Le trafic n\u2019a pas retrouv\u00e9 ses niveaux ant\u00e9rieurs.<\/p>\n<p class=\"article-p mdl\">Du temps de la mondialisation sans entrave, jamais ces crises ne se seraient produites. \u00c0 l\u2019\u00e9poque, la Terre \u00e9tait plate, le risque n\u2019existait quasiment pas, rien ne freinait le commerce international. C\u2019est fini. La mont\u00e9e des tensions politiques et militaires entre les grands blocs est en train de fragmenter l\u2019\u00e9conomie mondiale, sous nos yeux. C\u2019est d\u00e9sormais la g\u00e9opolitique qui impose sa loi au commerce. Et, j\u2019allais dire, c\u2019est le monde normal, au regard de l\u2019histoire. Un monde que nous retrouvons apr\u00e8s une parenth\u00e8se de trente ans comme il en arrive une par si\u00e8cle. Il va falloir s\u2019habituer \u00e0 ce que la Terre ne soit plus plate.<\/p>\n<p>    La r\u00e9daction vous recommande<\/p>\n<p class=\"s-newsletter__title\">\n                L\u2019actualit\u00e9 par la r\u00e9daction de RTL dans votre bo\u00eete mail.\n            <\/p>\n<p class=\"s-newsletter__subtitle\">\n                Gr\u00e2ce \u00e0 votre compte RTL abonnez-vous \u00e0 la newsletter RTL info pour suivre toute l&rsquo;actualit\u00e9 au quotidien\n            <\/p>\n<p>\n                                    Lire la suite\n                                <\/p>\n","protected":false},"excerpt":{"rendered":"C\u2019est une cons\u00e9quence tout \u00e0 fait inattendue des tensions entre la Pologne et la Russie : la fermeture&hellip;\n","protected":false},"author":2,"featured_media":399254,"comment_status":"","ping_status":"","sticky":false,"template":"","format":"standard","meta":{"footnotes":""},"categories":[1591],"tags":[11,309,215,33,1887,107,131,12,2437,1885,1886,132,364],"class_list":{"0":"post-399253","1":"post","2":"type-post","3":"status-publish","4":"format-standard","5":"has-post-thumbnail","7":"category-russie","8":"tag-actualites","9":"tag-chine","10":"tag-commerce","11":"tag-economie","12":"tag-federation-de-russie","13":"tag-fil-info","14":"tag-guerre-en-ukraine","15":"tag-news","16":"tag-pologne","17":"tag-russia","18":"tag-russian-federation","19":"tag-russie","20":"tag-union-europeenne"},"share_on_mastodon":{"url":"https:\/\/pubeurope.com\/@fr\/115223809423126935","error":""},"_links":{"self":[{"href":"https:\/\/www.europesays.com\/fr\/wp-json\/wp\/v2\/posts\/399253","targetHints":{"allow":["GET"]}}],"collection":[{"href":"https:\/\/www.europesays.com\/fr\/wp-json\/wp\/v2\/posts"}],"about":[{"href":"https:\/\/www.europesays.com\/fr\/wp-json\/wp\/v2\/types\/post"}],"author":[{"embeddable":true,"href":"https:\/\/www.europesays.com\/fr\/wp-json\/wp\/v2\/users\/2"}],"replies":[{"embeddable":true,"href":"https:\/\/www.europesays.com\/fr\/wp-json\/wp\/v2\/comments?post=399253"}],"version-history":[{"count":0,"href":"https:\/\/www.europesays.com\/fr\/wp-json\/wp\/v2\/posts\/399253\/revisions"}],"wp:featuredmedia":[{"embeddable":true,"href":"https:\/\/www.europesays.com\/fr\/wp-json\/wp\/v2\/media\/399254"}],"wp:attachment":[{"href":"https:\/\/www.europesays.com\/fr\/wp-json\/wp\/v2\/media?parent=399253"}],"wp:term":[{"taxonomy":"category","embeddable":true,"href":"https:\/\/www.europesays.com\/fr\/wp-json\/wp\/v2\/categories?post=399253"},{"taxonomy":"post_tag","embeddable":true,"href":"https:\/\/www.europesays.com\/fr\/wp-json\/wp\/v2\/tags?post=399253"}],"curies":[{"name":"wp","href":"https:\/\/api.w.org\/{rel}","templated":true}]}}