{"id":399255,"date":"2025-09-18T06:09:10","date_gmt":"2025-09-18T06:09:10","guid":{"rendered":"https:\/\/www.europesays.com\/fr\/399255\/"},"modified":"2025-09-18T06:09:10","modified_gmt":"2025-09-18T06:09:10","slug":"face-a-la-russie-le-danemark-se-renforce-militairement","status":"publish","type":"post","link":"https:\/\/www.europesays.com\/fr\/399255\/","title":{"rendered":"Face \u00e0 la Russie, le Danemark se renforce militairement\u2026"},"content":{"rendered":"<p>L\u2019ambassadeur russe au Danemark furieux<\/p>\n<p>L\u2019ambassadeur russe au Danemark, Vladimir Barbin, a qualifi\u00e9 de \u00ab\u00a0pure folie\u00a0\u00bb la justification danoise selon laquelle il est n\u00e9cessaire de pouvoir frapper des cibles lointaines. \u00ab\u00a0Personne, nulle part, jamais dans le monde, n\u2019a envisag\u00e9 de menacer publiquement une puissance nucl\u00e9aire. Ces d\u00e9clarations seront sans aucun doute prises en compte\u00a0\u00bb, a-t-il d\u00e9clar\u00e9 sur Telegram.<\/p>\n<p>\u00ab\u00a0A partir de maintenant, nous devons partir du principe que le Danemark n\u2019envisage pas seulement la possibilit\u00e9 d\u2019une confrontation militaire directe avec la Russie, mais se pr\u00e9pare \u00e9galement \u00e0 un tel sc\u00e9nario\u00a0\u00bb, a-t-il ajout\u00e9.<\/p>\n<p>Face \u00e0 la Russie, le Danemark se renforce militairement<\/p>\n<p>Le gouvernement danois a annonc\u00e9 mercredi qu\u2019il allait acheter pour la premi\u00e8re fois des armes de pr\u00e9cision \u00e0 longue port\u00e9e pour renforcer sa dissuasion. \u00ab\u00a0La Russie va \u00eatre une menace pour le Danemark et l\u2019Europe pendant de nombreuses ann\u00e9es\u00a0\u00bb, a justifi\u00e9 la Premi\u00e8re ministre, Mette Frederiksen.<\/p>\n<p>Copenhague va notamment acheter des drones et des missiles, que certains de ses alli\u00e9s dans l\u2019Otan \u00ab\u00a0poss\u00e8dent ou sont en train d\u2019acqu\u00e9rir\u00a0\u00bb, a pr\u00e9cis\u00e9 le ministre de la D\u00e9fense, Troels Lund Poulsen. Le type d\u2019armes n\u2019a pas encore \u00e9t\u00e9 d\u00e9termin\u00e9. \u00ab\u00a0Gr\u00e2ce \u00e0 ces armes, la d\u00e9fense pourra atteindre des cibles \u00e0 grande distance et, par exemple, neutraliser les menaces de missiles ennemis\u00a0\u00bb, a ajout\u00e9 la cheffe du gouvernement.<\/p>\n<p>Bienvenue dans ce nouveau Live<\/p>\n<p>Bonjour \u00e0 toutes et \u00e0 tous. Comme chaque jour, la r\u00e9daction de 20 Minutes est mobilis\u00e9e pour vous donner l\u2019ensemble des informations sur le conflit entre Kiev et Moscou.<\/p>\n<p>Ce jeudi, Donald Trump poursuit sa visite d\u2019Etat au Royaume-Uni. Hier, le roi Charles III a salu\u00e9 l&rsquo;\u00ab\u00a0engagement personnel\u00a0\u00bb du pr\u00e9sident am\u00e9ricain pour tenter de mettre fin aux conflits dans le monde. La guerre en Ukraine et l\u2019attitude \u00e0 adopter vis-\u00e0-vis de Vladimir Poutine devraient \u00eatre aujourd\u2019hui au menu des discussions avec le Premier ministre Keir Starmer.<\/p>\n","protected":false},"excerpt":{"rendered":"L\u2019ambassadeur russe au Danemark furieux L\u2019ambassadeur russe au Danemark, Vladimir Barbin, a qualifi\u00e9 de \u00ab\u00a0pure folie\u00a0\u00bb la justification&hellip;\n","protected":false},"author":2,"featured_media":399256,"comment_status":"","ping_status":"","sticky":false,"template":"","format":"standard","meta":{"footnotes":""},"categories":[1590],"tags":[47,11,75,73,1777,674,131,74,12,136,132,220,133,135,134],"class_list":{"0":"post-399255","1":"post","2":"type-post","3":"status-publish","4":"format-standard","5":"has-post-thumbnail","7":"category-ukraine","8":"tag-actualite","9":"tag-actualites","10":"tag-donald-trump","11":"tag-etats-unis","12":"tag-eu","13":"tag-europe","14":"tag-guerre-en-ukraine","15":"tag-monde","16":"tag-news","17":"tag-otan","18":"tag-russie","19":"tag-ukraine","20":"tag-video","21":"tag-vladimir-poutine","22":"tag-volodymyr-zelensky"},"share_on_mastodon":{"url":"https:\/\/pubeurope.com\/@fr\/115223813446133031","error":""},"_links":{"self":[{"href":"https:\/\/www.europesays.com\/fr\/wp-json\/wp\/v2\/posts\/399255","targetHints":{"allow":["GET"]}}],"collection":[{"href":"https:\/\/www.europesays.com\/fr\/wp-json\/wp\/v2\/posts"}],"about":[{"href":"https:\/\/www.europesays.com\/fr\/wp-json\/wp\/v2\/types\/post"}],"author":[{"embeddable":true,"href":"https:\/\/www.europesays.com\/fr\/wp-json\/wp\/v2\/users\/2"}],"replies":[{"embeddable":true,"href":"https:\/\/www.europesays.com\/fr\/wp-json\/wp\/v2\/comments?post=399255"}],"version-history":[{"count":0,"href":"https:\/\/www.europesays.com\/fr\/wp-json\/wp\/v2\/posts\/399255\/revisions"}],"wp:featuredmedia":[{"embeddable":true,"href":"https:\/\/www.europesays.com\/fr\/wp-json\/wp\/v2\/media\/399256"}],"wp:attachment":[{"href":"https:\/\/www.europesays.com\/fr\/wp-json\/wp\/v2\/media?parent=399255"}],"wp:term":[{"taxonomy":"category","embeddable":true,"href":"https:\/\/www.europesays.com\/fr\/wp-json\/wp\/v2\/categories?post=399255"},{"taxonomy":"post_tag","embeddable":true,"href":"https:\/\/www.europesays.com\/fr\/wp-json\/wp\/v2\/tags?post=399255"}],"curies":[{"name":"wp","href":"https:\/\/api.w.org\/{rel}","templated":true}]}}